{"id":57583,"date":"2018-03-09T22:45:24","date_gmt":"2018-03-09T22:45:24","guid":{"rendered":"https:\/\/www.deberes.net\/tesis\/sin-categoria\/evaluacion-participativa-y-responsabilidad-en-educacion-fa%c2%adsica\/"},"modified":"2018-03-09T22:45:24","modified_gmt":"2018-03-09T22:45:24","slug":"evaluacion-participativa-y-responsabilidad-en-educacion-fa%c2%adsica","status":"publish","type":"post","link":"https:\/\/www.deberes.net\/tesis\/evaluacion-de-alumnos\/evaluacion-participativa-y-responsabilidad-en-educacion-fa%c2%adsica\/","title":{"rendered":"Evaluaci\u00f3n participativa y responsabilidad en educaci\u00f3n f\u00edsica"},"content":{"rendered":"<h2>Tesis doctoral de <strong> Jos\u00e9 Antonio Vera Lac\u00e1rcel <\/strong><\/h2>\n<p>La tesis indaga en los procedimientos utilizados en los centros escolares para abordar la evaluaci\u00f3n de los alumnos en el \u00e1rea de  educaci\u00f3n f\u00edsica. Despu\u00e9s de una revisi\u00f3n te\u00f3rica donde se plantean las diferentes caracter\u00edsitcas que definen una evaluaci\u00f3n como formaci\u00f3n y otra abordada exclusivamente desde el proceso de instrucci\u00f3n, se analiza la percepci\u00f3n de responsabilidad que cada planteamiento produce en los alumnos. Para ello, se realiz\u00f3 un estudio descriptivo con la intenci\u00f3n de crear un instrumento que nos permitiera obtener informaci\u00f3n sobre la importancia que ten\u00eda en los alumnos la percepci\u00f3n de responsabilidad. Igualmente utilizamos dicho estudio para validar el instrumento de autopercepciones f\u00edsicas. el segundo estudio de la tesis consisti\u00f3 en un estudio experimental con dos grupos experimentales y dos grupos control, donde se aplicaron dos metodolog\u00edas distintas para abordar la evaluaci\u00f3n de los alumnos en el aula de educaci\u00f3n f\u00edsica en el ultimo curso de educaci\u00f3n primaria. En el an\u00e1lisis de los m\u00e9todos utilizamos diferentes variables para observar el comportamiento de los grupos durante un curso escolar. Estas variables fueron  el valor a la responsabilidad concedida, la percepci\u00f3n de un papel participativo en el aula para el desarrollo de la evaluaci\u00f3n,  las orientaciones y climas motivacionales que percib\u00edan los alumnos, la percepci\u00f3n de autoconcepto f\u00edsico, la igualdad de trato y discriminaci\u00f3n, las actitudes que mostraban los alumnos hacia la actividad f\u00edsica relacionada con la salud, y las razones y estrategias utilizadas por maestros y alumnos para mantener la disciplina en clase. el an\u00e1lisis de estas variables se realiz\u00f3 mediante la utilizaci\u00f3n de pruebas estad\u00edsiticas como el an\u00e1lisis de consistencia interna de los factores, an\u00e1lisis de correlaciones, an\u00e1lisis de medidas repetidas, an\u00e1lisis univariantes y multivariantes y an\u00e1lisis de regresi\u00f3n. Los resultados encontrados se discuten utilizando l<\/p>\n<p>&nbsp;<\/p>\n<h3>Datos acad\u00e9micos de la tesis doctoral \u00ab<strong>Evaluaci\u00f3n participativa y responsabilidad en educaci\u00f3n f\u00edsica<\/strong>\u00ab<\/h3>\n<ul>\n<li><strong>T\u00edtulo de la tesis:<\/strong>\u00a0 Evaluaci\u00f3n participativa y responsabilidad en educaci\u00f3n f\u00edsica <\/li>\n<li><strong>Autor:<\/strong>\u00a0 Jos\u00e9 Antonio Vera Lac\u00e1rcel <\/li>\n<li><strong>Universidad:<\/strong>\u00a0 Murcia<\/li>\n<li><strong>Fecha de lectura de la tesis:<\/strong>\u00a0 21\/03\/2007<\/li>\n<\/ul>\n<p>&nbsp;<\/p>\n<h3>Direcci\u00f3n y tribunal<\/h3>\n<ul>\n<li><strong>Director de la tesis<\/strong>\n<ul>\n<li> Moreno Murcia Juan  Antonio<\/li>\n<\/ul>\n<\/li>\n<li><strong>Tribunal<\/strong>\n<ul>\n<li>Presidente del tribunal: jos\u00e9 Margineda puigpelat <\/li>\n<li>Jos\u00e9 Francisco Guzm\u00e1n luj\u00e1n (vocal)<\/li>\n<li>eduardo Cervell\u00f3 gimeno (vocal)<\/li>\n<li> Pedrero guzm\u00e1n Mar\u00eda  del carmen (vocal)<\/li>\n<\/ul>\n<\/li>\n<\/ul>\n<p>&nbsp;<\/p>\n","protected":false},"excerpt":{"rendered":"<p>Tesis doctoral de Jos\u00e9 Antonio Vera Lac\u00e1rcel La tesis indaga en los procedimientos utilizados en los centros escolares para abordar [&hellip;]<\/p>\n","protected":false},"author":1,"featured_media":0,"comment_status":"open","ping_status":"open","sticky":false,"template":"","format":"standard","meta":{"site-sidebar-layout":"default","site-content-layout":"","ast-site-content-layout":"","site-content-style":"default","site-sidebar-style":"default","ast-global-header-display":"","ast-banner-title-visibility":"","ast-main-header-display":"","ast-hfb-above-header-display":"","ast-hfb-below-header-display":"","ast-hfb-mobile-header-display":"","site-post-title":"","ast-breadcrumbs-content":"","ast-featured-img":"","footer-sml-layout":"","theme-transparent-header-meta":"","adv-header-id-meta":"","stick-header-meta":"","header-above-stick-meta":"","header-main-stick-meta":"","header-below-stick-meta":"","astra-migrate-meta-layouts":"default","ast-page-background-enabled":"default","ast-page-background-meta":{"desktop":{"background-color":"var(--ast-global-color-4)","background-image":"","background-repeat":"repeat","background-position":"center center","background-size":"auto","background-attachment":"scroll","background-type":"","background-media":"","overlay-type":"","overlay-color":"","overlay-gradient":""},"tablet":{"background-color":"","background-image":"","background-repeat":"repeat","background-position":"center center","background-size":"auto","background-attachment":"scroll","background-type":"","background-media":"","overlay-type":"","overlay-color":"","overlay-gradient":""},"mobile":{"background-color":"","background-image":"","background-repeat":"repeat","background-position":"center center","background-size":"auto","background-attachment":"scroll","background-type":"","background-media":"","overlay-type":"","overlay-color":"","overlay-gradient":""}},"ast-content-background-meta":{"desktop":{"background-color":"var(--ast-global-color-5)","background-image":"","background-repeat":"repeat","background-position":"center center","background-size":"auto","background-attachment":"scroll","background-type":"","background-media":"","overlay-type":"","overlay-color":"","overlay-gradient":""},"tablet":{"background-color":"var(--ast-global-color-5)","background-image":"","background-repeat":"repeat","background-position":"center center","background-size":"auto","background-attachment":"scroll","background-type":"","background-media":"","overlay-type":"","overlay-color":"","overlay-gradient":""},"mobile":{"background-color":"var(--ast-global-color-5)","background-image":"","background-repeat":"repeat","background-position":"center center","background-size":"auto","background-attachment":"scroll","background-type":"","background-media":"","overlay-type":"","overlay-color":"","overlay-gradient":""}},"footnotes":""},"categories":[6020,8235],"tags":[37318,127243,36476,3696,39496,127244],"class_list":["post-57583","post","type-post","status-publish","format-standard","hentry","category-evaluacion-de-alumnos","category-murcia","tag-eduardo-cervello-gimeno","tag-jose-antonio-vera-lacarcel","tag-jose-francisco-guzman-lujan","tag-jose-margineda-puigpelat","tag-moreno-murcia-juan-antonio","tag-pedrero-guzman-maria-del-carmen"],"_links":{"self":[{"href":"https:\/\/www.deberes.net\/tesis\/wp-json\/wp\/v2\/posts\/57583","targetHints":{"allow":["GET"]}}],"collection":[{"href":"https:\/\/www.deberes.net\/tesis\/wp-json\/wp\/v2\/posts"}],"about":[{"href":"https:\/\/www.deberes.net\/tesis\/wp-json\/wp\/v2\/types\/post"}],"author":[{"embeddable":true,"href":"https:\/\/www.deberes.net\/tesis\/wp-json\/wp\/v2\/users\/1"}],"replies":[{"embeddable":true,"href":"https:\/\/www.deberes.net\/tesis\/wp-json\/wp\/v2\/comments?post=57583"}],"version-history":[{"count":0,"href":"https:\/\/www.deberes.net\/tesis\/wp-json\/wp\/v2\/posts\/57583\/revisions"}],"wp:attachment":[{"href":"https:\/\/www.deberes.net\/tesis\/wp-json\/wp\/v2\/media?parent=57583"}],"wp:term":[{"taxonomy":"category","embeddable":true,"href":"https:\/\/www.deberes.net\/tesis\/wp-json\/wp\/v2\/categories?post=57583"},{"taxonomy":"post_tag","embeddable":true,"href":"https:\/\/www.deberes.net\/tesis\/wp-json\/wp\/v2\/tags?post=57583"}],"curies":[{"name":"wp","href":"https:\/\/api.w.org\/{rel}","templated":true}]}}