{"id":57591,"date":"2018-03-09T22:45:24","date_gmt":"2018-03-09T22:45:24","guid":{"rendered":"https:\/\/www.deberes.net\/tesis\/sin-categoria\/factores-que-influencian-la-simulacion-de-amnesia-postraumatica-en-condiciones-experimentales\/"},"modified":"2018-03-09T22:45:24","modified_gmt":"2018-03-09T22:45:24","slug":"factores-que-influencian-la-simulacion-de-amnesia-postraumatica-en-condiciones-experimentales","status":"publish","type":"post","link":"https:\/\/www.deberes.net\/tesis\/psicopatologia\/factores-que-influencian-la-simulacion-de-amnesia-postraumatica-en-condiciones-experimentales\/","title":{"rendered":"Factores que influencian la simulaci\u00f3n de amnesia postraum\u00e1tica en condiciones experimentales"},"content":{"rendered":"<h2>Tesis doctoral de <strong> Alvaro Bilbao Bilbao <\/strong><\/h2>\n<p>La simulaci\u00f3n de problemas de memoria es una realidad a la que se tienen que enfrentar neuropsic\u00f3logos en su pr\u00e1ctica cl\u00ednica y forense con relativa frecuencia. Diferentes autores han desarrollado pruebas que tienen como objeto detactar la simulaci\u00f3n de problemas de memoria. La naturaleza de la simulaci\u00f3n provoca que el estudio de la efectividad de estas pruebas presente desaf\u00edos metodol\u00f3gicos. En los estudios revisados se observa que las condiciones de evaluaci\u00f3n de los simuladores experimentales no se ajusta a las condiciones naturales de los simuladores reales. objetivo. Comparar diferentes t\u00e9cnicas de estudio de la simulaci\u00f3n de la amnesia anter\u00f3grada. m\u00e9todo. 25 sujetos con da\u00f1o cerebral fueron comparados utilizando an\u00e1lisis discriminativos con 100 sujetos en 4 condiciones experimentales que permit\u00edan valorar el papel del tiempo de demora  entre la decisi\u00f3n de simular y la evaluaci\u00f3n y el grado de motivaci\u00f3n en la capacidad para simular de manera ver\u00eddica problemas de memoria. resultados. La combinaci\u00f3n de tiempo de demora y alta motivaci\u00f3n provoca una ejecuci\u00f3n de las pruebas de simulaci\u00f3n m\u00e1s cercana a la de los pacientes con amnesia anter\u00f3grada genuina. Muchas de las pruebas evaluadas en esta condici\u00f3n experimental obtuvieron \u00edndices de sensibilidad muy bajos. conclusiones. En los paradigmas de investigaci\u00f3n de la simulaci\u00f3n de problemas de memoria que ofrecen un tiempo  de demora y un grado de motivaci\u00f3n externo alto se obtienen \u00edndices de sensibilidad en la detecci\u00f3n de simuladores m\u00e1s bajos que en otros paradigmas que no combinan estas dos variables. Estos resultados combinados apoyan la hip\u00f3tesis de que la conducta de simulaci\u00f3n experimental m\u00e1s similar a la conducta de simulaci\u00f3n en la vida real es aquella que se ve suscitada por motivadores externos y que se forja durante un periodo de elaboraci\u00f3n. Parece recomendable que las futuras investigaciones que eval\u00faan la adecuidad de pruebas de detecci\u00f3n de simulac<\/p>\n<p>&nbsp;<\/p>\n<h3>Datos acad\u00e9micos de la tesis doctoral \u00ab<strong>Factores que influencian la simulaci\u00f3n de amnesia postraum\u00e1tica en condiciones experimentales<\/strong>\u00ab<\/h3>\n<ul>\n<li><strong>T\u00edtulo de la tesis:<\/strong>\u00a0 Factores que influencian la simulaci\u00f3n de amnesia postraum\u00e1tica en condiciones experimentales <\/li>\n<li><strong>Autor:<\/strong>\u00a0 Alvaro Bilbao Bilbao <\/li>\n<li><strong>Universidad:<\/strong>\u00a0 Deusto<\/li>\n<li><strong>Fecha de lectura de la tesis:<\/strong>\u00a0 21\/03\/2007<\/li>\n<\/ul>\n<p>&nbsp;<\/p>\n<h3>Direcci\u00f3n y tribunal<\/h3>\n<ul>\n<li><strong>Director de la tesis<\/strong>\n<ul>\n<li>Luis De Nicolas Martinez<\/li>\n<\/ul>\n<\/li>\n<li><strong>Tribunal<\/strong>\n<ul>\n<li>Presidente del tribunal: Jos\u00e9 Luis Vazquez barquero <\/li>\n<li>Miguel P\u00e9rez Garc\u00eda (vocal)<\/li>\n<li>serafin Lemos giraldez (vocal)<\/li>\n<li>susana Gorbe\u00f1a echevarria (vocal)<\/li>\n<\/ul>\n<\/li>\n<\/ul>\n<p>&nbsp;<\/p>\n","protected":false},"excerpt":{"rendered":"<p>Tesis doctoral de Alvaro Bilbao Bilbao La simulaci\u00f3n de problemas de memoria es una realidad a la que se tienen [&hellip;]<\/p>\n","protected":false},"author":1,"featured_media":0,"comment_status":"open","ping_status":"open","sticky":false,"template":"","format":"standard","meta":{"site-sidebar-layout":"default","site-content-layout":"","ast-site-content-layout":"","site-content-style":"default","site-sidebar-style":"default","ast-global-header-display":"","ast-banner-title-visibility":"","ast-main-header-display":"","ast-hfb-above-header-display":"","ast-hfb-below-header-display":"","ast-hfb-mobile-header-display":"","site-post-title":"","ast-breadcrumbs-content":"","ast-featured-img":"","footer-sml-layout":"","theme-transparent-header-meta":"","adv-header-id-meta":"","stick-header-meta":"","header-above-stick-meta":"","header-main-stick-meta":"","header-below-stick-meta":"","astra-migrate-meta-layouts":"default","ast-page-background-enabled":"default","ast-page-background-meta":{"desktop":{"background-color":"var(--ast-global-color-4)","background-image":"","background-repeat":"repeat","background-position":"center center","background-size":"auto","background-attachment":"scroll","background-type":"","background-media":"","overlay-type":"","overlay-color":"","overlay-gradient":""},"tablet":{"background-color":"","background-image":"","background-repeat":"repeat","background-position":"center center","background-size":"auto","background-attachment":"scroll","background-type":"","background-media":"","overlay-type":"","overlay-color":"","overlay-gradient":""},"mobile":{"background-color":"","background-image":"","background-repeat":"repeat","background-position":"center center","background-size":"auto","background-attachment":"scroll","background-type":"","background-media":"","overlay-type":"","overlay-color":"","overlay-gradient":""}},"ast-content-background-meta":{"desktop":{"background-color":"var(--ast-global-color-5)","background-image":"","background-repeat":"repeat","background-position":"center center","background-size":"auto","background-attachment":"scroll","background-type":"","background-media":"","overlay-type":"","overlay-color":"","overlay-gradient":""},"tablet":{"background-color":"var(--ast-global-color-5)","background-image":"","background-repeat":"repeat","background-position":"center center","background-size":"auto","background-attachment":"scroll","background-type":"","background-media":"","overlay-type":"","overlay-color":"","overlay-gradient":""},"mobile":{"background-color":"var(--ast-global-color-5)","background-image":"","background-repeat":"repeat","background-position":"center center","background-size":"auto","background-attachment":"scroll","background-type":"","background-media":"","overlay-type":"","overlay-color":"","overlay-gradient":""}},"footnotes":""},"categories":[10755,31910,13633,23715,325],"tags":[127259,10709,28091,22256,9045,127260],"class_list":["post-57591","post","type-post","status-publish","format-standard","hentry","category-desviaciones-del-comportamiento","category-deusto","category-procesos-de-la-memoria","category-psicologia-forense","category-psicopatologia","tag-alvaro-bilbao-bilbao","tag-jose-luis-vazquez-barquero","tag-luis-de-nicolas-Martinez","tag-miguel-perez-garcia","tag-serafin-lemos-giraldez","tag-susana-gorbena-echevarria"],"_links":{"self":[{"href":"https:\/\/www.deberes.net\/tesis\/wp-json\/wp\/v2\/posts\/57591","targetHints":{"allow":["GET"]}}],"collection":[{"href":"https:\/\/www.deberes.net\/tesis\/wp-json\/wp\/v2\/posts"}],"about":[{"href":"https:\/\/www.deberes.net\/tesis\/wp-json\/wp\/v2\/types\/post"}],"author":[{"embeddable":true,"href":"https:\/\/www.deberes.net\/tesis\/wp-json\/wp\/v2\/users\/1"}],"replies":[{"embeddable":true,"href":"https:\/\/www.deberes.net\/tesis\/wp-json\/wp\/v2\/comments?post=57591"}],"version-history":[{"count":0,"href":"https:\/\/www.deberes.net\/tesis\/wp-json\/wp\/v2\/posts\/57591\/revisions"}],"wp:attachment":[{"href":"https:\/\/www.deberes.net\/tesis\/wp-json\/wp\/v2\/media?parent=57591"}],"wp:term":[{"taxonomy":"category","embeddable":true,"href":"https:\/\/www.deberes.net\/tesis\/wp-json\/wp\/v2\/categories?post=57591"},{"taxonomy":"post_tag","embeddable":true,"href":"https:\/\/www.deberes.net\/tesis\/wp-json\/wp\/v2\/tags?post=57591"}],"curies":[{"name":"wp","href":"https:\/\/api.w.org\/{rel}","templated":true}]}}