{"id":57605,"date":"2018-03-09T22:45:24","date_gmt":"2018-03-09T22:45:24","guid":{"rendered":"https:\/\/www.deberes.net\/tesis\/sin-categoria\/legislacion-farmaceutica-en-mexico-desde-una-perspectiva-historica-1821-a-la-fecha\/"},"modified":"2018-03-09T22:45:24","modified_gmt":"2018-03-09T22:45:24","slug":"legislacion-farmaceutica-en-mexico-desde-una-perspectiva-historica-1821-a-la-fecha","status":"publish","type":"post","link":"https:\/\/www.deberes.net\/tesis\/sin-categoria\/legislacion-farmaceutica-en-mexico-desde-una-perspectiva-historica-1821-a-la-fecha\/","title":{"rendered":"Legislaci\u00f3n farmac\u00e9utica en m\u00e9xico desde una perspectiva hist\u00f3rica (1821 a la fecha)"},"content":{"rendered":"<h2>Tesis doctoral de <strong> Miriam Ortiz Reynoso <\/strong><\/h2>\n<p>La farmacia es una profesi\u00f3n que por su naturaleza sanitaria, est\u00e1 regida por un sistema legal. Las leyes en materia de sanidad tienen incumbencia directa tanto en los medicamentos como en el ejercicio de la farmacia (si bien existen otras ramas del derecho que tienen incidencia en la profesi\u00f3n que nos ocupa, como el  derecho mercantil, el civil o el penal). La historia de farmacia, por lo tanto, debe  estudiarse no s\u00f3lo desde una respectiva cient\u00edfica, sino tambi\u00e9n desde el punto de vista legislativo, pues tanto la existencia de leyes como la falta de ellas han influido en el rumbo de la profesi\u00f3n. en el caso particular de la farmacia mexicana, la carencia de leyes precisas relativas al ejercicio profesional durante el siglo xix y gran parte del xx fue uno de los factores causante de la p\u00e9rdida del \u00abderecho\u00bb (\u00c2\u00bfderecho hist\u00f3rico?) De los farmac\u00e9uticos a la regencia de las farmacias: es decir, del quebranto de la indivisibilidad entre la propiedad y la atenci\u00f3n de las farmacias que hoy en d\u00eda prevalece en m\u00e9xico. Este trabajo pretende brindar luces a la explicaci\u00f3n de c\u00f3mo se lleg\u00f3 a esta situaci\u00f3n que tanto confunde el ejercicio de la farmacia en nuestro pa\u00eds.     el gremio farmac\u00e9utico mexicano inici\u00f3 el proceso de institucionalizaci\u00f3n y profesionalizaci\u00f3n de su disciplina reci\u00e9n culminada la independencia del pa\u00eds, pero fue en el 1833, al inaugurarse el establecimiento de medicina (\u00f3rgano sustituto  de la facultad de medicina de la universidad pontificia), que comenz\u00f3 a impartirse, con una \u00fanica c\u00e1tedra, la carrera de farmacia, la literatura sobre el proceso de evoluci\u00f3n de la profesi\u00f3n farmac\u00e9utica del m\u00e9xico decimon\u00f3nico es escasa.     este trabajo expone el \u00e1mbito legislativo de la profesi\u00f3n farmac\u00e9utica en m\u00e9xico desde un punto de vista hist\u00f3rico, con lo que se pretende aportar datos que nos ayuden a comprender el papel actual de los farmac\u00e9uticos mexicanos. Se ha estudiado la trayectoria del profesional de farmacia<\/p>\n<p>&nbsp;<\/p>\n<h3>Datos acad\u00e9micos de la tesis doctoral \u00ab<strong>Legislaci\u00f3n farmac\u00e9utica en m\u00e9xico desde una perspectiva hist\u00f3rica (1821 a la fecha)<\/strong>\u00ab<\/h3>\n<ul>\n<li><strong>T\u00edtulo de la tesis:<\/strong>\u00a0 Legislaci\u00f3n farmac\u00e9utica en m\u00e9xico desde una perspectiva hist\u00f3rica (1821 a la fecha) <\/li>\n<li><strong>Autor:<\/strong>\u00a0 Miriam Ortiz Reynoso <\/li>\n<li><strong>Universidad:<\/strong>\u00a0 Complutense de Madrid<\/li>\n<li><strong>Fecha de lectura de la tesis:<\/strong>\u00a0 22\/03\/2007<\/li>\n<\/ul>\n<p>&nbsp;<\/p>\n<h3>Direcci\u00f3n y tribunal<\/h3>\n<ul>\n<li><strong>Director de la tesis<\/strong>\n<ul>\n<li>Francisco Javier Puerto Sarmiento<\/li>\n<\/ul>\n<\/li>\n<li><strong>Tribunal<\/strong>\n<ul>\n<li>Presidente del tribunal: benito Del castillo garcia <\/li>\n<li> Esteva de sagra Juan (vocal)<\/li>\n<li> Acebes pastrana patricia Elena (vocal)<\/li>\n<li>agustin Garcia asuero (vocal)<\/li>\n<\/ul>\n<\/li>\n<\/ul>\n<p>&nbsp;<\/p>\n","protected":false},"excerpt":{"rendered":"<p>Tesis doctoral de Miriam Ortiz Reynoso La farmacia es una profesi\u00f3n que por su naturaleza sanitaria, est\u00e1 regida por un [&hellip;]<\/p>\n","protected":false},"author":1,"featured_media":0,"comment_status":"open","ping_status":"open","sticky":false,"template":"","format":"standard","meta":{"site-sidebar-layout":"default","site-content-layout":"","ast-site-content-layout":"","site-content-style":"default","site-sidebar-style":"default","ast-global-header-display":"","ast-banner-title-visibility":"","ast-main-header-display":"","ast-hfb-above-header-display":"","ast-hfb-below-header-display":"","ast-hfb-mobile-header-display":"","site-post-title":"","ast-breadcrumbs-content":"","ast-featured-img":"","footer-sml-layout":"","theme-transparent-header-meta":"","adv-header-id-meta":"","stick-header-meta":"","header-above-stick-meta":"","header-main-stick-meta":"","header-below-stick-meta":"","astra-migrate-meta-layouts":"default","ast-page-background-enabled":"default","ast-page-background-meta":{"desktop":{"background-color":"var(--ast-global-color-4)","background-image":"","background-repeat":"repeat","background-position":"center center","background-size":"auto","background-attachment":"scroll","background-type":"","background-media":"","overlay-type":"","overlay-color":"","overlay-gradient":""},"tablet":{"background-color":"","background-image":"","background-repeat":"repeat","background-position":"center center","background-size":"auto","background-attachment":"scroll","background-type":"","background-media":"","overlay-type":"","overlay-color":"","overlay-gradient":""},"mobile":{"background-color":"","background-image":"","background-repeat":"repeat","background-position":"center center","background-size":"auto","background-attachment":"scroll","background-type":"","background-media":"","overlay-type":"","overlay-color":"","overlay-gradient":""}},"ast-content-background-meta":{"desktop":{"background-color":"var(--ast-global-color-5)","background-image":"","background-repeat":"repeat","background-position":"center center","background-size":"auto","background-attachment":"scroll","background-type":"","background-media":"","overlay-type":"","overlay-color":"","overlay-gradient":""},"tablet":{"background-color":"var(--ast-global-color-5)","background-image":"","background-repeat":"repeat","background-position":"center center","background-size":"auto","background-attachment":"scroll","background-type":"","background-media":"","overlay-type":"","overlay-color":"","overlay-gradient":""},"mobile":{"background-color":"var(--ast-global-color-5)","background-image":"","background-repeat":"repeat","background-position":"center center","background-size":"auto","background-attachment":"scroll","background-type":"","background-media":"","overlay-type":"","overlay-color":"","overlay-gradient":""}},"footnotes":""},"categories":[1],"tags":[127290,8826,4776,127289,5887,127288],"class_list":["post-57605","post","type-post","status-publish","format-standard","hentry","category-sin-categoria","tag-acebes-pastrana-patricia-elena","tag-agustin-garcia-asuero","tag-benito-del-castillo-garcia","tag-esteva-de-sagra-juan","tag-francisco-javier-puerto-sarmiento","tag-miriam-ortiz-reynoso"],"_links":{"self":[{"href":"https:\/\/www.deberes.net\/tesis\/wp-json\/wp\/v2\/posts\/57605","targetHints":{"allow":["GET"]}}],"collection":[{"href":"https:\/\/www.deberes.net\/tesis\/wp-json\/wp\/v2\/posts"}],"about":[{"href":"https:\/\/www.deberes.net\/tesis\/wp-json\/wp\/v2\/types\/post"}],"author":[{"embeddable":true,"href":"https:\/\/www.deberes.net\/tesis\/wp-json\/wp\/v2\/users\/1"}],"replies":[{"embeddable":true,"href":"https:\/\/www.deberes.net\/tesis\/wp-json\/wp\/v2\/comments?post=57605"}],"version-history":[{"count":0,"href":"https:\/\/www.deberes.net\/tesis\/wp-json\/wp\/v2\/posts\/57605\/revisions"}],"wp:attachment":[{"href":"https:\/\/www.deberes.net\/tesis\/wp-json\/wp\/v2\/media?parent=57605"}],"wp:term":[{"taxonomy":"category","embeddable":true,"href":"https:\/\/www.deberes.net\/tesis\/wp-json\/wp\/v2\/categories?post=57605"},{"taxonomy":"post_tag","embeddable":true,"href":"https:\/\/www.deberes.net\/tesis\/wp-json\/wp\/v2\/tags?post=57605"}],"curies":[{"name":"wp","href":"https:\/\/api.w.org\/{rel}","templated":true}]}}