{"id":57667,"date":"2018-03-09T22:45:27","date_gmt":"2018-03-09T22:45:27","guid":{"rendered":"https:\/\/www.deberes.net\/tesis\/sin-categoria\/la-bioseguridad-en-espana-principios-europeos-para-el-manejo-seguro-de-la-biotecnologa%c2%ada\/"},"modified":"2018-03-09T22:45:27","modified_gmt":"2018-03-09T22:45:27","slug":"la-bioseguridad-en-espana-principios-europeos-para-el-manejo-seguro-de-la-biotecnologa%c2%ada","status":"publish","type":"post","link":"https:\/\/www.deberes.net\/tesis\/derecho-administrativo\/la-bioseguridad-en-espana-principios-europeos-para-el-manejo-seguro-de-la-biotecnologa%c2%ada\/","title":{"rendered":"La bioseguridad en espa\u00f1a: principios europeos para el manejo seguro de la biotecnolog\u00eda"},"content":{"rendered":"<h2>Tesis doctoral de <strong> Marilena Asprino  Salas <\/strong><\/h2>\n<p>\u00abla bioseguridad en espa\u00f1a: principios europeos para el manejo seguro de la biotecnolog\u00eda\u00bb es, como el t\u00edtulo indica, un estudio general sobre la respuesta jur\u00eddico-administrativa del estado espa\u00f1ol a la necesidad de regular y controlar los riesgos derivados del uso de las modernas biotecnolog\u00edas, examinada y valorada a la luz de los principios legales y doctrinarios sobre los cuales se sustenta el sistema europeo de bioseguridad, por cuanto es la legislaci\u00f3n unionista la que establece las bases para la actuaci\u00f3n comunitaria en esta materia y los lineamientos a seguir por los estados miembros para el establecimiento y desarrollo de los sistemas nacionales de bioseguridad.  De esta manera, en el trabajo se materializan dos espacios de an\u00e1lisis bien diferenciados -el orden normativo comunitario y el nacional espa\u00f1ol- que se encuentran estrechamente vinculados e interconectados gracias a la estructura funcional de la uni\u00f3n europea y a la f\u00f3rmula de reparto competencial que existe entre los \u00f3rganos comunitarios y los nacionales de cada estado miembro, lo que permite que en el trabajo se ofrezca una visi\u00f3n global y sistematizada del tratamiento jur\u00eddico de los riesgos biotecnol\u00f3gicos en esta importante regi\u00f3n del mundo, el cual es adem\u00e1s confrontado con otros similares creados en otras latitudes, espec\u00edficamente, en la comunidad andina. Desde la perspectiva del componente sustantivo de la tesis, la investigaci\u00f3n se centra en el estudio exhaustivo y  el an\u00e1lisis de una disciplina aut\u00f3noma y novedosa, que ha surgido como respuesta al crecimiento cualitativo y cuantitativo de las actividades que involucran organismos modificados gen\u00e9ticamente y al aumento correlativo de los riesgos que de ellas derivan: la bioseguridad, la cual constituye la piedra angular del trabajo; aludiendo adem\u00e1s al fin primordial de \u00e9sta o \u00faltima ratio, cual es lograr un marco de seguridad que permita hacer uso de las biotecnolog\u00edas y acceder a sus beneficios sin sufrir los efectos negativos que de ella pueden generarse en detrimento de la salud y del medio ambiente.<\/p>\n<p>&nbsp;<\/p>\n<h3>Datos acad\u00e9micos de la tesis doctoral \u00ab<strong>La bioseguridad en espa\u00f1a: principios europeos para el manejo seguro de la biotecnolog\u00eda<\/strong>\u00ab<\/h3>\n<ul>\n<li><strong>T\u00edtulo de la tesis:<\/strong>\u00a0 La bioseguridad en espa\u00f1a: principios europeos para el manejo seguro de la biotecnolog\u00eda <\/li>\n<li><strong>Autor:<\/strong>\u00a0 Marilena Asprino  Salas <\/li>\n<li><strong>Universidad:<\/strong>\u00a0 Salamanca<\/li>\n<li><strong>Fecha de lectura de la tesis:<\/strong>\u00a0 23\/03\/2007<\/li>\n<\/ul>\n<p>&nbsp;<\/p>\n<h3>Direcci\u00f3n y tribunal<\/h3>\n<ul>\n<li><strong>Director de la tesis<\/strong>\n<ul>\n<li>Miguel \u00e1ngel Gonz\u00e1lez Iglesias<\/li>\n<\/ul>\n<\/li>\n<li><strong>Tribunal<\/strong>\n<ul>\n<li>Presidente del tribunal: jose Esteve pardo <\/li>\n<li>lorenzo Mellado ruiz (vocal)<\/li>\n<li>tomas Quintana lopez (vocal)<\/li>\n<li>dionisio Fernandez de gatta sanchez (vocal)<\/li>\n<\/ul>\n<\/li>\n<\/ul>\n<p>&nbsp;<\/p>\n","protected":false},"excerpt":{"rendered":"<p>Tesis doctoral de Marilena Asprino Salas \u00abla bioseguridad en espa\u00f1a: principios europeos para el manejo seguro de la biotecnolog\u00eda\u00bb es, [&hellip;]<\/p>\n","protected":false},"author":1,"featured_media":0,"comment_status":"open","ping_status":"open","sticky":false,"template":"","format":"standard","meta":{"site-sidebar-layout":"default","site-content-layout":"","ast-site-content-layout":"","site-content-style":"default","site-sidebar-style":"default","ast-global-header-display":"","ast-banner-title-visibility":"","ast-main-header-display":"","ast-hfb-above-header-display":"","ast-hfb-below-header-display":"","ast-hfb-mobile-header-display":"","site-post-title":"","ast-breadcrumbs-content":"","ast-featured-img":"","footer-sml-layout":"","theme-transparent-header-meta":"","adv-header-id-meta":"","stick-header-meta":"","header-above-stick-meta":"","header-main-stick-meta":"","header-below-stick-meta":"","astra-migrate-meta-layouts":"default","ast-page-background-enabled":"default","ast-page-background-meta":{"desktop":{"background-color":"var(--ast-global-color-4)","background-image":"","background-repeat":"repeat","background-position":"center center","background-size":"auto","background-attachment":"scroll","background-type":"","background-media":"","overlay-type":"","overlay-color":"","overlay-gradient":""},"tablet":{"background-color":"","background-image":"","background-repeat":"repeat","background-position":"center center","background-size":"auto","background-attachment":"scroll","background-type":"","background-media":"","overlay-type":"","overlay-color":"","overlay-gradient":""},"mobile":{"background-color":"","background-image":"","background-repeat":"repeat","background-position":"center center","background-size":"auto","background-attachment":"scroll","background-type":"","background-media":"","overlay-type":"","overlay-color":"","overlay-gradient":""}},"ast-content-background-meta":{"desktop":{"background-color":"var(--ast-global-color-5)","background-image":"","background-repeat":"repeat","background-position":"center center","background-size":"auto","background-attachment":"scroll","background-type":"","background-media":"","overlay-type":"","overlay-color":"","overlay-gradient":""},"tablet":{"background-color":"var(--ast-global-color-5)","background-image":"","background-repeat":"repeat","background-position":"center center","background-size":"auto","background-attachment":"scroll","background-type":"","background-media":"","overlay-type":"","overlay-color":"","overlay-gradient":""},"mobile":{"background-color":"var(--ast-global-color-5)","background-image":"","background-repeat":"repeat","background-position":"center center","background-size":"auto","background-attachment":"scroll","background-type":"","background-media":"","overlay-type":"","overlay-color":"","overlay-gradient":""}},"footnotes":""},"categories":[1442,9386],"tags":[41002,46910,127422,127420,127421,61158],"class_list":["post-57667","post","type-post","status-publish","format-standard","hentry","category-derecho-administrativo","category-salamanca","tag-dionisio-fernandez-de-gatta-sanchez","tag-jose-esteve-pardo","tag-lorenzo-mellado-ruiz","tag-marilena-asprino-salas","tag-miguel-angel-gonzalez-iglesias","tag-tomas-quintana-lopez"],"_links":{"self":[{"href":"https:\/\/www.deberes.net\/tesis\/wp-json\/wp\/v2\/posts\/57667","targetHints":{"allow":["GET"]}}],"collection":[{"href":"https:\/\/www.deberes.net\/tesis\/wp-json\/wp\/v2\/posts"}],"about":[{"href":"https:\/\/www.deberes.net\/tesis\/wp-json\/wp\/v2\/types\/post"}],"author":[{"embeddable":true,"href":"https:\/\/www.deberes.net\/tesis\/wp-json\/wp\/v2\/users\/1"}],"replies":[{"embeddable":true,"href":"https:\/\/www.deberes.net\/tesis\/wp-json\/wp\/v2\/comments?post=57667"}],"version-history":[{"count":0,"href":"https:\/\/www.deberes.net\/tesis\/wp-json\/wp\/v2\/posts\/57667\/revisions"}],"wp:attachment":[{"href":"https:\/\/www.deberes.net\/tesis\/wp-json\/wp\/v2\/media?parent=57667"}],"wp:term":[{"taxonomy":"category","embeddable":true,"href":"https:\/\/www.deberes.net\/tesis\/wp-json\/wp\/v2\/categories?post=57667"},{"taxonomy":"post_tag","embeddable":true,"href":"https:\/\/www.deberes.net\/tesis\/wp-json\/wp\/v2\/tags?post=57667"}],"curies":[{"name":"wp","href":"https:\/\/api.w.org\/{rel}","templated":true}]}}