{"id":57715,"date":"2018-03-09T22:45:32","date_gmt":"2018-03-09T22:45:32","guid":{"rendered":"https:\/\/www.deberes.net\/tesis\/sin-categoria\/retorica-y-representacion-en-la-serie-documental-al-sur-del-mundo\/"},"modified":"2018-03-09T22:45:32","modified_gmt":"2018-03-09T22:45:32","slug":"retorica-y-representacion-en-la-serie-documental-al-sur-del-mundo","status":"publish","type":"post","link":"https:\/\/www.deberes.net\/tesis\/ciencias-de-las-artes-y-las-letras\/retorica-y-representacion-en-la-serie-documental-al-sur-del-mundo\/","title":{"rendered":"Ret\u00f3rica y representaci\u00f3n en la serie documental al sur del mundo"},"content":{"rendered":"<h2>Tesis doctoral de <strong>  Vald\u00e9s Aguero Claudio Enrique <\/strong><\/h2>\n<p>La tesis explora la pragm\u00e1tica y la po\u00e9tica de la serie documental al sur del mundo, producida en chile entre 1982 y 2001 a partir del an\u00e1lisis de una muestra de 31 documentales. Se describen los usos del estilo documental de la voz formal a partir del an\u00e1lisis de las estructuras formales y los usos de los recursos discursivos. La tesis plantea una discusi\u00f3n respecto de las funciones de la imagen cinematogr\u00e1fica en la construcci\u00f3n de los discursos de los documentales de naturaleza y antropol\u00f3gico.<\/p>\n<p>&nbsp;<\/p>\n<h3>Datos acad\u00e9micos de la tesis doctoral \u00ab<strong>Ret\u00f3rica y representaci\u00f3n en la serie documental al sur del mundo<\/strong>\u00ab<\/h3>\n<ul>\n<li><strong>T\u00edtulo de la tesis:<\/strong>\u00a0 Ret\u00f3rica y representaci\u00f3n en la serie documental al sur del mundo <\/li>\n<li><strong>Autor:<\/strong>\u00a0  Vald\u00e9s Aguero Claudio Enrique <\/li>\n<li><strong>Universidad:<\/strong>\u00a0 Aut\u00f3noma de barcelona<\/li>\n<li><strong>Fecha de lectura de la tesis:<\/strong>\u00a0 27\/03\/2007<\/li>\n<\/ul>\n<p>&nbsp;<\/p>\n<h3>Direcci\u00f3n y tribunal<\/h3>\n<ul>\n<li><strong>Director de la tesis<\/strong>\n<ul>\n<li> Catal? Dom\u00e9nech Josep Mar\u00eda<\/li>\n<\/ul>\n<\/li>\n<li><strong>Tribunal<\/strong>\n<ul>\n<li>Presidente del tribunal: roman Gubern garriga-nogu\u00e9s <\/li>\n<li> Fec\u00e9 g\u00f3mez josep ll\u00ed\u00bcis (vocal)<\/li>\n<li>angel Quintana morraja (vocal)<\/li>\n<li>jordi Grau rebollo (vocal)<\/li>\n<\/ul>\n<\/li>\n<\/ul>\n<p>&nbsp;<\/p>\n","protected":false},"excerpt":{"rendered":"<p>Tesis doctoral de Vald\u00e9s Aguero Claudio Enrique La tesis explora la pragm\u00e1tica y la po\u00e9tica de la serie documental al [&hellip;]<\/p>\n","protected":false},"author":1,"featured_media":0,"comment_status":"open","ping_status":"open","sticky":false,"template":"","format":"standard","meta":{"site-sidebar-layout":"default","site-content-layout":"","ast-site-content-layout":"","site-content-style":"default","site-sidebar-style":"default","ast-global-header-display":"","ast-banner-title-visibility":"","ast-main-header-display":"","ast-hfb-above-header-display":"","ast-hfb-below-header-display":"","ast-hfb-mobile-header-display":"","site-post-title":"","ast-breadcrumbs-content":"","ast-featured-img":"","footer-sml-layout":"","theme-transparent-header-meta":"","adv-header-id-meta":"","stick-header-meta":"","header-above-stick-meta":"","header-main-stick-meta":"","header-below-stick-meta":"","astra-migrate-meta-layouts":"default","ast-page-background-enabled":"default","ast-page-background-meta":{"desktop":{"background-color":"var(--ast-global-color-4)","background-image":"","background-repeat":"repeat","background-position":"center center","background-size":"auto","background-attachment":"scroll","background-type":"","background-media":"","overlay-type":"","overlay-color":"","overlay-gradient":""},"tablet":{"background-color":"","background-image":"","background-repeat":"repeat","background-position":"center center","background-size":"auto","background-attachment":"scroll","background-type":"","background-media":"","overlay-type":"","overlay-color":"","overlay-gradient":""},"mobile":{"background-color":"","background-image":"","background-repeat":"repeat","background-position":"center center","background-size":"auto","background-attachment":"scroll","background-type":"","background-media":"","overlay-type":"","overlay-color":"","overlay-gradient":""}},"ast-content-background-meta":{"desktop":{"background-color":"var(--ast-global-color-5)","background-image":"","background-repeat":"repeat","background-position":"center center","background-size":"auto","background-attachment":"scroll","background-type":"","background-media":"","overlay-type":"","overlay-color":"","overlay-gradient":""},"tablet":{"background-color":"var(--ast-global-color-5)","background-image":"","background-repeat":"repeat","background-position":"center center","background-size":"auto","background-attachment":"scroll","background-type":"","background-media":"","overlay-type":"","overlay-color":"","overlay-gradient":""},"mobile":{"background-color":"var(--ast-global-color-5)","background-image":"","background-repeat":"repeat","background-position":"center center","background-size":"auto","background-attachment":"scroll","background-type":"","background-media":"","overlay-type":"","overlay-color":"","overlay-gradient":""}},"footnotes":""},"categories":[983,147],"tags":[41308,127539,127540,127541,36703,127538],"class_list":["post-57715","post","type-post","status-publish","format-standard","hentry","category-antropologia-cultural","category-ciencias-de-las-artes-y-las-letras","tag-angel-quintana-morraja","tag-catal-domanech-josep-maria","tag-fece-gomez-josep-lliis","tag-jordi-grau-rebollo","tag-roman-gubern-garriga-nogues","tag-valdes-agaero-claudio-enrique"],"_links":{"self":[{"href":"https:\/\/www.deberes.net\/tesis\/wp-json\/wp\/v2\/posts\/57715","targetHints":{"allow":["GET"]}}],"collection":[{"href":"https:\/\/www.deberes.net\/tesis\/wp-json\/wp\/v2\/posts"}],"about":[{"href":"https:\/\/www.deberes.net\/tesis\/wp-json\/wp\/v2\/types\/post"}],"author":[{"embeddable":true,"href":"https:\/\/www.deberes.net\/tesis\/wp-json\/wp\/v2\/users\/1"}],"replies":[{"embeddable":true,"href":"https:\/\/www.deberes.net\/tesis\/wp-json\/wp\/v2\/comments?post=57715"}],"version-history":[{"count":0,"href":"https:\/\/www.deberes.net\/tesis\/wp-json\/wp\/v2\/posts\/57715\/revisions"}],"wp:attachment":[{"href":"https:\/\/www.deberes.net\/tesis\/wp-json\/wp\/v2\/media?parent=57715"}],"wp:term":[{"taxonomy":"category","embeddable":true,"href":"https:\/\/www.deberes.net\/tesis\/wp-json\/wp\/v2\/categories?post=57715"},{"taxonomy":"post_tag","embeddable":true,"href":"https:\/\/www.deberes.net\/tesis\/wp-json\/wp\/v2\/tags?post=57715"}],"curies":[{"name":"wp","href":"https:\/\/api.w.org\/{rel}","templated":true}]}}