{"id":57763,"date":"2018-03-09T22:45:36","date_gmt":"2018-03-09T22:45:36","guid":{"rendered":"https:\/\/www.deberes.net\/tesis\/sin-categoria\/sintaxis-y-semantica-de-la-pasiva-preposicional\/"},"modified":"2018-03-09T22:45:36","modified_gmt":"2018-03-09T22:45:36","slug":"sintaxis-y-semantica-de-la-pasiva-preposicional","status":"publish","type":"post","link":"https:\/\/www.deberes.net\/tesis\/linguistica-sincronica\/sintaxis-y-semantica-de-la-pasiva-preposicional\/","title":{"rendered":"Sintaxis y sem\u00e1ntica de la pasiva preposicional"},"content":{"rendered":"<h2>Tesis doctoral de <strong>  Mart\u00edn Do\u00f1a Ana Isabel <\/strong><\/h2>\n<p>El objetivo de estudio de esta tesis es la configuraci\u00f3n de pasiva preposicional de la lengua inglesa, tanto desde una perspectiva sint\u00e1ctica como desde un punto de vista sem\u00e1ntica. La configuraci\u00f3n de pasiva preposicional (he was looked at, that stool has been sat on) sobresale desde un punto de vista interling\u00ed\u00bc\u00edstico por ser una estructura ausente en gran n\u00famero de lenguas, tnato de la propia familia germ\u00e1nica como de familias tan extensamente conocidas como la romance. La configuraci\u00f3n de pasiva preposicional, plantea un importante interrogante desde la perspectiva interna de esta lengua, a saber, la falta de correspondencia existente entre estructuras preposicionales activas y pasivas. la aportaci\u00f3n fundamental de esta tesis doctoral consiste en un an\u00e1lisis descriptivo   de las restricciones a las que se encuentra sometida la configuraci\u00f3n de pasiva preposicional, las cuales son de \u00edndole sem\u00e1ntica o, m\u00e1s propiamente, l\u00e9xico-sem\u00e1ntica. El estudio sint\u00e1ctico se atiene a los principios del programa minimista o minimalista del discurso generativo-transformacional.<\/p>\n<p>&nbsp;<\/p>\n<h3>Datos acad\u00e9micos de la tesis doctoral \u00ab<strong>Sintaxis y sem\u00e1ntica de la pasiva preposicional<\/strong>\u00ab<\/h3>\n<ul>\n<li><strong>T\u00edtulo de la tesis:<\/strong>\u00a0 Sintaxis y sem\u00e1ntica de la pasiva preposicional <\/li>\n<li><strong>Autor:<\/strong>\u00a0  Mart\u00edn Do\u00f1a Ana Isabel <\/li>\n<li><strong>Universidad:<\/strong>\u00a0 M\u00e1laga<\/li>\n<li><strong>Fecha de lectura de la tesis:<\/strong>\u00a0 29\/03\/2007<\/li>\n<\/ul>\n<p>&nbsp;<\/p>\n<h3>Direcci\u00f3n y tribunal<\/h3>\n<ul>\n<li><strong>Director de la tesis<\/strong>\n<ul>\n<li>Concepci\u00f3n Castillo Orihuela<\/li>\n<\/ul>\n<\/li>\n<li><strong>Tribunal<\/strong>\n<ul>\n<li>Presidente del tribunal: Francisco Garrudo carabias <\/li>\n<li> L\u00f3pez couso Mar\u00eda Jos\u00e9 (vocal)<\/li>\n<li>montserrat Mart\u00ednez v\u00e1zquez (vocal)<\/li>\n<li>beatriz Rodr\u00edguez arrizabalaga (vocal)<\/li>\n<\/ul>\n<\/li>\n<\/ul>\n<p>&nbsp;<\/p>\n","protected":false},"excerpt":{"rendered":"<p>Tesis doctoral de Mart\u00edn Do\u00f1a Ana Isabel El objetivo de estudio de esta tesis es la configuraci\u00f3n de pasiva preposicional [&hellip;]<\/p>\n","protected":false},"author":1,"featured_media":0,"comment_status":"open","ping_status":"open","sticky":false,"template":"","format":"standard","meta":{"site-sidebar-layout":"default","site-content-layout":"","ast-site-content-layout":"","site-content-style":"default","site-sidebar-style":"default","ast-global-header-display":"","ast-banner-title-visibility":"","ast-main-header-display":"","ast-hfb-above-header-display":"","ast-hfb-below-header-display":"","ast-hfb-mobile-header-display":"","site-post-title":"","ast-breadcrumbs-content":"","ast-featured-img":"","footer-sml-layout":"","theme-transparent-header-meta":"","adv-header-id-meta":"","stick-header-meta":"","header-above-stick-meta":"","header-main-stick-meta":"","header-below-stick-meta":"","astra-migrate-meta-layouts":"default","ast-page-background-enabled":"default","ast-page-background-meta":{"desktop":{"background-color":"var(--ast-global-color-4)","background-image":"","background-repeat":"repeat","background-position":"center center","background-size":"auto","background-attachment":"scroll","background-type":"","background-media":"","overlay-type":"","overlay-color":"","overlay-gradient":""},"tablet":{"background-color":"","background-image":"","background-repeat":"repeat","background-position":"center center","background-size":"auto","background-attachment":"scroll","background-type":"","background-media":"","overlay-type":"","overlay-color":"","overlay-gradient":""},"mobile":{"background-color":"","background-image":"","background-repeat":"repeat","background-position":"center center","background-size":"auto","background-attachment":"scroll","background-type":"","background-media":"","overlay-type":"","overlay-color":"","overlay-gradient":""}},"ast-content-background-meta":{"desktop":{"background-color":"var(--ast-global-color-5)","background-image":"","background-repeat":"repeat","background-position":"center center","background-size":"auto","background-attachment":"scroll","background-type":"","background-media":"","overlay-type":"","overlay-color":"","overlay-gradient":""},"tablet":{"background-color":"var(--ast-global-color-5)","background-image":"","background-repeat":"repeat","background-position":"center center","background-size":"auto","background-attachment":"scroll","background-type":"","background-media":"","overlay-type":"","overlay-color":"","overlay-gradient":""},"mobile":{"background-color":"var(--ast-global-color-5)","background-image":"","background-repeat":"repeat","background-position":"center center","background-size":"auto","background-attachment":"scroll","background-type":"","background-media":"","overlay-type":"","overlay-color":"","overlay-gradient":""}},"footnotes":""},"categories":[62,7834],"tags":[106923,55958,3844,127648,127647,19056],"class_list":["post-57763","post","type-post","status-publish","format-standard","hentry","category-linguistica-sincronica","category-malaga","tag-beatriz-rodriguez-arrizabalaga","tag-concepcion-castillo-orihuela","tag-francisco-garrudo-carabias","tag-lopez-couso-maria-jose","tag-martin-dona-ana-isabel","tag-montserrat-Martinez-vazquez"],"_links":{"self":[{"href":"https:\/\/www.deberes.net\/tesis\/wp-json\/wp\/v2\/posts\/57763","targetHints":{"allow":["GET"]}}],"collection":[{"href":"https:\/\/www.deberes.net\/tesis\/wp-json\/wp\/v2\/posts"}],"about":[{"href":"https:\/\/www.deberes.net\/tesis\/wp-json\/wp\/v2\/types\/post"}],"author":[{"embeddable":true,"href":"https:\/\/www.deberes.net\/tesis\/wp-json\/wp\/v2\/users\/1"}],"replies":[{"embeddable":true,"href":"https:\/\/www.deberes.net\/tesis\/wp-json\/wp\/v2\/comments?post=57763"}],"version-history":[{"count":0,"href":"https:\/\/www.deberes.net\/tesis\/wp-json\/wp\/v2\/posts\/57763\/revisions"}],"wp:attachment":[{"href":"https:\/\/www.deberes.net\/tesis\/wp-json\/wp\/v2\/media?parent=57763"}],"wp:term":[{"taxonomy":"category","embeddable":true,"href":"https:\/\/www.deberes.net\/tesis\/wp-json\/wp\/v2\/categories?post=57763"},{"taxonomy":"post_tag","embeddable":true,"href":"https:\/\/www.deberes.net\/tesis\/wp-json\/wp\/v2\/tags?post=57763"}],"curies":[{"name":"wp","href":"https:\/\/api.w.org\/{rel}","templated":true}]}}