{"id":57787,"date":"2018-03-09T22:45:36","date_gmt":"2018-03-09T22:45:36","guid":{"rendered":"https:\/\/www.deberes.net\/tesis\/sin-categoria\/descomposicion-termica-de-residuos-textiles-estudio-cinetico-y-formacion-de-contaminantes\/"},"modified":"2018-03-09T22:45:36","modified_gmt":"2018-03-09T22:45:36","slug":"descomposicion-termica-de-residuos-textiles-estudio-cinetico-y-formacion-de-contaminantes","status":"publish","type":"post","link":"https:\/\/www.deberes.net\/tesis\/quimica-industrial\/descomposicion-termica-de-residuos-textiles-estudio-cinetico-y-formacion-de-contaminantes\/","title":{"rendered":"Descomposici\u00f3n t\u00e9rmica de residuos textiles: estudio cin\u00e9tico y formaci\u00f3n de contaminantes"},"content":{"rendered":"<h2>Tesis doctoral de <strong> Julia Molt\u00f3 Berenguer <\/strong><\/h2>\n<p>En la sociedad en la que vivimos la generaci\u00f3n de residuos es un problema cada vez m\u00e1s importante debido a las caracter\u00edsticas y volumen de producci\u00f3n de los mismos. Las pol\u00edticas de residuos desarrollados en los pa\u00edses m\u00e1s industrializados han evolucionado a medida que avanzaban los conocimientos cient\u00edficos y la concienciaci\u00f3n ciudadana en temas de medioambiente. la tendencia acutal hacia la gesti\u00f3n sostenible de residuos tiene como prioridades, por este orden: la reducci\u00f3n de la generaci\u00f3n de residuos, la reutilziaci\u00f3n, la recuperaci\u00f3n mediante el reciclado o la valorizaci\u00f3n energ\u00e9tica y por \u00faltimo, el vertido. los residuos textiles son una parte importante de los residuos s\u00f3lidos urbanos.  el aumento del consumo de textil son las m\u00e1s consumidas en espa\u00f1a.  es por ello, que en esta investigaci\u00f3n se emplear\u00e1n una tela usada de algod\u00f3n y otra de poli\u00e9ster, como representaci\u00f3n de la fracci\u00f3n de textiles presentes en los residuos s\u00f3lidos urbanos. a lo largo del presente trabajo se estudia la descomposici\u00f3n t\u00e9rmica de residuos textiles de algod\u00f3n y poli\u00e9ster, desde el punto de vista cin\u00e9tico y de formaci\u00f3n de contaminantes, con el objeto de aportar un mayor conocimiento del comportamiento de estos residuos en instalaciones de combusti\u00f3n y en proceos de valorizaci\u00f3n energ\u00e9tica. mediante an\u00e1lisis termogravim\u00e9trico se ha llevado a cabo el estudio de la degradaci\u00f3n t\u00e9rmica, en distintas atm\u00f3sferas y bajo distintas condiciones de calentamiento, de los residuos textiles de algod\u00f3n y poli\u00e9ster, formul\u00e1ndose y prob\u00e1ndose modelos cin\u00e9ticos capaces de simular todos los experimentos realizados. Empleando un reactor horizontal de laboratorio, se han identificado y cuantificado para la pir\u00f3lisis ycombusti\u00f3n de los residuos textiles de algod\u00f3n m\u00e1s de 90 compuestos distintos, y m\u00e1s de 160 para los residuos textiles de poli\u00e9ster. Trabajando a distintas temperaturas nominales de 650. 750. 850.950 y 1050\u00c2\u00bac y en atm\u00f3sferas de n<\/p>\n<p>&nbsp;<\/p>\n<h3>Datos acad\u00e9micos de la tesis doctoral \u00ab<strong>Descomposici\u00f3n t\u00e9rmica de residuos textiles: estudio cin\u00e9tico y formaci\u00f3n de contaminantes<\/strong>\u00ab<\/h3>\n<ul>\n<li><strong>T\u00edtulo de la tesis:<\/strong>\u00a0 Descomposici\u00f3n t\u00e9rmica de residuos textiles: estudio cin\u00e9tico y formaci\u00f3n de contaminantes <\/li>\n<li><strong>Autor:<\/strong>\u00a0 Julia Molt\u00f3 Berenguer <\/li>\n<li><strong>Universidad:<\/strong>\u00a0 Alicante<\/li>\n<li><strong>Fecha de lectura de la tesis:<\/strong>\u00a0 30\/03\/2007<\/li>\n<\/ul>\n<p>&nbsp;<\/p>\n<h3>Direcci\u00f3n y tribunal<\/h3>\n<ul>\n<li><strong>Director de la tesis<\/strong>\n<ul>\n<li>Rafael Font Montesinos<\/li>\n<\/ul>\n<\/li>\n<li><strong>Tribunal<\/strong>\n<ul>\n<li>Presidente del tribunal: Juan  jose Rodriguez jimenez <\/li>\n<li>esteban Abad holgado (vocal)<\/li>\n<li>j. angel Irabien gulias (vocal)<\/li>\n<li> Blasco alemany Mar\u00eda  pilar (vocal)<\/li>\n<\/ul>\n<\/li>\n<\/ul>\n<p>&nbsp;<\/p>\n","protected":false},"excerpt":{"rendered":"<p>Tesis doctoral de Julia Molt\u00f3 Berenguer En la sociedad en la que vivimos la generaci\u00f3n de residuos es un problema [&hellip;]<\/p>\n","protected":false},"author":1,"featured_media":0,"comment_status":"open","ping_status":"open","sticky":false,"template":"","format":"standard","meta":{"site-sidebar-layout":"default","site-content-layout":"","ast-site-content-layout":"","site-content-style":"default","site-sidebar-style":"default","ast-global-header-display":"","ast-banner-title-visibility":"","ast-main-header-display":"","ast-hfb-above-header-display":"","ast-hfb-below-header-display":"","ast-hfb-mobile-header-display":"","site-post-title":"","ast-breadcrumbs-content":"","ast-featured-img":"","footer-sml-layout":"","theme-transparent-header-meta":"","adv-header-id-meta":"","stick-header-meta":"","header-above-stick-meta":"","header-main-stick-meta":"","header-below-stick-meta":"","astra-migrate-meta-layouts":"default","ast-page-background-enabled":"default","ast-page-background-meta":{"desktop":{"background-color":"var(--ast-global-color-4)","background-image":"","background-repeat":"repeat","background-position":"center center","background-size":"auto","background-attachment":"scroll","background-type":"","background-media":"","overlay-type":"","overlay-color":"","overlay-gradient":""},"tablet":{"background-color":"","background-image":"","background-repeat":"repeat","background-position":"center center","background-size":"auto","background-attachment":"scroll","background-type":"","background-media":"","overlay-type":"","overlay-color":"","overlay-gradient":""},"mobile":{"background-color":"","background-image":"","background-repeat":"repeat","background-position":"center center","background-size":"auto","background-attachment":"scroll","background-type":"","background-media":"","overlay-type":"","overlay-color":"","overlay-gradient":""}},"ast-content-background-meta":{"desktop":{"background-color":"var(--ast-global-color-5)","background-image":"","background-repeat":"repeat","background-position":"center center","background-size":"auto","background-attachment":"scroll","background-type":"","background-media":"","overlay-type":"","overlay-color":"","overlay-gradient":""},"tablet":{"background-color":"var(--ast-global-color-5)","background-image":"","background-repeat":"repeat","background-position":"center center","background-size":"auto","background-attachment":"scroll","background-type":"","background-media":"","overlay-type":"","overlay-color":"","overlay-gradient":""},"mobile":{"background-color":"var(--ast-global-color-5)","background-image":"","background-repeat":"repeat","background-position":"center center","background-size":"auto","background-attachment":"scroll","background-type":"","background-media":"","overlay-type":"","overlay-color":"","overlay-gradient":""}},"footnotes":""},"categories":[19166,334,333,21210],"tags":[127702,127701,2652,10598,127700,8477],"class_list":["post-57787","post","type-post","status-publish","format-standard","hentry","category-alicante","category-procesos-quimicos","category-quimica-industrial","category-tecnologia-de-la-combustion","tag-blasco-alemany-maria-pilar","tag-esteban-abad-holgado","tag-j-angel-irabien-gulias","tag-juan-jose-rodriguez-jimenez","tag-julia-molto-berenguer","tag-rafael-font-montesinos"],"_links":{"self":[{"href":"https:\/\/www.deberes.net\/tesis\/wp-json\/wp\/v2\/posts\/57787","targetHints":{"allow":["GET"]}}],"collection":[{"href":"https:\/\/www.deberes.net\/tesis\/wp-json\/wp\/v2\/posts"}],"about":[{"href":"https:\/\/www.deberes.net\/tesis\/wp-json\/wp\/v2\/types\/post"}],"author":[{"embeddable":true,"href":"https:\/\/www.deberes.net\/tesis\/wp-json\/wp\/v2\/users\/1"}],"replies":[{"embeddable":true,"href":"https:\/\/www.deberes.net\/tesis\/wp-json\/wp\/v2\/comments?post=57787"}],"version-history":[{"count":0,"href":"https:\/\/www.deberes.net\/tesis\/wp-json\/wp\/v2\/posts\/57787\/revisions"}],"wp:attachment":[{"href":"https:\/\/www.deberes.net\/tesis\/wp-json\/wp\/v2\/media?parent=57787"}],"wp:term":[{"taxonomy":"category","embeddable":true,"href":"https:\/\/www.deberes.net\/tesis\/wp-json\/wp\/v2\/categories?post=57787"},{"taxonomy":"post_tag","embeddable":true,"href":"https:\/\/www.deberes.net\/tesis\/wp-json\/wp\/v2\/tags?post=57787"}],"curies":[{"name":"wp","href":"https:\/\/api.w.org\/{rel}","templated":true}]}}