{"id":57788,"date":"2018-03-09T22:45:36","date_gmt":"2018-03-09T22:45:36","guid":{"rendered":"https:\/\/www.deberes.net\/tesis\/sin-categoria\/control-metabolico-de-los-procesos-implicados-en-la-transformacion-y-la-progresion-tumoral\/"},"modified":"2018-03-09T22:45:36","modified_gmt":"2018-03-09T22:45:36","slug":"control-metabolico-de-los-procesos-implicados-en-la-transformacion-y-la-progresion-tumoral","status":"publish","type":"post","link":"https:\/\/www.deberes.net\/tesis\/procesos-metabolicos\/control-metabolico-de-los-procesos-implicados-en-la-transformacion-y-la-progresion-tumoral\/","title":{"rendered":"Control metab\u00f3lico de los procesos implicados en la transformaci\u00f3n y la progresi\u00f3n tumoral"},"content":{"rendered":"<h2>Tesis doctoral de <strong> Pedro Viz\u00e1n Carralc\u00e1zar <\/strong><\/h2>\n<p>El objetivo de esta tesis doctoral es profundizar en el conocimiento del metabolismo celular, concretamente el metabolismo central del carbono, durante diversos procesos relacionados con la progresi\u00f3n tumoral. La adquisici\u00f3n de un fenotipo tumoral maligno se considera hoy en d\u00eda un proceso evolutivo de acumulaci\u00f3n de alteraciones por parte de las c\u00e9lulas tumorales y por tipos celulares adyacentes. el metabolismo, visto como el nivel integrador de muchas de las se\u00f1ales de transducci\u00f3n celulares, puede servir no s\u00f3lo para entender c\u00f3mo se producen estas alteraciones, sino que puede ofrecer una serie de dianas terap\u00e9uticas basadas en impedir la adaptaci\u00f3n espec\u00edfica de la c\u00e9lula tumoral a los cambios durante el proceso de malignidad. con esta finalidad se han utilizado modelos in vitro conocidos a nivel celular y molecular y se han estudiado las alteraciones metab\u00f3licas que los acompa\u00f1an: en el primer cap\u00edtulo se han puesto de manifiesto los cambios metab\u00f3licos que tienen lugar cuando una c\u00e9lula es transformada por copias constitutivamente activas del oncog\u00e9n k-ras, revel\u00e1ndose que \u00e9stos dependen no s\u00f3lo de la presencia o ausencia del mismo, sino del tipo de mutaci\u00f3n que presente. a continuaci\u00f3n se describe metab\u00f3licamente como responden las c\u00e9lulas endoteliales a est\u00edmulos angiog\u00e9nicos, un proceso clave que activan los tumores para suplir sus necesidades de nutrientes y ox\u00edgeno.  en el tercer cap\u00edtulo, utilizando tanto herramientas experimentales como herramientas bioinform\u00e1ticas desarrolladas con este fin, se lleva a cabo un estudio detallado de los cambios en los flujos metab\u00f3licos principales que sufre una c\u00e9lula leuc\u00e9mica cuando se intenta forzar su muerte celular programada. en el cap\u00edtulo cuarto se profundiza sobre los cambios a nivel metab\u00f3lico, concretamente los cambios en la ruta de las pentosas fosfato, que se dan durante la progresi\u00f3n del ciclo celular en dos l\u00edneas celulares de c\u00e1ncer de colon. Para finalizar, el<\/p>\n<p>&nbsp;<\/p>\n<h3>Datos acad\u00e9micos de la tesis doctoral \u00ab<strong>Control metab\u00f3lico de los procesos implicados en la transformaci\u00f3n y la progresi\u00f3n tumoral<\/strong>\u00ab<\/h3>\n<ul>\n<li><strong>T\u00edtulo de la tesis:<\/strong>\u00a0 Control metab\u00f3lico de los procesos implicados en la transformaci\u00f3n y la progresi\u00f3n tumoral <\/li>\n<li><strong>Autor:<\/strong>\u00a0 Pedro Viz\u00e1n Carralc\u00e1zar <\/li>\n<li><strong>Universidad:<\/strong>\u00a0 Barcelona<\/li>\n<li><strong>Fecha de lectura de la tesis:<\/strong>\u00a0 30\/03\/2007<\/li>\n<\/ul>\n<p>&nbsp;<\/p>\n<h3>Direcci\u00f3n y tribunal<\/h3>\n<ul>\n<li><strong>Director de la tesis<\/strong>\n<ul>\n<li>Marta Cascante Serratosa<\/li>\n<\/ul>\n<\/li>\n<li><strong>Tribunal<\/strong>\n<ul>\n<li>Presidente del tribunal: oriol Bachs valldeneu <\/li>\n<li>roser L\u00f3pez alemany (vocal)<\/li>\n<li>adela Lopez de cerain salsamendi (vocal)<\/li>\n<li>ram\u00f3n Messeguer peypoch (vocal)<\/li>\n<\/ul>\n<\/li>\n<\/ul>\n<p>&nbsp;<\/p>\n","protected":false},"excerpt":{"rendered":"<p>Tesis doctoral de Pedro Viz\u00e1n Carralc\u00e1zar El objetivo de esta tesis doctoral es profundizar en el conocimiento del metabolismo celular, [&hellip;]<\/p>\n","protected":false},"author":1,"featured_media":0,"comment_status":"open","ping_status":"open","sticky":false,"template":"","format":"standard","meta":{"site-sidebar-layout":"default","site-content-layout":"","ast-site-content-layout":"","site-content-style":"default","site-sidebar-style":"default","ast-global-header-display":"","ast-banner-title-visibility":"","ast-main-header-display":"","ast-hfb-above-header-display":"","ast-hfb-below-header-display":"","ast-hfb-mobile-header-display":"","site-post-title":"","ast-breadcrumbs-content":"","ast-featured-img":"","footer-sml-layout":"","theme-transparent-header-meta":"","adv-header-id-meta":"","stick-header-meta":"","header-above-stick-meta":"","header-main-stick-meta":"","header-below-stick-meta":"","astra-migrate-meta-layouts":"default","ast-page-background-enabled":"default","ast-page-background-meta":{"desktop":{"background-color":"var(--ast-global-color-4)","background-image":"","background-repeat":"repeat","background-position":"center center","background-size":"auto","background-attachment":"scroll","background-type":"","background-media":"","overlay-type":"","overlay-color":"","overlay-gradient":""},"tablet":{"background-color":"","background-image":"","background-repeat":"repeat","background-position":"center center","background-size":"auto","background-attachment":"scroll","background-type":"","background-media":"","overlay-type":"","overlay-color":"","overlay-gradient":""},"mobile":{"background-color":"","background-image":"","background-repeat":"repeat","background-position":"center center","background-size":"auto","background-attachment":"scroll","background-type":"","background-media":"","overlay-type":"","overlay-color":"","overlay-gradient":""}},"ast-content-background-meta":{"desktop":{"background-color":"var(--ast-global-color-5)","background-image":"","background-repeat":"repeat","background-position":"center center","background-size":"auto","background-attachment":"scroll","background-type":"","background-media":"","overlay-type":"","overlay-color":"","overlay-gradient":""},"tablet":{"background-color":"var(--ast-global-color-5)","background-image":"","background-repeat":"repeat","background-position":"center center","background-size":"auto","background-attachment":"scroll","background-type":"","background-media":"","overlay-type":"","overlay-color":"","overlay-gradient":""},"mobile":{"background-color":"var(--ast-global-color-5)","background-image":"","background-repeat":"repeat","background-position":"center center","background-size":"auto","background-attachment":"scroll","background-type":"","background-media":"","overlay-type":"","overlay-color":"","overlay-gradient":""}},"footnotes":""},"categories":[951,36483,9399,11414,91],"tags":[32121,33754,19178,127703,20319,99535],"class_list":["post-57788","post","type-post","status-publish","format-standard","hentry","category-barcelona","category-biologia-molecular","category-cultivo-celular","category-metabolismo-humano","category-procesos-metabolicos","tag-adela-lopez-de-cerain-salsamendi","tag-marta-cascante-serratosa","tag-oriol-bachs-valldeneu","tag-pedro-vizan-carralcazar","tag-ramon-messeguer-peypoch","tag-roser-lopez-alemany"],"_links":{"self":[{"href":"https:\/\/www.deberes.net\/tesis\/wp-json\/wp\/v2\/posts\/57788","targetHints":{"allow":["GET"]}}],"collection":[{"href":"https:\/\/www.deberes.net\/tesis\/wp-json\/wp\/v2\/posts"}],"about":[{"href":"https:\/\/www.deberes.net\/tesis\/wp-json\/wp\/v2\/types\/post"}],"author":[{"embeddable":true,"href":"https:\/\/www.deberes.net\/tesis\/wp-json\/wp\/v2\/users\/1"}],"replies":[{"embeddable":true,"href":"https:\/\/www.deberes.net\/tesis\/wp-json\/wp\/v2\/comments?post=57788"}],"version-history":[{"count":0,"href":"https:\/\/www.deberes.net\/tesis\/wp-json\/wp\/v2\/posts\/57788\/revisions"}],"wp:attachment":[{"href":"https:\/\/www.deberes.net\/tesis\/wp-json\/wp\/v2\/media?parent=57788"}],"wp:term":[{"taxonomy":"category","embeddable":true,"href":"https:\/\/www.deberes.net\/tesis\/wp-json\/wp\/v2\/categories?post=57788"},{"taxonomy":"post_tag","embeddable":true,"href":"https:\/\/www.deberes.net\/tesis\/wp-json\/wp\/v2\/tags?post=57788"}],"curies":[{"name":"wp","href":"https:\/\/api.w.org\/{rel}","templated":true}]}}