{"id":57803,"date":"2018-03-09T22:45:36","date_gmt":"2018-03-09T22:45:36","guid":{"rendered":"https:\/\/www.deberes.net\/tesis\/sin-categoria\/la-administracion-de-justicia-en-las-comunidades-autonomas-situacion-actual-y-perspectiva-de-reforma\/"},"modified":"2018-03-09T22:45:36","modified_gmt":"2018-03-09T22:45:36","slug":"la-administracion-de-justicia-en-las-comunidades-autonomas-situacion-actual-y-perspectiva-de-reforma","status":"publish","type":"post","link":"https:\/\/www.deberes.net\/tesis\/derecho-procesal\/la-administracion-de-justicia-en-las-comunidades-autonomas-situacion-actual-y-perspectiva-de-reforma\/","title":{"rendered":"La administraci\u00f3n de justicia en las comunidades aut\u00f3nomas: situaci\u00f3n actual y perspectiva de reforma"},"content":{"rendered":"<h2>Tesis doctoral de <strong> Alberto Saiz Garitaonandia <\/strong><\/h2>\n<p>En la presente tesis doctoral se analiza la organizaci\u00f3n de la administraci\u00f3n de justicia en espa\u00f1a, poniendo especial inter\u00e9s en las competencias de la misma que se vienen desarrollando en las comunidades aut\u00f3nomas. la estructura de la tesis doctoral ser\u00eda la siguiente:  parte i: la jurisdicci\u00f3n y sus principios fundamentales en el estado de derecho. Se estudia el concepto moderno de poder judicial, y su reflejo en la constituci\u00f3n espa\u00f1ola d e1978, se pone un especial inter\u00e9s e el principio de independencia judicial y el principio de unidad jurisdiccional, analizando este \u00faltimo desde el punto de vista de la estructuraci\u00f3n del estado espa\u00f1ol en comunidades aut\u00f3nomas.  parte ii:  el gobierno del poder judicial y su proyecci\u00f3n en el estado auton\u00f3mico. Se examina el consejo general del poder judicial como \u00f3rgano de gobierno superior del poder judicial en espa\u00f1a, as\u00ed como la forma de afrontar esta cuesti\u00f3n en otros pa\u00edses compuestos (italia y estados unidos de am\u00e9rica). Tambi\u00e9n se analizan las salas de gobierno de los tribunales superiores de justicia, como \u00f3rganos de gobierno descentralizados a nivel auton\u00f3mico, as\u00ed como la posibilidad de crear consejos de justicia en los citados territorios.  parte iii: competencias de ls instituciones de las comunidades aut\u00f3nomas en la gesti\u00f3n de la administraci\u00f3n de justicia y las demarcaciones judiciales. Se estudia la distribuci\u00f3n de la competencia sobre los medios personales y materiales que intervienen en la administraci\u00f3n de justicia entre el estado y las comunidades aut\u00f3nomas, as\u00ed como las posibilidades de \u00e9stas de intervenir en la fijaci\u00f3n de las demarcaciones judiciales de su territorio.  parte iv: la realidad auton\u00f3mica y su proyecci\u00f3n a nivel organizativo-jurisdiccional. Los tribunales superiores de justicia. La justicia  de proximidad. Se analiza el tribunal superior de justicia como m\u00e1ximo \u00f3rgano jurisdiccional en las comunidades aut\u00f3noma, subrayando sus actuales competen<\/p>\n<p>&nbsp;<\/p>\n<h3>Datos acad\u00e9micos de la tesis doctoral \u00ab<strong>La administraci\u00f3n de justicia en las comunidades aut\u00f3nomas: situaci\u00f3n actual y perspectiva de reforma<\/strong>\u00ab<\/h3>\n<ul>\n<li><strong>T\u00edtulo de la tesis:<\/strong>\u00a0 La administraci\u00f3n de justicia en las comunidades aut\u00f3nomas: situaci\u00f3n actual y perspectiva de reforma <\/li>\n<li><strong>Autor:<\/strong>\u00a0 Alberto Saiz Garitaonandia <\/li>\n<li><strong>Universidad:<\/strong>\u00a0 Pa\u00eds vasco\/euskal herriko unibertsitatea<\/li>\n<li><strong>Fecha de lectura de la tesis:<\/strong>\u00a0 30\/03\/2007<\/li>\n<\/ul>\n<p>&nbsp;<\/p>\n<h3>Direcci\u00f3n y tribunal<\/h3>\n<ul>\n<li><strong>Director de la tesis<\/strong>\n<ul>\n<li>I\u00f1aki Esparza Leibar<\/li>\n<\/ul>\n<\/li>\n<li><strong>Tribunal<\/strong>\n<ul>\n<li>Presidente del tribunal: Juan Montero aroca <\/li>\n<li>victor Moreno catena (vocal)<\/li>\n<li>silvia Varona vilar (vocal)<\/li>\n<li>Juan  Luis Gomez colomer (vocal)<\/li>\n<\/ul>\n<\/li>\n<\/ul>\n<p>&nbsp;<\/p>\n","protected":false},"excerpt":{"rendered":"<p>Tesis doctoral de Alberto Saiz Garitaonandia En la presente tesis doctoral se analiza la organizaci\u00f3n de la administraci\u00f3n de justicia [&hellip;]<\/p>\n","protected":false},"author":1,"featured_media":0,"comment_status":"open","ping_status":"open","sticky":false,"template":"","format":"standard","meta":{"site-sidebar-layout":"default","site-content-layout":"","ast-site-content-layout":"","site-content-style":"default","site-sidebar-style":"default","ast-global-header-display":"","ast-banner-title-visibility":"","ast-main-header-display":"","ast-hfb-above-header-display":"","ast-hfb-below-header-display":"","ast-hfb-mobile-header-display":"","site-post-title":"","ast-breadcrumbs-content":"","ast-featured-img":"","footer-sml-layout":"","theme-transparent-header-meta":"","adv-header-id-meta":"","stick-header-meta":"","header-above-stick-meta":"","header-main-stick-meta":"","header-below-stick-meta":"","astra-migrate-meta-layouts":"default","ast-page-background-enabled":"default","ast-page-background-meta":{"desktop":{"background-color":"var(--ast-global-color-4)","background-image":"","background-repeat":"repeat","background-position":"center center","background-size":"auto","background-attachment":"scroll","background-type":"","background-media":"","overlay-type":"","overlay-color":"","overlay-gradient":""},"tablet":{"background-color":"","background-image":"","background-repeat":"repeat","background-position":"center center","background-size":"auto","background-attachment":"scroll","background-type":"","background-media":"","overlay-type":"","overlay-color":"","overlay-gradient":""},"mobile":{"background-color":"","background-image":"","background-repeat":"repeat","background-position":"center center","background-size":"auto","background-attachment":"scroll","background-type":"","background-media":"","overlay-type":"","overlay-color":"","overlay-gradient":""}},"ast-content-background-meta":{"desktop":{"background-color":"var(--ast-global-color-5)","background-image":"","background-repeat":"repeat","background-position":"center center","background-size":"auto","background-attachment":"scroll","background-type":"","background-media":"","overlay-type":"","overlay-color":"","overlay-gradient":""},"tablet":{"background-color":"var(--ast-global-color-5)","background-image":"","background-repeat":"repeat","background-position":"center center","background-size":"auto","background-attachment":"scroll","background-type":"","background-media":"","overlay-type":"","overlay-color":"","overlay-gradient":""},"mobile":{"background-color":"var(--ast-global-color-5)","background-image":"","background-repeat":"repeat","background-position":"center center","background-size":"auto","background-attachment":"scroll","background-type":"","background-media":"","overlay-type":"","overlay-color":"","overlay-gradient":""}},"footnotes":""},"categories":[3620,12909],"tags":[127726,18729,18730,12325,127727,11249],"class_list":["post-57803","post","type-post","status-publish","format-standard","hentry","category-derecho-procesal","category-pais-vasco-euskal-herriko-unibertsitatea","tag-alberto-saiz-garitaonandia","tag-inaki-esparza-leibar","tag-juan-luis-gomez-colomer","tag-juan-montero-aroca","tag-silvia-varona-vilar","tag-victor-moreno-catena"],"_links":{"self":[{"href":"https:\/\/www.deberes.net\/tesis\/wp-json\/wp\/v2\/posts\/57803","targetHints":{"allow":["GET"]}}],"collection":[{"href":"https:\/\/www.deberes.net\/tesis\/wp-json\/wp\/v2\/posts"}],"about":[{"href":"https:\/\/www.deberes.net\/tesis\/wp-json\/wp\/v2\/types\/post"}],"author":[{"embeddable":true,"href":"https:\/\/www.deberes.net\/tesis\/wp-json\/wp\/v2\/users\/1"}],"replies":[{"embeddable":true,"href":"https:\/\/www.deberes.net\/tesis\/wp-json\/wp\/v2\/comments?post=57803"}],"version-history":[{"count":0,"href":"https:\/\/www.deberes.net\/tesis\/wp-json\/wp\/v2\/posts\/57803\/revisions"}],"wp:attachment":[{"href":"https:\/\/www.deberes.net\/tesis\/wp-json\/wp\/v2\/media?parent=57803"}],"wp:term":[{"taxonomy":"category","embeddable":true,"href":"https:\/\/www.deberes.net\/tesis\/wp-json\/wp\/v2\/categories?post=57803"},{"taxonomy":"post_tag","embeddable":true,"href":"https:\/\/www.deberes.net\/tesis\/wp-json\/wp\/v2\/tags?post=57803"}],"curies":[{"name":"wp","href":"https:\/\/api.w.org\/{rel}","templated":true}]}}