{"id":57813,"date":"2018-03-09T22:45:40","date_gmt":"2018-03-09T22:45:40","guid":{"rendered":"https:\/\/www.deberes.net\/tesis\/sin-categoria\/tecnicas-de-reconstruccion-en-la-segmentacion-de-imagenes-analisis-y-aplicaciones\/"},"modified":"2018-03-09T22:45:40","modified_gmt":"2018-03-09T22:45:40","slug":"tecnicas-de-reconstruccion-en-la-segmentacion-de-imagenes-analisis-y-aplicaciones","status":"publish","type":"post","link":"https:\/\/www.deberes.net\/tesis\/diseno-de-filtros\/tecnicas-de-reconstruccion-en-la-segmentacion-de-imagenes-analisis-y-aplicaciones\/","title":{"rendered":"T\u00e9cnicas de reconstrucci\u00f3n en la segmentaci\u00f3n de im\u00e1genes: an\u00e1lisis y aplicaciones"},"content":{"rendered":"<h2>Tesis doctoral de <strong> Dami\u00e1n Vargas V\u00e1zquez <\/strong><\/h2>\n<p>El tratamiento y an\u00e1lisis de im\u00e1genes es un campo en constante innovaci\u00f3n. Uno de sus objetivos es el mejorar la calidad de las im\u00e1genes para facilitar la b\u00fasqueda de informaci\u00f3n. Una vez modificada y mejorada la imagen, se inicia un proceso de segmentaci\u00f3n que permite dividirla en regiones de inter\u00e9s para su clasificaci\u00f3n. La segmentaci\u00f3n de im\u00e1genes consiste en agrupar regiones visuales en t\u00e9rminos conocidos y su resultado es utilizado en m\u00faltiples aplicaciones de toda \u00edndole. el trabajo de esta memoria centra el dominio de la aplicaci\u00f3n en el campo de las im\u00e1genes biom\u00e9dicas. Segmentar y reconstruir de manera precisa las estructuras de este tipo de im\u00e1genes es dif\u00edcil, debido a la complejidad y variabilidad de las formas anat\u00f3micas y estructuras celulares de inter\u00e9s. La morfolog\u00eda matem\u00e1tica (m.M.) tiene un lugar especial en el an\u00e1lisis y procesamiento de im\u00e1genes. en este trabajo se experimentar\u00e1 con una serie de transformaciones y herramientas basadas en la m.M. Para la segmentaci\u00f3n de im\u00e1genes. por un lado, se propone la modificaci\u00f3n y posterior utilizaci\u00f3n de una nueva clase de filtros morfol\u00f3gicos: las emph{aperturas y cierres con criterio de reconstrucci\u00f3n}. Este tipo de filtros incluye un criterio adicional que permite controlar el proceso de reconstrucci\u00f3n. En particular, se puede limitar la reconstrucci\u00f3n excesiva de zonas planas que se presenta en ocasiones en las transformaciones por reconstrucci\u00f3n. Adem\u00e1s, es posible separar, si as\u00ed se quiere, ciertas regiones de la imagen. Usando t\u00e9cnicas de m.M. Para segmentar una imagen de entrada, se aprovechan las ventajas de las propiedades mencionadas para calcular los marcadores de las regiones significativas. Estas propiedades son usadas para la segmentaci\u00f3n de im\u00e1genes m\u00e9dicas, sin embargo pueden ser usadas en otros campos. por otra parte, se propone un nuevo m\u00e9todo de segmentaci\u00f3n basado en la transformada \u00abwatershed\u00bb. En este m\u00e9todo<\/p>\n<p>&nbsp;<\/p>\n<h3>Datos acad\u00e9micos de la tesis doctoral \u00ab<strong>T\u00e9cnicas de reconstrucci\u00f3n en la segmentaci\u00f3n de im\u00e1genes: an\u00e1lisis y aplicaciones<\/strong>\u00ab<\/h3>\n<ul>\n<li><strong>T\u00edtulo de la tesis:<\/strong>\u00a0 T\u00e9cnicas de reconstrucci\u00f3n en la segmentaci\u00f3n de im\u00e1genes: an\u00e1lisis y aplicaciones <\/li>\n<li><strong>Autor:<\/strong>\u00a0 Dami\u00e1n Vargas V\u00e1zquez <\/li>\n<li><strong>Universidad:<\/strong>\u00a0 Polit\u00e9cnica de Madrid<\/li>\n<li><strong>Fecha de lectura de la tesis:<\/strong>\u00a0 30\/03\/2007<\/li>\n<\/ul>\n<p>&nbsp;<\/p>\n<h3>Direcci\u00f3n y tribunal<\/h3>\n<ul>\n<li><strong>Director de la tesis<\/strong>\n<ul>\n<li> Crespo Del Arco Jos\u00e9<\/li>\n<\/ul>\n<\/li>\n<li><strong>Tribunal<\/strong>\n<ul>\n<li>Presidente del tribunal: Jos\u00e9 Luis Mat\u00e9 hern\u00e1ndez <\/li>\n<li>alejandro Pazos sierra (vocal)<\/li>\n<li>Juan Pazos sierra (vocal)<\/li>\n<li>anselmo Del moral bueno (vocal)<\/li>\n<\/ul>\n<\/li>\n<\/ul>\n<p>&nbsp;<\/p>\n","protected":false},"excerpt":{"rendered":"<p>Tesis doctoral de Dami\u00e1n Vargas V\u00e1zquez El tratamiento y an\u00e1lisis de im\u00e1genes es un campo en constante innovaci\u00f3n. Uno de [&hellip;]<\/p>\n","protected":false},"author":1,"featured_media":0,"comment_status":"open","ping_status":"open","sticky":false,"template":"","format":"standard","meta":{"site-sidebar-layout":"default","site-content-layout":"","ast-site-content-layout":"","site-content-style":"default","site-sidebar-style":"default","ast-global-header-display":"","ast-banner-title-visibility":"","ast-main-header-display":"","ast-hfb-above-header-display":"","ast-hfb-below-header-display":"","ast-hfb-mobile-header-display":"","site-post-title":"","ast-breadcrumbs-content":"","ast-featured-img":"","footer-sml-layout":"","theme-transparent-header-meta":"","adv-header-id-meta":"","stick-header-meta":"","header-above-stick-meta":"","header-main-stick-meta":"","header-below-stick-meta":"","astra-migrate-meta-layouts":"default","ast-page-background-enabled":"default","ast-page-background-meta":{"desktop":{"background-color":"var(--ast-global-color-4)","background-image":"","background-repeat":"repeat","background-position":"center center","background-size":"auto","background-attachment":"scroll","background-type":"","background-media":"","overlay-type":"","overlay-color":"","overlay-gradient":""},"tablet":{"background-color":"","background-image":"","background-repeat":"repeat","background-position":"center center","background-size":"auto","background-attachment":"scroll","background-type":"","background-media":"","overlay-type":"","overlay-color":"","overlay-gradient":""},"mobile":{"background-color":"","background-image":"","background-repeat":"repeat","background-position":"center center","background-size":"auto","background-attachment":"scroll","background-type":"","background-media":"","overlay-type":"","overlay-color":"","overlay-gradient":""}},"ast-content-background-meta":{"desktop":{"background-color":"var(--ast-global-color-5)","background-image":"","background-repeat":"repeat","background-position":"center center","background-size":"auto","background-attachment":"scroll","background-type":"","background-media":"","overlay-type":"","overlay-color":"","overlay-gradient":""},"tablet":{"background-color":"var(--ast-global-color-5)","background-image":"","background-repeat":"repeat","background-position":"center center","background-size":"auto","background-attachment":"scroll","background-type":"","background-media":"","overlay-type":"","overlay-color":"","overlay-gradient":""},"mobile":{"background-color":"var(--ast-global-color-5)","background-image":"","background-repeat":"repeat","background-position":"center center","background-size":"auto","background-attachment":"scroll","background-type":"","background-media":"","overlay-type":"","overlay-color":"","overlay-gradient":""}},"footnotes":""},"categories":[8097,11013,16008,9462,21130],"tags":[16108,13598,127751,127750,8091,4012],"class_list":["post-57813","post","type-post","status-publish","format-standard","hentry","category-diseno-de-filtros","category-ingenieria-de-control","category-politecnica-de-madrid","category-tecnologia-de-la-automatizacion","category-tratamiento-digital-de-imagenes","tag-alejandro-pazos-sierra","tag-anselmo-del-moral-bueno","tag-crespo-del-arco-jose","tag-damian-vargas-vazquez","tag-jose-luis-mate-hernandez","tag-juan-pazos-sierra"],"_links":{"self":[{"href":"https:\/\/www.deberes.net\/tesis\/wp-json\/wp\/v2\/posts\/57813","targetHints":{"allow":["GET"]}}],"collection":[{"href":"https:\/\/www.deberes.net\/tesis\/wp-json\/wp\/v2\/posts"}],"about":[{"href":"https:\/\/www.deberes.net\/tesis\/wp-json\/wp\/v2\/types\/post"}],"author":[{"embeddable":true,"href":"https:\/\/www.deberes.net\/tesis\/wp-json\/wp\/v2\/users\/1"}],"replies":[{"embeddable":true,"href":"https:\/\/www.deberes.net\/tesis\/wp-json\/wp\/v2\/comments?post=57813"}],"version-history":[{"count":0,"href":"https:\/\/www.deberes.net\/tesis\/wp-json\/wp\/v2\/posts\/57813\/revisions"}],"wp:attachment":[{"href":"https:\/\/www.deberes.net\/tesis\/wp-json\/wp\/v2\/media?parent=57813"}],"wp:term":[{"taxonomy":"category","embeddable":true,"href":"https:\/\/www.deberes.net\/tesis\/wp-json\/wp\/v2\/categories?post=57813"},{"taxonomy":"post_tag","embeddable":true,"href":"https:\/\/www.deberes.net\/tesis\/wp-json\/wp\/v2\/tags?post=57813"}],"curies":[{"name":"wp","href":"https:\/\/api.w.org\/{rel}","templated":true}]}}