{"id":57853,"date":"2007-02-04T00:00:00","date_gmt":"2007-02-04T00:00:00","guid":{"rendered":"https:\/\/www.deberes.net\/tesis\/sin-categoria\/el-apoyo-academico-a-los-deportistas-de-elite-en-edad-escolar-estudio-comparado-de-las-disposiciones-y-medidas-adoptadas-en-espana-por-las-comunidades-autonomas\/"},"modified":"2007-02-04T00:00:00","modified_gmt":"2007-02-04T00:00:00","slug":"el-apoyo-academico-a-los-deportistas-de-elite-en-edad-escolar-estudio-comparado-de-las-disposiciones-y-medidas-adoptadas-en-espana-por-las-comunidades-autonomas","status":"publish","type":"post","link":"https:\/\/www.deberes.net\/tesis\/metodos-pedagogicos\/el-apoyo-academico-a-los-deportistas-de-elite-en-edad-escolar-estudio-comparado-de-las-disposiciones-y-medidas-adoptadas-en-espana-por-las-comunidades-autonomas\/","title":{"rendered":"El apoyo acad\u00e9mico a los deportistas de \u00e9lite en edad escolar. estudio comparado de las disposiciones y medidas adoptadas en espa\u00f1a por las comunidades aut\u00f3nomas."},"content":{"rendered":"<h2>Tesis doctoral de <strong> Ana Isabel Bastida Torr\u00f3ntegui <\/strong><\/h2>\n<p>An\u00e1lisis de las dificultades con las que se encuentran los alumnos de secundaria y bachillerato para simultanear sus estudios con un exigente entrenamiento deportivo, y la identificaci\u00f3n de los posibles factores que pueden influir en ellas, considerando las ayudas y apoyos acad\u00e9micos que reciben por parte de los organismos competentes, as\u00ed como las semejanzas y diferencias que se establecen respecto a la administraci\u00f3n de estas ayudas por parte de la diferentes comunidades aut\u00f3nomas.  la protecci\u00f3n del menor, la disyuntiva deporte\/educaci\u00f3n, la protecci\u00f3n del deportista y la atenci\u00f3n a la diversidad enmarcan el an\u00e1lisis de la legislaci\u00f3n educativa, la legislaci\u00f3n deportiva y las diferentes soluciones aportadas por los 40 centros de alto rendimiento y tecnificaci\u00f3n deportiva de las 17 comunidades aut\u00f3nomas comparadas: todo ello en el contexto del sistema educativo espa\u00f1ol.  se concluye que: el apoyo acad\u00e9mico se incrementa en el periodo 2000-2005 pero, a\u00fan, es insuficiente, disperso, desigual y sin coordinaci\u00f3n, tanto en la legislaci\u00f3n como en las medidas concretas. Las m\u00e1s comunes son las adaptaciones de horarios y fechas de ex\u00e1menes, y las menos habituales, la convalidaci\u00f3n de asignaturas (educaci\u00f3n f\u00edsica y optativa) y la fragmentaci\u00f3n de los cursos de bachillerato. En la mayor\u00eda de los casos estas medidas se han adoptado gracias a acuerdos de buena voluntad. Existe una discriminaci\u00f3n a favor de otros estudiantes como, por ejemplo, los de m\u00fasica y danza o los infra\/superdotados. La legislaci\u00f3n educativa, tanto estatal como auton\u00f3mica, ofrece resquicios para solucionar o paliar la disyuntiva acad\u00e9mico-deportiva.<\/p>\n<p>&nbsp;<\/p>\n<h3>Datos acad\u00e9micos de la tesis doctoral \u00ab<strong>El apoyo acad\u00e9mico a los deportistas de \u00e9lite en edad escolar. estudio comparado de las disposiciones y medidas adoptadas en espa\u00f1a por las comunidades aut\u00f3nomas.<\/strong>\u00ab<\/h3>\n<ul>\n<li><strong>T\u00edtulo de la tesis:<\/strong>\u00a0 El apoyo acad\u00e9mico a los deportistas de \u00e9lite en edad escolar. estudio comparado de las disposiciones y medidas adoptadas en espa\u00f1a por las comunidades aut\u00f3nomas. <\/li>\n<li><strong>Autor:<\/strong>\u00a0 Ana Isabel Bastida Torr\u00f3ntegui <\/li>\n<li><strong>Universidad:<\/strong>\u00a0 Universitat de val\u00e9ncia (estudi general)<\/li>\n<li><strong>Fecha de lectura de la tesis:<\/strong>\u00a0 02\/04\/2007<\/li>\n<\/ul>\n<p>&nbsp;<\/p>\n<h3>Direcci\u00f3n y tribunal<\/h3>\n<ul>\n<li><strong>Director de la tesis<\/strong>\n<ul>\n<li> Senent S\u00e1nchez Joan Mar\u00eda<\/li>\n<\/ul>\n<\/li>\n<li><strong>Tribunal<\/strong>\n<ul>\n<li>Presidente del tribunal: ram\u00f3n L\u00f3pez mart\u00edn <\/li>\n<li>eduardo Busso quadro (vocal)<\/li>\n<li>gonzalo Cuadrado s\u00e1enz (vocal)<\/li>\n<li> Naya garmendia Luis Mar\u00eda (vocal)<\/li>\n<\/ul>\n<\/li>\n<\/ul>\n<p>&nbsp;<\/p>\n","protected":false},"excerpt":{"rendered":"<p>Tesis doctoral de Ana Isabel Bastida Torr\u00f3ntegui An\u00e1lisis de las dificultades con las que se encuentran los alumnos de secundaria [&hellip;]<\/p>\n","protected":false},"author":1,"featured_media":0,"comment_status":"open","ping_status":"open","sticky":false,"template":"","format":"standard","meta":{"site-sidebar-layout":"default","site-content-layout":"","ast-site-content-layout":"","site-content-style":"default","site-sidebar-style":"default","ast-global-header-display":"","ast-banner-title-visibility":"","ast-main-header-display":"","ast-hfb-above-header-display":"","ast-hfb-below-header-display":"","ast-hfb-mobile-header-display":"","site-post-title":"","ast-breadcrumbs-content":"","ast-featured-img":"","footer-sml-layout":"","theme-transparent-header-meta":"","adv-header-id-meta":"","stick-header-meta":"","header-above-stick-meta":"","header-main-stick-meta":"","header-below-stick-meta":"","astra-migrate-meta-layouts":"default","ast-page-background-enabled":"default","ast-page-background-meta":{"desktop":{"background-color":"var(--ast-global-color-4)","background-image":"","background-repeat":"repeat","background-position":"center center","background-size":"auto","background-attachment":"scroll","background-type":"","background-media":"","overlay-type":"","overlay-color":"","overlay-gradient":""},"tablet":{"background-color":"","background-image":"","background-repeat":"repeat","background-position":"center center","background-size":"auto","background-attachment":"scroll","background-type":"","background-media":"","overlay-type":"","overlay-color":"","overlay-gradient":""},"mobile":{"background-color":"","background-image":"","background-repeat":"repeat","background-position":"center center","background-size":"auto","background-attachment":"scroll","background-type":"","background-media":"","overlay-type":"","overlay-color":"","overlay-gradient":""}},"ast-content-background-meta":{"desktop":{"background-color":"var(--ast-global-color-5)","background-image":"","background-repeat":"repeat","background-position":"center center","background-size":"auto","background-attachment":"scroll","background-type":"","background-media":"","overlay-type":"","overlay-color":"","overlay-gradient":""},"tablet":{"background-color":"var(--ast-global-color-5)","background-image":"","background-repeat":"repeat","background-position":"center center","background-size":"auto","background-attachment":"scroll","background-type":"","background-media":"","overlay-type":"","overlay-color":"","overlay-gradient":""},"mobile":{"background-color":"var(--ast-global-color-5)","background-image":"","background-repeat":"repeat","background-position":"center center","background-size":"auto","background-attachment":"scroll","background-type":"","background-media":"","overlay-type":"","overlay-color":"","overlay-gradient":""}},"footnotes":""},"categories":[6020,2233,7611,5714],"tags":[127830,72733,36016,81965,10729,43821],"class_list":["post-57853","post","type-post","status-publish","format-standard","hentry","category-evaluacion-de-alumnos","category-metodos-pedagogicos","category-organizacion-y-direccion-de-las-instituciones-educativas","category-pedagogia-comparada","tag-ana-isabel-bastida-torrontegui","tag-eduardo-busso-quadro","tag-gonzalo-cuadrado-saenz","tag-naya-garmendia-luis-maria","tag-ramon-lopez-martin","tag-senent-sanchez-joan-maria"],"_links":{"self":[{"href":"https:\/\/www.deberes.net\/tesis\/wp-json\/wp\/v2\/posts\/57853","targetHints":{"allow":["GET"]}}],"collection":[{"href":"https:\/\/www.deberes.net\/tesis\/wp-json\/wp\/v2\/posts"}],"about":[{"href":"https:\/\/www.deberes.net\/tesis\/wp-json\/wp\/v2\/types\/post"}],"author":[{"embeddable":true,"href":"https:\/\/www.deberes.net\/tesis\/wp-json\/wp\/v2\/users\/1"}],"replies":[{"embeddable":true,"href":"https:\/\/www.deberes.net\/tesis\/wp-json\/wp\/v2\/comments?post=57853"}],"version-history":[{"count":0,"href":"https:\/\/www.deberes.net\/tesis\/wp-json\/wp\/v2\/posts\/57853\/revisions"}],"wp:attachment":[{"href":"https:\/\/www.deberes.net\/tesis\/wp-json\/wp\/v2\/media?parent=57853"}],"wp:term":[{"taxonomy":"category","embeddable":true,"href":"https:\/\/www.deberes.net\/tesis\/wp-json\/wp\/v2\/categories?post=57853"},{"taxonomy":"post_tag","embeddable":true,"href":"https:\/\/www.deberes.net\/tesis\/wp-json\/wp\/v2\/tags?post=57853"}],"curies":[{"name":"wp","href":"https:\/\/api.w.org\/{rel}","templated":true}]}}