{"id":57873,"date":"2007-09-04T00:00:00","date_gmt":"2007-09-04T00:00:00","guid":{"rendered":"https:\/\/www.deberes.net\/tesis\/sin-categoria\/derecho-penitenciario-y-derechos-fundamentales-de-las-personas-privadas-de-la-libertad-en-colombia\/"},"modified":"2007-09-04T00:00:00","modified_gmt":"2007-09-04T00:00:00","slug":"derecho-penitenciario-y-derechos-fundamentales-de-las-personas-privadas-de-la-libertad-en-colombia","status":"publish","type":"post","link":"https:\/\/www.deberes.net\/tesis\/derecho-penal\/derecho-penitenciario-y-derechos-fundamentales-de-las-personas-privadas-de-la-libertad-en-colombia\/","title":{"rendered":"Derecho penitenciario y derechos fundamentales de las personas privadas de la libertad en colombia"},"content":{"rendered":"<h2>Tesis doctoral de <strong>  Posada Segura Juan  David <\/strong><\/h2>\n<p>En la tesis doctoral, se observa la norma y los procesos de creaci\u00f3n, interpretaci\u00f3n y aplicaci\u00f3n normativa en materia penitenciaria y de derechos fundamentales relacionados con la privaci\u00f3n de la libertad; lo que a su vez se hace en los niveles internacional, regional americano y nacional colombiano. ello se realiza en cuatro partes; en las tres partes iniciales se contextualizan los procesos de creaci\u00f3n normativa, desde las grandes construcciones normativas universales en materia de derechos humanos, hasta las normas de menor jerarqu\u00eda legal en materia penitenciaria y de derechos relacionados con la privaci\u00f3n de la libertad que se expiden en colombia. La curta y \u00faltima parte presenta como eje del trabajo, un amplio cat\u00e1logo de derechos fundamentales relacionados con la privaci\u00f3n de la libertad, en el que se expone su sustento normativo internacional y nacional, su sustento jurisprudencia y el estado real de garant\u00eda o no e el que se encuentra cada uno de lso citados derechos en los centros de reclusi\u00f3n colombianos.<\/p>\n<p>&nbsp;<\/p>\n<h3>Datos acad\u00e9micos de la tesis doctoral \u00ab<strong>Derecho penitenciario y derechos fundamentales de las personas privadas de la libertad en colombia<\/strong>\u00ab<\/h3>\n<ul>\n<li><strong>T\u00edtulo de la tesis:<\/strong>\u00a0 Derecho penitenciario y derechos fundamentales de las personas privadas de la libertad en colombia <\/li>\n<li><strong>Autor:<\/strong>\u00a0  Posada Segura Juan  David <\/li>\n<li><strong>Universidad:<\/strong>\u00a0 Barcelona<\/li>\n<li><strong>Fecha de lectura de la tesis:<\/strong>\u00a0 09\/04\/2007<\/li>\n<\/ul>\n<p>&nbsp;<\/p>\n<h3>Direcci\u00f3n y tribunal<\/h3>\n<ul>\n<li><strong>Director de la tesis<\/strong>\n<ul>\n<li>Jos\u00e9 Rivera Beiras<\/li>\n<\/ul>\n<\/li>\n<li><strong>Tribunal<\/strong>\n<ul>\n<li>Presidente del tribunal:  P\u00e9rez de mendiguren pedro fraile <\/li>\n<li>julio Zino torraza (vocal)<\/li>\n<li>encarna Bodel\u00f3n gonz\u00e1lez (vocal)<\/li>\n<li>Mar\u00eda  victoria Berzosa francos (vocal)<\/li>\n<\/ul>\n<\/li>\n<\/ul>\n<p>&nbsp;<\/p>\n","protected":false},"excerpt":{"rendered":"<p>Tesis doctoral de Posada Segura Juan David En la tesis doctoral, se observa la norma y los procesos de creaci\u00f3n, [&hellip;]<\/p>\n","protected":false},"author":1,"featured_media":0,"comment_status":"open","ping_status":"open","sticky":false,"template":"","format":"standard","meta":{"site-sidebar-layout":"default","site-content-layout":"","ast-site-content-layout":"","site-content-style":"default","site-sidebar-style":"default","ast-global-header-display":"","ast-banner-title-visibility":"","ast-main-header-display":"","ast-hfb-above-header-display":"","ast-hfb-below-header-display":"","ast-hfb-mobile-header-display":"","site-post-title":"","ast-breadcrumbs-content":"","ast-featured-img":"","footer-sml-layout":"","theme-transparent-header-meta":"","adv-header-id-meta":"","stick-header-meta":"","header-above-stick-meta":"","header-main-stick-meta":"","header-below-stick-meta":"","astra-migrate-meta-layouts":"default","ast-page-background-enabled":"default","ast-page-background-meta":{"desktop":{"background-color":"var(--ast-global-color-4)","background-image":"","background-repeat":"repeat","background-position":"center center","background-size":"auto","background-attachment":"scroll","background-type":"","background-media":"","overlay-type":"","overlay-color":"","overlay-gradient":""},"tablet":{"background-color":"","background-image":"","background-repeat":"repeat","background-position":"center center","background-size":"auto","background-attachment":"scroll","background-type":"","background-media":"","overlay-type":"","overlay-color":"","overlay-gradient":""},"mobile":{"background-color":"","background-image":"","background-repeat":"repeat","background-position":"center center","background-size":"auto","background-attachment":"scroll","background-type":"","background-media":"","overlay-type":"","overlay-color":"","overlay-gradient":""}},"ast-content-background-meta":{"desktop":{"background-color":"var(--ast-global-color-5)","background-image":"","background-repeat":"repeat","background-position":"center center","background-size":"auto","background-attachment":"scroll","background-type":"","background-media":"","overlay-type":"","overlay-color":"","overlay-gradient":""},"tablet":{"background-color":"var(--ast-global-color-5)","background-image":"","background-repeat":"repeat","background-position":"center center","background-size":"auto","background-attachment":"scroll","background-type":"","background-media":"","overlay-type":"","overlay-color":"","overlay-gradient":""},"mobile":{"background-color":"var(--ast-global-color-5)","background-image":"","background-repeat":"repeat","background-position":"center center","background-size":"auto","background-attachment":"scroll","background-type":"","background-media":"","overlay-type":"","overlay-color":"","overlay-gradient":""}},"footnotes":""},"categories":[951,613],"tags":[84104,126750,126753,33872,127879,127878],"class_list":["post-57873","post","type-post","status-publish","format-standard","hentry","category-barcelona","category-derecho-penal","tag-encarna-bodelon-gonzalez","tag-jose-rivera-beiras","tag-julio-zino-torraza","tag-maria-victoria-berzosa-francos","tag-perez-de-mendiguren-pedro-fraile","tag-posada-segura-juan-david"],"_links":{"self":[{"href":"https:\/\/www.deberes.net\/tesis\/wp-json\/wp\/v2\/posts\/57873","targetHints":{"allow":["GET"]}}],"collection":[{"href":"https:\/\/www.deberes.net\/tesis\/wp-json\/wp\/v2\/posts"}],"about":[{"href":"https:\/\/www.deberes.net\/tesis\/wp-json\/wp\/v2\/types\/post"}],"author":[{"embeddable":true,"href":"https:\/\/www.deberes.net\/tesis\/wp-json\/wp\/v2\/users\/1"}],"replies":[{"embeddable":true,"href":"https:\/\/www.deberes.net\/tesis\/wp-json\/wp\/v2\/comments?post=57873"}],"version-history":[{"count":0,"href":"https:\/\/www.deberes.net\/tesis\/wp-json\/wp\/v2\/posts\/57873\/revisions"}],"wp:attachment":[{"href":"https:\/\/www.deberes.net\/tesis\/wp-json\/wp\/v2\/media?parent=57873"}],"wp:term":[{"taxonomy":"category","embeddable":true,"href":"https:\/\/www.deberes.net\/tesis\/wp-json\/wp\/v2\/categories?post=57873"},{"taxonomy":"post_tag","embeddable":true,"href":"https:\/\/www.deberes.net\/tesis\/wp-json\/wp\/v2\/tags?post=57873"}],"curies":[{"name":"wp","href":"https:\/\/api.w.org\/{rel}","templated":true}]}}