{"id":57894,"date":"2007-11-04T00:00:00","date_gmt":"2007-11-04T00:00:00","guid":{"rendered":"https:\/\/www.deberes.net\/tesis\/sin-categoria\/efecto-de-la-suplementacion-de-la-dieta-con-acidos-grasos-del-tipo-n-3-sobre-la-capacidad-funcional-de-los-lesionados-medulares\/"},"modified":"2007-11-04T00:00:00","modified_gmt":"2007-11-04T00:00:00","slug":"efecto-de-la-suplementacion-de-la-dieta-con-acidos-grasos-del-tipo-n-3-sobre-la-capacidad-funcional-de-los-lesionados-medulares","status":"publish","type":"post","link":"https:\/\/www.deberes.net\/tesis\/ciencias-de-la-nutricion\/efecto-de-la-suplementacion-de-la-dieta-con-acidos-grasos-del-tipo-n-3-sobre-la-capacidad-funcional-de-los-lesionados-medulares\/","title":{"rendered":"Efecto de la suplementaci\u00f3n de la dieta con \u00e1cidos grasos del tipo n-3 sobre la capacidad funcional de los lesionados medulares"},"content":{"rendered":"<h2>Tesis doctoral de <strong> Joan Vidal Samso <\/strong><\/h2>\n<p>De las numerosas discapacidades que pueden afectar a la humanidad, la lesi\u00f3n o enfermedad grave de la m\u00e9dula espinal constituye una de las calamidades m\u00e1s devastadoras en la vida de una persona. Recientemente, se ha producido un progresivo inter\u00e9s en el estuido de las alteraciones cr\u00f3nicas de la funci\u00f3n cardiovascular, causa de una reducci\u00f3n de la capacidad al ejercicio de muchos lesionados medulares, as\u00ed como del aumento dela morbi-mortalidad. datos recientes muestran que las alteraciones cardiovasculares se han convertido en la primera causa de mortalidad entre las personas afectadas de una lm.     la posibilidad de conocer con detalle estas alteraciones representa el primer paso de cara a reducir factores de riesgo y as\u00ed posibilitar mejoras en la calidad de vida y longevidad en los lesionados medulares.     en las personas afectadas de una lesi\u00f3n medular, la capacidad f\u00edsica se encuentra reducida debido a la p\u00e9rdida directa del control motor y de la regulaciones simp\u00e1tica por debajo del nivel lesional. Los cl\u00ednicos e investigadores en el campo de la neurorrehabilitaci\u00f3n necesitan encontrar y poder comparar valores para los diferentes componentes de la actividad f\u00edsica (consumo de ox\u00edgeno, fuerza muscular de miembros superiores y funci\u00f3n respiratoria), de cara a determinar cuales son los focos de atenci\u00f3n de la rehabilitaci\u00f3n. Es necesario poder monitorizar los cambios de la actividad f\u00edsica para conocer la eficacia y efectividad de los programas de rehabilitaci\u00f3n a los que son sometidos las personas que han sufrido una lesi\u00f3n medular.     el objetivo de la tesis, es la de integral los diferentes componentes de la actividad f\u00edsica del sujeto que ha surgido una lesi\u00f3n medular, su adaptaci\u00f3n fisiol\u00f3gica al ejercicio, el an\u00e1lisis de que factores pueden influir en la calidad de vida de este colectivo, el an\u00e1lisis de los valores cardiorrespiratorios en respuesta al ejercicio comparados con sujetos normales y cuales son las posibles a<\/p>\n<p>&nbsp;<\/p>\n<h3>Datos acad\u00e9micos de la tesis doctoral \u00ab<strong>Efecto de la suplementaci\u00f3n de la dieta con \u00e1cidos grasos del tipo n-3 sobre la capacidad funcional de los lesionados medulares<\/strong>\u00ab<\/h3>\n<ul>\n<li><strong>T\u00edtulo de la tesis:<\/strong>\u00a0 Efecto de la suplementaci\u00f3n de la dieta con \u00e1cidos grasos del tipo n-3 sobre la capacidad funcional de los lesionados medulares <\/li>\n<li><strong>Autor:<\/strong>\u00a0 Joan Vidal Samso <\/li>\n<li><strong>Universidad:<\/strong>\u00a0 Barcelona<\/li>\n<li><strong>Fecha de lectura de la tesis:<\/strong>\u00a0 11\/04\/2007<\/li>\n<\/ul>\n<p>&nbsp;<\/p>\n<h3>Direcci\u00f3n y tribunal<\/h3>\n<ul>\n<li><strong>Director de la tesis<\/strong>\n<ul>\n<li>Ram\u00f3n Segura Cardona<\/li>\n<\/ul>\n<\/li>\n<li><strong>Tribunal<\/strong>\n<ul>\n<li>Presidente del tribunal: Xavier Navarro Acebes <\/li>\n<li>Agusti Comella Cayuela (vocal)<\/li>\n<li>Francisco Javier Juan  Garc\u00eda (vocal)<\/li>\n<li>Eduard Escrich Escriche (vocal)<\/li>\n<\/ul>\n<\/li>\n<\/ul>\n<p>&nbsp;<\/p>\n","protected":false},"excerpt":{"rendered":"<p>Tesis doctoral de Joan Vidal Samso De las numerosas discapacidades que pueden afectar a la humanidad, la lesi\u00f3n o enfermedad [&hellip;]<\/p>\n","protected":false},"author":1,"featured_media":0,"comment_status":"open","ping_status":"open","sticky":false,"template":"","format":"standard","meta":{"site-sidebar-layout":"default","site-content-layout":"","ast-site-content-layout":"","site-content-style":"default","site-sidebar-style":"default","ast-global-header-display":"","ast-banner-title-visibility":"","ast-main-header-display":"","ast-hfb-above-header-display":"","ast-hfb-below-header-display":"","ast-hfb-mobile-header-display":"","site-post-title":"","ast-breadcrumbs-content":"","ast-featured-img":"","footer-sml-layout":"","theme-transparent-header-meta":"","adv-header-id-meta":"","stick-header-meta":"","header-above-stick-meta":"","header-main-stick-meta":"","header-below-stick-meta":"","astra-migrate-meta-layouts":"default","ast-page-background-enabled":"default","ast-page-background-meta":{"desktop":{"background-color":"var(--ast-global-color-4)","background-image":"","background-repeat":"repeat","background-position":"center center","background-size":"auto","background-attachment":"scroll","background-type":"","background-media":"","overlay-type":"","overlay-color":"","overlay-gradient":""},"tablet":{"background-color":"","background-image":"","background-repeat":"repeat","background-position":"center center","background-size":"auto","background-attachment":"scroll","background-type":"","background-media":"","overlay-type":"","overlay-color":"","overlay-gradient":""},"mobile":{"background-color":"","background-image":"","background-repeat":"repeat","background-position":"center center","background-size":"auto","background-attachment":"scroll","background-type":"","background-media":"","overlay-type":"","overlay-color":"","overlay-gradient":""}},"ast-content-background-meta":{"desktop":{"background-color":"var(--ast-global-color-5)","background-image":"","background-repeat":"repeat","background-position":"center center","background-size":"auto","background-attachment":"scroll","background-type":"","background-media":"","overlay-type":"","overlay-color":"","overlay-gradient":""},"tablet":{"background-color":"var(--ast-global-color-5)","background-image":"","background-repeat":"repeat","background-position":"center center","background-size":"auto","background-attachment":"scroll","background-type":"","background-media":"","overlay-type":"","overlay-color":"","overlay-gradient":""},"mobile":{"background-color":"var(--ast-global-color-5)","background-image":"","background-repeat":"repeat","background-position":"center center","background-size":"auto","background-attachment":"scroll","background-type":"","background-media":"","overlay-type":"","overlay-color":"","overlay-gradient":""}},"footnotes":""},"categories":[951,467,1880,17648,5780],"tags":[127935,13964,119357,127934,20257,13724],"class_list":["post-57894","post","type-post","status-publish","format-standard","hentry","category-barcelona","category-ciencias-de-la-nutricion","category-neurologia","category-procesos-metabolicos-de-los-farmacos","category-rehabilitacion-medica","tag-agusti-comella-cayuela","tag-eduard-escrich-escriche","tag-francisco-javier-juan-garcia","tag-joan-vidal-samso","tag-ramon-segura-cardona","tag-xavier-navarro-acebes"],"_links":{"self":[{"href":"https:\/\/www.deberes.net\/tesis\/wp-json\/wp\/v2\/posts\/57894","targetHints":{"allow":["GET"]}}],"collection":[{"href":"https:\/\/www.deberes.net\/tesis\/wp-json\/wp\/v2\/posts"}],"about":[{"href":"https:\/\/www.deberes.net\/tesis\/wp-json\/wp\/v2\/types\/post"}],"author":[{"embeddable":true,"href":"https:\/\/www.deberes.net\/tesis\/wp-json\/wp\/v2\/users\/1"}],"replies":[{"embeddable":true,"href":"https:\/\/www.deberes.net\/tesis\/wp-json\/wp\/v2\/comments?post=57894"}],"version-history":[{"count":0,"href":"https:\/\/www.deberes.net\/tesis\/wp-json\/wp\/v2\/posts\/57894\/revisions"}],"wp:attachment":[{"href":"https:\/\/www.deberes.net\/tesis\/wp-json\/wp\/v2\/media?parent=57894"}],"wp:term":[{"taxonomy":"category","embeddable":true,"href":"https:\/\/www.deberes.net\/tesis\/wp-json\/wp\/v2\/categories?post=57894"},{"taxonomy":"post_tag","embeddable":true,"href":"https:\/\/www.deberes.net\/tesis\/wp-json\/wp\/v2\/tags?post=57894"}],"curies":[{"name":"wp","href":"https:\/\/api.w.org\/{rel}","templated":true}]}}