{"id":579,"date":"1994-01-01T00:00:00","date_gmt":"1994-01-01T00:00:00","guid":{"rendered":"https:\/\/www.deberes.net\/tesis\/1994\/01\/01\/estudio-epidemiologico-de-los-factores-de-riesgo-cardiovascular-en-la-poblacion-infanto-juvenil-gaditana-1-992\/"},"modified":"1994-01-01T00:00:00","modified_gmt":"1994-01-01T00:00:00","slug":"estudio-epidemiologico-de-los-factores-de-riesgo-cardiovascular-en-la-poblacion-infanto-juvenil-gaditana-1-992","status":"publish","type":"post","link":"https:\/\/www.deberes.net\/tesis\/ciencias-medicas\/estudio-epidemiologico-de-los-factores-de-riesgo-cardiovascular-en-la-poblacion-infanto-juvenil-gaditana-1-992\/","title":{"rendered":"Estudio epidemiologico de los factores de riesgo cardiovascular en la poblacion infanto-juvenil gaditana. 1.992."},"content":{"rendered":"<h2>Tesis doctoral de <strong> Adnan Rachid <\/strong><\/h2>\n<p>El estudio es de caracter transversal en una muestra de 1.652 ni\u00f1os y jovenes de ambos sexos de la ciudad de cadiz, con edades de 4 a 17 a\u00f1os. La metodolog\u00eda para la determinacion de las cifras medias y percentiladas de tas y tad, segun edad y sexos, fue la recomendada por la o.M.S. Y la asociacion americana de cardiolog\u00eda. En base a tecnicas antropometricas actuales obtuvimos los valores estadisticos de talla, peso, pliegues de grasa tricipital y subescapular, perimetros braquial, abdominal y del muslo, indice de quetelet, cociente adiposo muscular braquial, area grasa braquial y area muscular braquial.  por ultimo mediante tecnicas habituales, determinamos el perfil lipidico de nuestra muestra. Se obtiene por vez primera en nuestra zona los standares de cada uno de los parametros anteriores. En base a criterios diagnosticos preestablecidos, determinamos la preValencia de frcv en nuestra ciudad. La correlacion de las cifras de ta fueron muy significativas con el peso, talla y perimetros del muslo, abdominal y braquial.<\/p>\n<p>&nbsp;<\/p>\n<h3>Datos acad\u00e9micos de la tesis doctoral \u00ab<strong>Estudio epidemiologico de los factores de riesgo cardiovascular en la poblacion infanto-juvenil gaditana. 1.992.<\/strong>\u00ab<\/h3>\n<ul>\n<li><strong>T\u00edtulo de la tesis:<\/strong>\u00a0 Estudio epidemiologico de los factores de riesgo cardiovascular en la poblacion infanto-juvenil gaditana. 1.992. <\/li>\n<li><strong>Autor:<\/strong>\u00a0 Adnan Rachid <\/li>\n<li><strong>Universidad:<\/strong>\u00a0 C\u00e1diz<\/li>\n<li><strong>Fecha de lectura de la tesis:<\/strong>\u00a0 01\/01\/1994<\/li>\n<\/ul>\n<p>&nbsp;<\/p>\n<h3>Direcci\u00f3n y tribunal<\/h3>\n<ul>\n<li><strong>Director de la tesis<\/strong>\n<ul>\n<li> Ruiz Jimenez Miguel Angel<\/li>\n<\/ul>\n<\/li>\n<li><strong>Tribunal<\/strong>\n<ul>\n<li>Presidente del tribunal: Manuel Casanova Bellido <\/li>\n<li>Amelia Rodr\u00edguez Mart\u00edn (vocal)<\/li>\n<li>Manuel Conde Herrera (vocal)<\/li>\n<li>Antonio Burgos Ojeda (vocal)<\/li>\n<\/ul>\n<\/li>\n<\/ul>\n<p>&nbsp;<\/p>\n","protected":false},"excerpt":{"rendered":"<p>Tesis doctoral de Adnan Rachid El estudio es de caracter transversal en una muestra de 1.652 ni\u00f1os y jovenes de [&hellip;]<\/p>\n","protected":false},"author":1,"featured_media":0,"comment_status":"open","ping_status":"open","sticky":false,"template":"","format":"standard","meta":{"site-sidebar-layout":"default","site-content-layout":"","ast-site-content-layout":"","site-content-style":"default","site-sidebar-style":"default","ast-global-header-display":"","ast-banner-title-visibility":"","ast-main-header-display":"","ast-hfb-above-header-display":"","ast-hfb-below-header-display":"","ast-hfb-mobile-header-display":"","site-post-title":"","ast-breadcrumbs-content":"","ast-featured-img":"","footer-sml-layout":"","theme-transparent-header-meta":"","adv-header-id-meta":"","stick-header-meta":"","header-above-stick-meta":"","header-main-stick-meta":"","header-below-stick-meta":"","astra-migrate-meta-layouts":"default","ast-page-background-enabled":"default","ast-page-background-meta":{"desktop":{"background-color":"var(--ast-global-color-4)","background-image":"","background-repeat":"repeat","background-position":"center center","background-size":"auto","background-attachment":"scroll","background-type":"","background-media":"","overlay-type":"","overlay-color":"","overlay-gradient":""},"tablet":{"background-color":"","background-image":"","background-repeat":"repeat","background-position":"center center","background-size":"auto","background-attachment":"scroll","background-type":"","background-media":"","overlay-type":"","overlay-color":"","overlay-gradient":""},"mobile":{"background-color":"","background-image":"","background-repeat":"repeat","background-position":"center center","background-size":"auto","background-attachment":"scroll","background-type":"","background-media":"","overlay-type":"","overlay-color":"","overlay-gradient":""}},"ast-content-background-meta":{"desktop":{"background-color":"var(--ast-global-color-5)","background-image":"","background-repeat":"repeat","background-position":"center center","background-size":"auto","background-attachment":"scroll","background-type":"","background-media":"","overlay-type":"","overlay-color":"","overlay-gradient":""},"tablet":{"background-color":"var(--ast-global-color-5)","background-image":"","background-repeat":"repeat","background-position":"center center","background-size":"auto","background-attachment":"scroll","background-type":"","background-media":"","overlay-type":"","overlay-color":"","overlay-gradient":""},"mobile":{"background-color":"var(--ast-global-color-5)","background-image":"","background-repeat":"repeat","background-position":"center center","background-size":"auto","background-attachment":"scroll","background-type":"","background-media":"","overlay-type":"","overlay-color":"","overlay-gradient":""}},"footnotes":""},"categories":[1506,9,1086,156,1601],"tags":[1802,1804,1806,1643,1805,1803],"class_list":["post-579","post","type-post","status-publish","format-standard","hentry","category-cadiz","category-ciencias-medicas","category-epidemiologia","category-patologia","category-patologia-cardiovascular","tag-adnan-rachid","tag-amelia-rodriguez-martin","tag-antonio-burgos-ojeda","tag-manuel-casanova-bellido","tag-manuel-conde-herrera","tag-ruiz-jimenez-miguel-angel"],"_links":{"self":[{"href":"https:\/\/www.deberes.net\/tesis\/wp-json\/wp\/v2\/posts\/579","targetHints":{"allow":["GET"]}}],"collection":[{"href":"https:\/\/www.deberes.net\/tesis\/wp-json\/wp\/v2\/posts"}],"about":[{"href":"https:\/\/www.deberes.net\/tesis\/wp-json\/wp\/v2\/types\/post"}],"author":[{"embeddable":true,"href":"https:\/\/www.deberes.net\/tesis\/wp-json\/wp\/v2\/users\/1"}],"replies":[{"embeddable":true,"href":"https:\/\/www.deberes.net\/tesis\/wp-json\/wp\/v2\/comments?post=579"}],"version-history":[{"count":0,"href":"https:\/\/www.deberes.net\/tesis\/wp-json\/wp\/v2\/posts\/579\/revisions"}],"wp:attachment":[{"href":"https:\/\/www.deberes.net\/tesis\/wp-json\/wp\/v2\/media?parent=579"}],"wp:term":[{"taxonomy":"category","embeddable":true,"href":"https:\/\/www.deberes.net\/tesis\/wp-json\/wp\/v2\/categories?post=579"},{"taxonomy":"post_tag","embeddable":true,"href":"https:\/\/www.deberes.net\/tesis\/wp-json\/wp\/v2\/tags?post=579"}],"curies":[{"name":"wp","href":"https:\/\/api.w.org\/{rel}","templated":true}]}}