{"id":57923,"date":"2018-03-09T22:45:43","date_gmt":"2018-03-09T22:45:43","guid":{"rendered":"https:\/\/www.deberes.net\/tesis\/sin-categoria\/lenguaje-y-apropiacion-de-la-tradicion-en-la-hermeneutica-filosofica-de-hans-georg-gadamer\/"},"modified":"2018-03-09T22:45:43","modified_gmt":"2018-03-09T22:45:43","slug":"lenguaje-y-apropiacion-de-la-tradicion-en-la-hermeneutica-filosofica-de-hans-georg-gadamer","status":"publish","type":"post","link":"https:\/\/www.deberes.net\/tesis\/filosofia-del-conocimiento\/lenguaje-y-apropiacion-de-la-tradicion-en-la-hermeneutica-filosofica-de-hans-georg-gadamer\/","title":{"rendered":"Lenguaje y apropiaci\u00f3n de la tradici\u00f3n en la hermen\u00e9utica filos\u00f3fica de hans-georg-gadamer"},"content":{"rendered":"<h2>Tesis doctoral de <strong> Mauricio Mancilla Mu\u00f1oz <\/strong><\/h2>\n<p>El objetivo central de esta tesis es mostrar, en la obra de hans-georg gadamer, la mutua correspondencia entre acontecer y lenguaje. ambos t\u00e9rminos se funda en una unidad originaria que los vuelve inseparables, es decir, una unidad tal donde no se puede considerar uno sin aludir al otro. Por ello, se expone en qu\u00e9 sentido la hermen\u00e9utica de gadamer implica una apropiaci\u00f3n, por medio del lenguaje, del acontecer vivo de la tradici\u00f3n. se ha examinado, en este sentido, el eje principal de la hermen\u00e9utica filos\u00f3fica, habida cuenta de sus evoluciones, modificaciones y limitaciones. La originalidad del proyecto filos\u00f3fico de gadamer radica en su provocativa tesis sobre el lenguaje, que radicaliza el esfuerzo de instaurar una ontolog\u00eda, es decir, una hermen\u00e9utica de validez universal. se ha completado este estudio con la contribuci\u00f3n de algunos pensadores y especialistas que han trabajado en torno a la hermn\u00e9utica filos\u00f3fica. Se han recogido y discutido para ello los argumentos cr\u00edticos de habermas, apel, vattimo, ricoeur; y las aportaciones y comentarios de frondin y figal, ya que estos \u00faltimos ofrecen una lectura detallada, ordenada y profunda de los planteamientos de gadamer.<\/p>\n<p>&nbsp;<\/p>\n<h3>Datos acad\u00e9micos de la tesis doctoral \u00ab<strong>Lenguaje y apropiaci\u00f3n de la tradici\u00f3n en la hermen\u00e9utica filos\u00f3fica de hans-georg-gadamer<\/strong>\u00ab<\/h3>\n<ul>\n<li><strong>T\u00edtulo de la tesis:<\/strong>\u00a0 Lenguaje y apropiaci\u00f3n de la tradici\u00f3n en la hermen\u00e9utica filos\u00f3fica de hans-georg-gadamer <\/li>\n<li><strong>Autor:<\/strong>\u00a0 Mauricio Mancilla Mu\u00f1oz <\/li>\n<li><strong>Universidad:<\/strong>\u00a0 Complutense de Madrid<\/li>\n<li><strong>Fecha de lectura de la tesis:<\/strong>\u00a0 13\/04\/2007<\/li>\n<\/ul>\n<p>&nbsp;<\/p>\n<h3>Direcci\u00f3n y tribunal<\/h3>\n<ul>\n<li><strong>Director de la tesis<\/strong>\n<ul>\n<li> Segura Peralta M. Carmen<\/li>\n<\/ul>\n<\/li>\n<li><strong>Tribunal<\/strong>\n<ul>\n<li>Presidente del tribunal: ramon Rodriguez Garc\u00eda <\/li>\n<li>angel Xolocotzi ramos (vocal)<\/li>\n<li>teresa O\u00f1ate zubia (vocal)<\/li>\n<li>Antonio G\u00f3mez ramos (vocal)<\/li>\n<\/ul>\n<\/li>\n<\/ul>\n<p>&nbsp;<\/p>\n","protected":false},"excerpt":{"rendered":"<p>Tesis doctoral de Mauricio Mancilla Mu\u00f1oz El objetivo central de esta tesis es mostrar, en la obra de hans-georg gadamer, [&hellip;]<\/p>\n","protected":false},"author":1,"featured_media":0,"comment_status":"open","ping_status":"open","sticky":false,"template":"","format":"standard","meta":{"site-sidebar-layout":"default","site-content-layout":"","ast-site-content-layout":"","site-content-style":"default","site-sidebar-style":"default","ast-global-header-display":"","ast-banner-title-visibility":"","ast-main-header-display":"","ast-hfb-above-header-display":"","ast-hfb-below-header-display":"","ast-hfb-mobile-header-display":"","site-post-title":"","ast-breadcrumbs-content":"","ast-featured-img":"","footer-sml-layout":"","theme-transparent-header-meta":"","adv-header-id-meta":"","stick-header-meta":"","header-above-stick-meta":"","header-main-stick-meta":"","header-below-stick-meta":"","astra-migrate-meta-layouts":"default","ast-page-background-enabled":"default","ast-page-background-meta":{"desktop":{"background-color":"var(--ast-global-color-4)","background-image":"","background-repeat":"repeat","background-position":"center center","background-size":"auto","background-attachment":"scroll","background-type":"","background-media":"","overlay-type":"","overlay-color":"","overlay-gradient":""},"tablet":{"background-color":"","background-image":"","background-repeat":"repeat","background-position":"center center","background-size":"auto","background-attachment":"scroll","background-type":"","background-media":"","overlay-type":"","overlay-color":"","overlay-gradient":""},"mobile":{"background-color":"","background-image":"","background-repeat":"repeat","background-position":"center center","background-size":"auto","background-attachment":"scroll","background-type":"","background-media":"","overlay-type":"","overlay-color":"","overlay-gradient":""}},"ast-content-background-meta":{"desktop":{"background-color":"var(--ast-global-color-5)","background-image":"","background-repeat":"repeat","background-position":"center center","background-size":"auto","background-attachment":"scroll","background-type":"","background-media":"","overlay-type":"","overlay-color":"","overlay-gradient":""},"tablet":{"background-color":"var(--ast-global-color-5)","background-image":"","background-repeat":"repeat","background-position":"center center","background-size":"auto","background-attachment":"scroll","background-type":"","background-media":"","overlay-type":"","overlay-color":"","overlay-gradient":""},"mobile":{"background-color":"var(--ast-global-color-5)","background-image":"","background-repeat":"repeat","background-position":"center center","background-size":"auto","background-attachment":"scroll","background-type":"","background-media":"","overlay-type":"","overlay-color":"","overlay-gradient":""}},"footnotes":""},"categories":[956,5342],"tags":[128005,128006,128003,6319,128004,68662],"class_list":["post-57923","post","type-post","status-publish","format-standard","hentry","category-filosofia-del-conocimiento","category-filosofia-general","tag-angel-xolocotzi-ramos","tag-antonio-gomez-ramos","tag-mauricio-mancilla-munoz","tag-ramon-rodriguez-garcia","tag-segura-peralta-m-carmen","tag-teresa-onate-zubia"],"_links":{"self":[{"href":"https:\/\/www.deberes.net\/tesis\/wp-json\/wp\/v2\/posts\/57923","targetHints":{"allow":["GET"]}}],"collection":[{"href":"https:\/\/www.deberes.net\/tesis\/wp-json\/wp\/v2\/posts"}],"about":[{"href":"https:\/\/www.deberes.net\/tesis\/wp-json\/wp\/v2\/types\/post"}],"author":[{"embeddable":true,"href":"https:\/\/www.deberes.net\/tesis\/wp-json\/wp\/v2\/users\/1"}],"replies":[{"embeddable":true,"href":"https:\/\/www.deberes.net\/tesis\/wp-json\/wp\/v2\/comments?post=57923"}],"version-history":[{"count":0,"href":"https:\/\/www.deberes.net\/tesis\/wp-json\/wp\/v2\/posts\/57923\/revisions"}],"wp:attachment":[{"href":"https:\/\/www.deberes.net\/tesis\/wp-json\/wp\/v2\/media?parent=57923"}],"wp:term":[{"taxonomy":"category","embeddable":true,"href":"https:\/\/www.deberes.net\/tesis\/wp-json\/wp\/v2\/categories?post=57923"},{"taxonomy":"post_tag","embeddable":true,"href":"https:\/\/www.deberes.net\/tesis\/wp-json\/wp\/v2\/tags?post=57923"}],"curies":[{"name":"wp","href":"https:\/\/api.w.org\/{rel}","templated":true}]}}