{"id":57942,"date":"2018-03-09T22:45:46","date_gmt":"2018-03-09T22:45:46","guid":{"rendered":"https:\/\/www.deberes.net\/tesis\/sin-categoria\/teoria-e-historia-de-la-documentacion-en-espana-a-traves-de-la-enciclopedia-espasa-1905-1934\/"},"modified":"2018-03-09T22:45:46","modified_gmt":"2018-03-09T22:45:46","slug":"teoria-e-historia-de-la-documentacion-en-espana-a-traves-de-la-enciclopedia-espasa-1905-1934","status":"publish","type":"post","link":"https:\/\/www.deberes.net\/tesis\/biografias\/teoria-e-historia-de-la-documentacion-en-espana-a-traves-de-la-enciclopedia-espasa-1905-1934\/","title":{"rendered":"Teor\u00eda e historia de la documentaci\u00f3n en espa\u00f1a a trav\u00e9s de la enciclopedia espasa (1905-1934)"},"content":{"rendered":"<h2>Tesis doctoral de <strong> Mar\u00eda Bel\u00e9n Fern\u00e1ndez Fuentes <\/strong><\/h2>\n<p>Estudio de la evoluci\u00f3n de la teor\u00eda e historia de la documentaci\u00f3n y su aparici\u00f3n como ciencia a trav\u00e9s del cuerpo de la enciclopedia espasa que fue publicado entre los a\u00f1os 1905 y 1934. Se realiza una revisi\u00f3n hist\u00f3rica de las disciplinas que formaban parte de los trabajos del cuerpo de archiveros bibliotecarios y arqueol\u00f3gicos y se estudia su evoluci\u00f3n hasta la actualidad desde la influencia que los trabajos del instituto internacional de bibliograf\u00eda y el tratado de documentaci\u00f3n de otlet tuvieron para la aparici\u00f3n de las actuales ciencias de la documentaci\u00f3n. A trav\u00e9s de la lectura exhaustiva y vaciado de contenido de la obra se ofrece adem\u00e1s un repertorio biogr\u00e1fico, profesiografico e institucional en el que se recogen los datos que la enciclopedia espasa encierra sobre trabajos y actividades documentales.<\/p>\n<p>&nbsp;<\/p>\n<h3>Datos acad\u00e9micos de la tesis doctoral \u00ab<strong>Teor\u00eda e historia de la documentaci\u00f3n en espa\u00f1a a trav\u00e9s de la enciclopedia espasa (1905-1934)<\/strong>\u00ab<\/h3>\n<ul>\n<li><strong>T\u00edtulo de la tesis:<\/strong>\u00a0 Teor\u00eda e historia de la documentaci\u00f3n en espa\u00f1a a trav\u00e9s de la enciclopedia espasa (1905-1934) <\/li>\n<li><strong>Autor:<\/strong>\u00a0 Mar\u00eda Bel\u00e9n Fern\u00e1ndez Fuentes <\/li>\n<li><strong>Universidad:<\/strong>\u00a0 Complutense de Madrid<\/li>\n<li><strong>Fecha de lectura de la tesis:<\/strong>\u00a0 13\/04\/2007<\/li>\n<\/ul>\n<p>&nbsp;<\/p>\n<h3>Direcci\u00f3n y tribunal<\/h3>\n<ul>\n<li><strong>Director de la tesis<\/strong>\n<ul>\n<li>Jos\u00e9 L\u00f3pez Yepes<\/li>\n<\/ul>\n<\/li>\n<li><strong>Tribunal<\/strong>\n<ul>\n<li>Presidente del tribunal: F\u00e9lix Del Valle Gastaminza <\/li>\n<li>Gloria Carrizo Sainero (vocal)<\/li>\n<li>Ana Mar\u00eda Pindado Villaverde (vocal)<\/li>\n<li>Catalina Naumis Pe\u00f1a (vocal)<\/li>\n<\/ul>\n<\/li>\n<\/ul>\n<p>&nbsp;<\/p>\n","protected":false},"excerpt":{"rendered":"<p>Tesis doctoral de Mar\u00eda Bel\u00e9n Fern\u00e1ndez Fuentes Estudio de la evoluci\u00f3n de la teor\u00eda e historia de la documentaci\u00f3n y [&hellip;]<\/p>\n","protected":false},"author":1,"featured_media":0,"comment_status":"open","ping_status":"open","sticky":false,"template":"","format":"standard","meta":{"site-sidebar-layout":"default","site-content-layout":"","ast-site-content-layout":"","site-content-style":"default","site-sidebar-style":"default","ast-global-header-display":"","ast-banner-title-visibility":"","ast-main-header-display":"","ast-hfb-above-header-display":"","ast-hfb-below-header-display":"","ast-hfb-mobile-header-display":"","site-post-title":"","ast-breadcrumbs-content":"","ast-featured-img":"","footer-sml-layout":"","theme-transparent-header-meta":"","adv-header-id-meta":"","stick-header-meta":"","header-above-stick-meta":"","header-main-stick-meta":"","header-below-stick-meta":"","astra-migrate-meta-layouts":"default","ast-page-background-enabled":"default","ast-page-background-meta":{"desktop":{"background-color":"var(--ast-global-color-4)","background-image":"","background-repeat":"repeat","background-position":"center center","background-size":"auto","background-attachment":"scroll","background-type":"","background-media":"","overlay-type":"","overlay-color":"","overlay-gradient":""},"tablet":{"background-color":"","background-image":"","background-repeat":"repeat","background-position":"center center","background-size":"auto","background-attachment":"scroll","background-type":"","background-media":"","overlay-type":"","overlay-color":"","overlay-gradient":""},"mobile":{"background-color":"","background-image":"","background-repeat":"repeat","background-position":"center center","background-size":"auto","background-attachment":"scroll","background-type":"","background-media":"","overlay-type":"","overlay-color":"","overlay-gradient":""}},"ast-content-background-meta":{"desktop":{"background-color":"var(--ast-global-color-5)","background-image":"","background-repeat":"repeat","background-position":"center center","background-size":"auto","background-attachment":"scroll","background-type":"","background-media":"","overlay-type":"","overlay-color":"","overlay-gradient":""},"tablet":{"background-color":"var(--ast-global-color-5)","background-image":"","background-repeat":"repeat","background-position":"center center","background-size":"auto","background-attachment":"scroll","background-type":"","background-media":"","overlay-type":"","overlay-color":"","overlay-gradient":""},"mobile":{"background-color":"var(--ast-global-color-5)","background-image":"","background-repeat":"repeat","background-position":"center center","background-size":"auto","background-attachment":"scroll","background-type":"","background-media":"","overlay-type":"","overlay-color":"","overlay-gradient":""}},"footnotes":""},"categories":[954,1624,5526,5324],"tags":[119239,56051,43948,7187,5528,128050],"class_list":["post-57942","post","type-post","status-publish","format-standard","hentry","category-biografias","category-ciencias-auxiliares-de-la-historia","category-documentacion","category-historia-de-la-ciencia","tag-ana-maria-pindado-villaverde","tag-catalina-naumis-pena","tag-felix-del-valle-gastaminza","tag-gloria-carrizo-sainero","tag-jose-lopez-yepes","tag-maria-belen-fernandez-fuentes"],"_links":{"self":[{"href":"https:\/\/www.deberes.net\/tesis\/wp-json\/wp\/v2\/posts\/57942","targetHints":{"allow":["GET"]}}],"collection":[{"href":"https:\/\/www.deberes.net\/tesis\/wp-json\/wp\/v2\/posts"}],"about":[{"href":"https:\/\/www.deberes.net\/tesis\/wp-json\/wp\/v2\/types\/post"}],"author":[{"embeddable":true,"href":"https:\/\/www.deberes.net\/tesis\/wp-json\/wp\/v2\/users\/1"}],"replies":[{"embeddable":true,"href":"https:\/\/www.deberes.net\/tesis\/wp-json\/wp\/v2\/comments?post=57942"}],"version-history":[{"count":0,"href":"https:\/\/www.deberes.net\/tesis\/wp-json\/wp\/v2\/posts\/57942\/revisions"}],"wp:attachment":[{"href":"https:\/\/www.deberes.net\/tesis\/wp-json\/wp\/v2\/media?parent=57942"}],"wp:term":[{"taxonomy":"category","embeddable":true,"href":"https:\/\/www.deberes.net\/tesis\/wp-json\/wp\/v2\/categories?post=57942"},{"taxonomy":"post_tag","embeddable":true,"href":"https:\/\/www.deberes.net\/tesis\/wp-json\/wp\/v2\/tags?post=57942"}],"curies":[{"name":"wp","href":"https:\/\/api.w.org\/{rel}","templated":true}]}}