{"id":57955,"date":"2018-03-09T22:45:46","date_gmt":"2018-03-09T22:45:46","guid":{"rendered":"https:\/\/www.deberes.net\/tesis\/sin-categoria\/contenidos-linga%c2%bca%c2%adsticos-para-el-aprendizaje-y-evaluacion-del-ingles-en-educacion-infantil-mediante-hipermedia-adaptativa\/"},"modified":"2018-03-09T22:45:46","modified_gmt":"2018-03-09T22:45:46","slug":"contenidos-linga%c2%bca%c2%adsticos-para-el-aprendizaje-y-evaluacion-del-ingles-en-educacion-infantil-mediante-hipermedia-adaptativa","status":"publish","type":"post","link":"https:\/\/www.deberes.net\/tesis\/extremadura\/contenidos-linga%c2%bca%c2%adsticos-para-el-aprendizaje-y-evaluacion-del-ingles-en-educacion-infantil-mediante-hipermedia-adaptativa\/","title":{"rendered":"Contenidos lingu\u00edsticos para el aprendizaje y evaluaci\u00f3n del ingl\u00e9s en educaci\u00f3n infantil mediante  hipermedia adaptativa."},"content":{"rendered":"<h2>Tesis doctoral de <strong> Ana Bel\u00e9n Cumbre\u00f1o Espada <\/strong><\/h2>\n<p>Esta tesis doctoral realizada bajo el auspicio de un proyecto de investigaci\u00f3n subvencionado por la junta de extremadura, se basa en la creaci\u00f3n de un sistema de ense\u00f1anza hipermedia para el aprendizaje del ingl\u00e9s en educaci\u00f3n infantil. El sistema facilita la formaci\u00f3n en lengua inglesa mediante la adaptaci\u00f3n de contenidos, procesos e interacci\u00f3n con el ordenador a las caracteristicas, nivel de conocimiento y habilidades cognitivas de los alumnos. Aportando un enfoque did\u00e1ctico renovador, la evaluaci\u00f3n de los resultados obtenidos permite profundizar en el papel desempe\u00f1ado por las tecnolog\u00edas de la informaci\u00f3n en edades tempranas y ofrecer una prpuesta metodol\u00f3gica efectiva de trabajo en el aula.<\/p>\n<p>&nbsp;<\/p>\n<h3>Datos acad\u00e9micos de la tesis doctoral \u00ab<strong>Contenidos lingu\u00edsticos para el aprendizaje y evaluaci\u00f3n del ingl\u00e9s en educaci\u00f3n infantil mediante  hipermedia adaptativa.<\/strong>\u00ab<\/h3>\n<ul>\n<li><strong>T\u00edtulo de la tesis:<\/strong>\u00a0 Contenidos lingu\u00edsticos para el aprendizaje y evaluaci\u00f3n del ingl\u00e9s en educaci\u00f3n infantil mediante  hipermedia adaptativa. <\/li>\n<li><strong>Autor:<\/strong>\u00a0 Ana Bel\u00e9n Cumbre\u00f1o Espada <\/li>\n<li><strong>Universidad:<\/strong>\u00a0 Extremadura<\/li>\n<li><strong>Fecha de lectura de la tesis:<\/strong>\u00a0 13\/04\/2007<\/li>\n<\/ul>\n<p>&nbsp;<\/p>\n<h3>Direcci\u00f3n y tribunal<\/h3>\n<ul>\n<li><strong>Director de la tesis<\/strong>\n<ul>\n<li>Mercedes Rico Garc\u00eda<\/li>\n<\/ul>\n<\/li>\n<li><strong>Tribunal<\/strong>\n<ul>\n<li>Presidente del tribunal: patricia Edwardas rokowski <\/li>\n<li>michael White hayes (vocal)<\/li>\n<li>alejandro Curado fuentes (vocal)<\/li>\n<li>h\u00e9ctor S\u00e1nchez santamar\u00eda (vocal)<\/li>\n<\/ul>\n<\/li>\n<\/ul>\n<p>&nbsp;<\/p>\n","protected":false},"excerpt":{"rendered":"<p>Tesis doctoral de Ana Bel\u00e9n Cumbre\u00f1o Espada Esta tesis doctoral realizada bajo el auspicio de un proyecto de investigaci\u00f3n subvencionado [&hellip;]<\/p>\n","protected":false},"author":1,"featured_media":0,"comment_status":"open","ping_status":"open","sticky":false,"template":"","format":"standard","meta":{"site-sidebar-layout":"default","site-content-layout":"","ast-site-content-layout":"","site-content-style":"default","site-sidebar-style":"default","ast-global-header-display":"","ast-banner-title-visibility":"","ast-main-header-display":"","ast-hfb-above-header-display":"","ast-hfb-below-header-display":"","ast-hfb-mobile-header-display":"","site-post-title":"","ast-breadcrumbs-content":"","ast-featured-img":"","footer-sml-layout":"","theme-transparent-header-meta":"","adv-header-id-meta":"","stick-header-meta":"","header-above-stick-meta":"","header-main-stick-meta":"","header-below-stick-meta":"","astra-migrate-meta-layouts":"default","ast-page-background-enabled":"default","ast-page-background-meta":{"desktop":{"background-color":"var(--ast-global-color-4)","background-image":"","background-repeat":"repeat","background-position":"center center","background-size":"auto","background-attachment":"scroll","background-type":"","background-media":"","overlay-type":"","overlay-color":"","overlay-gradient":""},"tablet":{"background-color":"","background-image":"","background-repeat":"repeat","background-position":"center center","background-size":"auto","background-attachment":"scroll","background-type":"","background-media":"","overlay-type":"","overlay-color":"","overlay-gradient":""},"mobile":{"background-color":"","background-image":"","background-repeat":"repeat","background-position":"center center","background-size":"auto","background-attachment":"scroll","background-type":"","background-media":"","overlay-type":"","overlay-color":"","overlay-gradient":""}},"ast-content-background-meta":{"desktop":{"background-color":"var(--ast-global-color-5)","background-image":"","background-repeat":"repeat","background-position":"center center","background-size":"auto","background-attachment":"scroll","background-type":"","background-media":"","overlay-type":"","overlay-color":"","overlay-gradient":""},"tablet":{"background-color":"var(--ast-global-color-5)","background-image":"","background-repeat":"repeat","background-position":"center center","background-size":"auto","background-attachment":"scroll","background-type":"","background-media":"","overlay-type":"","overlay-color":"","overlay-gradient":""},"mobile":{"background-color":"var(--ast-global-color-5)","background-image":"","background-repeat":"repeat","background-position":"center center","background-size":"auto","background-attachment":"scroll","background-type":"","background-media":"","overlay-type":"","overlay-color":"","overlay-gradient":""}},"footnotes":""},"categories":[949,13880],"tags":[128076,128074,62618,101046,48638,128075],"class_list":["post-57955","post","type-post","status-publish","format-standard","hentry","category-extremadura","category-informatica","tag-alejandro-curado-fuentes","tag-ana-belen-cumbreno-espada","tag-hector-sanchez-santamaria","tag-mercedes-rico-garcia","tag-michael-white-hayes","tag-patricia-edwardas-rokowski"],"_links":{"self":[{"href":"https:\/\/www.deberes.net\/tesis\/wp-json\/wp\/v2\/posts\/57955","targetHints":{"allow":["GET"]}}],"collection":[{"href":"https:\/\/www.deberes.net\/tesis\/wp-json\/wp\/v2\/posts"}],"about":[{"href":"https:\/\/www.deberes.net\/tesis\/wp-json\/wp\/v2\/types\/post"}],"author":[{"embeddable":true,"href":"https:\/\/www.deberes.net\/tesis\/wp-json\/wp\/v2\/users\/1"}],"replies":[{"embeddable":true,"href":"https:\/\/www.deberes.net\/tesis\/wp-json\/wp\/v2\/comments?post=57955"}],"version-history":[{"count":0,"href":"https:\/\/www.deberes.net\/tesis\/wp-json\/wp\/v2\/posts\/57955\/revisions"}],"wp:attachment":[{"href":"https:\/\/www.deberes.net\/tesis\/wp-json\/wp\/v2\/media?parent=57955"}],"wp:term":[{"taxonomy":"category","embeddable":true,"href":"https:\/\/www.deberes.net\/tesis\/wp-json\/wp\/v2\/categories?post=57955"},{"taxonomy":"post_tag","embeddable":true,"href":"https:\/\/www.deberes.net\/tesis\/wp-json\/wp\/v2\/tags?post=57955"}],"curies":[{"name":"wp","href":"https:\/\/api.w.org\/{rel}","templated":true}]}}