{"id":57984,"date":"2018-03-09T22:45:51","date_gmt":"2018-03-09T22:45:51","guid":{"rendered":"https:\/\/www.deberes.net\/tesis\/sin-categoria\/estudio-de-las-alteraciones-genaaticas-en-displasias-y-carcinoma-infiltrante\/"},"modified":"2018-03-09T22:45:51","modified_gmt":"2018-03-09T22:45:51","slug":"estudio-de-las-alteraciones-genaaticas-en-displasias-y-carcinoma-infiltrante","status":"publish","type":"post","link":"https:\/\/www.deberes.net\/tesis\/carcinogenesis\/estudio-de-las-alteraciones-genaaticas-en-displasias-y-carcinoma-infiltrante\/","title":{"rendered":"Estudio de las alteraciones gen\u00c1\u00a3\u00c2\u00bfticas en displasias y carcinoma infiltrante"},"content":{"rendered":"<h2>Tesis doctoral de <strong> Carlota Costa Ribalta <\/strong><\/h2>\n<p>Las displasias cervicales y el carcinoma escamoso son patolog\u00edas que afectan a un elevado porcentaje de la poblaci\u00f3n femenina a nivel mundial, sobretodo en pa\u00edses subdesarrollados. Se cree que el desarrollo de esta enfermedad est\u00e1 \u00edntimamente ligado a la infecci\u00f3n por vph y a factores gen\u00e9ticos. en un grupo de 53 pacientes se han estudiado los genes hterc, pik3ca, htert, c-myc, bcl-2, ccnd1, znf217 y erbb2 y la expresi\u00f3n de las prote\u00ednas c-myc, bcl-2, p16, erbb2 y ccnd1 con el fin de correlacionarlos con la evoluci\u00f3n de la enfermedad y con posible factores pron\u00f3sticos como podr\u00edan ser el h\u00e1bito de fumar y la infecic\u00f3n por vph, vih o la hepatitis. los resultados obtenidos fueron que las alteraicones gen\u00e9ticas de pik3ca, ccnd1 y xnf217 est\u00e1n relacionados con la aparici\u00f3n de la enfermedad, y la sobreexpresi\u00f3n de c-myc y ccnd1 tambi\u00e9n. en el caso de la evoluci\u00f3n de la misma, hterc y erbb2 se relacionar\u00edan con el paso de lsil a htert y c-myc con la infecci\u00f3n de vph de alto riesgo, y por lo tanto, con la aparici\u00f3n de los cin-iii. por \u00faltimo, bcl-2 ser\u00eda un gen de aparici\u00f3n tard\u00eda de la enfermedad y se relacionar\u00eda m\u00e1s con la aparici\u00f3n de los cei.<\/p>\n<p>&nbsp;<\/p>\n<h3>Datos acad\u00e9micos de la tesis doctoral \u00ab<strong>Estudio de las alteraciones gen\u00c1\u00a3\u00c2\u00bfticas en displasias y carcinoma infiltrante<\/strong>\u00ab<\/h3>\n<ul>\n<li><strong>T\u00edtulo de la tesis:<\/strong>\u00a0 Estudio de las alteraciones gen\u00c1\u00a3\u00c2\u00bfticas en displasias y carcinoma infiltrante <\/li>\n<li><strong>Autor:<\/strong>\u00a0 Carlota Costa Ribalta <\/li>\n<li><strong>Universidad:<\/strong>\u00a0 Aut\u00f3noma de barcelona<\/li>\n<li><strong>Fecha de lectura de la tesis:<\/strong>\u00a0 17\/04\/2007<\/li>\n<\/ul>\n<p>&nbsp;<\/p>\n<h3>Direcci\u00f3n y tribunal<\/h3>\n<ul>\n<li><strong>Director de la tesis<\/strong>\n<ul>\n<li> Alameda Quitllet\/espinet Sola  Francesc\/blanca<\/li>\n<\/ul>\n<\/li>\n<li><strong>Tribunal<\/strong>\n<ul>\n<li>Presidente del tribunal: sergio Serrano figueras <\/li>\n<li>xavier Mat\u00ed\u00a3\u00c2\u00bfas-guiu (vocal)<\/li>\n<li>ramon Carreras collado (vocal)<\/li>\n<li>jaume Ordi maja (vocal)<\/li>\n<\/ul>\n<\/li>\n<\/ul>\n<p>&nbsp;<\/p>\n","protected":false},"excerpt":{"rendered":"<p>Tesis doctoral de Carlota Costa Ribalta Las displasias cervicales y el carcinoma escamoso son patolog\u00edas que afectan a un elevado [&hellip;]<\/p>\n","protected":false},"author":1,"featured_media":0,"comment_status":"open","ping_status":"open","sticky":false,"template":"","format":"standard","meta":{"site-sidebar-layout":"default","site-content-layout":"","ast-site-content-layout":"","site-content-style":"default","site-sidebar-style":"default","ast-global-header-display":"","ast-banner-title-visibility":"","ast-main-header-display":"","ast-hfb-above-header-display":"","ast-hfb-below-header-display":"","ast-hfb-mobile-header-display":"","site-post-title":"","ast-breadcrumbs-content":"","ast-featured-img":"","footer-sml-layout":"","theme-transparent-header-meta":"","adv-header-id-meta":"","stick-header-meta":"","header-above-stick-meta":"","header-main-stick-meta":"","header-below-stick-meta":"","astra-migrate-meta-layouts":"default","ast-page-background-enabled":"default","ast-page-background-meta":{"desktop":{"background-color":"var(--ast-global-color-4)","background-image":"","background-repeat":"repeat","background-position":"center center","background-size":"auto","background-attachment":"scroll","background-type":"","background-media":"","overlay-type":"","overlay-color":"","overlay-gradient":""},"tablet":{"background-color":"","background-image":"","background-repeat":"repeat","background-position":"center center","background-size":"auto","background-attachment":"scroll","background-type":"","background-media":"","overlay-type":"","overlay-color":"","overlay-gradient":""},"mobile":{"background-color":"","background-image":"","background-repeat":"repeat","background-position":"center center","background-size":"auto","background-attachment":"scroll","background-type":"","background-media":"","overlay-type":"","overlay-color":"","overlay-gradient":""}},"ast-content-background-meta":{"desktop":{"background-color":"var(--ast-global-color-5)","background-image":"","background-repeat":"repeat","background-position":"center center","background-size":"auto","background-attachment":"scroll","background-type":"","background-media":"","overlay-type":"","overlay-color":"","overlay-gradient":""},"tablet":{"background-color":"var(--ast-global-color-5)","background-image":"","background-repeat":"repeat","background-position":"center center","background-size":"auto","background-attachment":"scroll","background-type":"","background-media":"","overlay-type":"","overlay-color":"","overlay-gradient":""},"mobile":{"background-color":"var(--ast-global-color-5)","background-image":"","background-repeat":"repeat","background-position":"center center","background-size":"auto","background-attachment":"scroll","background-type":"","background-media":"","overlay-type":"","overlay-color":"","overlay-gradient":""}},"footnotes":""},"categories":[8901],"tags":[128133,128132,14066,48646,2939,128134],"class_list":["post-57984","post","type-post","status-publish","format-standard","hentry","category-carcinogenesis","tag-alameda-quitllet-espinet-sola-francesc-blanca","tag-carlota-costa-ribalta","tag-jaume-ordi-maja","tag-ramon-carreras-collado","tag-sergio-serrano-figueras","tag-xavier-matiaas-guiu"],"_links":{"self":[{"href":"https:\/\/www.deberes.net\/tesis\/wp-json\/wp\/v2\/posts\/57984","targetHints":{"allow":["GET"]}}],"collection":[{"href":"https:\/\/www.deberes.net\/tesis\/wp-json\/wp\/v2\/posts"}],"about":[{"href":"https:\/\/www.deberes.net\/tesis\/wp-json\/wp\/v2\/types\/post"}],"author":[{"embeddable":true,"href":"https:\/\/www.deberes.net\/tesis\/wp-json\/wp\/v2\/users\/1"}],"replies":[{"embeddable":true,"href":"https:\/\/www.deberes.net\/tesis\/wp-json\/wp\/v2\/comments?post=57984"}],"version-history":[{"count":0,"href":"https:\/\/www.deberes.net\/tesis\/wp-json\/wp\/v2\/posts\/57984\/revisions"}],"wp:attachment":[{"href":"https:\/\/www.deberes.net\/tesis\/wp-json\/wp\/v2\/media?parent=57984"}],"wp:term":[{"taxonomy":"category","embeddable":true,"href":"https:\/\/www.deberes.net\/tesis\/wp-json\/wp\/v2\/categories?post=57984"},{"taxonomy":"post_tag","embeddable":true,"href":"https:\/\/www.deberes.net\/tesis\/wp-json\/wp\/v2\/tags?post=57984"}],"curies":[{"name":"wp","href":"https:\/\/api.w.org\/{rel}","templated":true}]}}