{"id":58013,"date":"2018-03-09T22:45:51","date_gmt":"2018-03-09T22:45:51","guid":{"rendered":"https:\/\/www.deberes.net\/tesis\/sin-categoria\/analisis-historico-y-conceptual-de-las-relaciones-entre-la-inteligencia-y-la-razon\/"},"modified":"2018-03-09T22:45:51","modified_gmt":"2018-03-09T22:45:51","slug":"analisis-historico-y-conceptual-de-las-relaciones-entre-la-inteligencia-y-la-razon","status":"publish","type":"post","link":"https:\/\/www.deberes.net\/tesis\/malaga\/analisis-historico-y-conceptual-de-las-relaciones-entre-la-inteligencia-y-la-razon\/","title":{"rendered":"An\u00e1lisis hist\u00f3rico y conceptual de las relaciones entre la inteligencia y la raz\u00f3n"},"content":{"rendered":"<h2>Tesis doctoral de <strong> Miguel Luis Martin Jorge <\/strong><\/h2>\n<p>En los recientes planteamientos te\u00f3ricos en torno a la inteligencia se reflejan los signos de la sustancial evoluci\u00f3n que seguido este concepto. Inicialmente definida como la capacidad para resolver problemas, la inteligencia ha sido reformulada en funci\u00f3n de los problemas de los que se ocupa y del a finalidad con la que lo hace. Sobre una base conceptual escasamente elaborada, en parte heredera de la anterior tradici\u00f3n filos\u00f3fica y en parte producto del marco metodol\u00f3gico que la psicolog\u00eda asum\u00eda para sus investigaciones, distintos autores propusieron diferentes teor\u00edas y definiciones al respecto. en los posteriores desarrollos se fueron introduciendo ciertas novedades, justificada mediante la apelaci\u00f3n a una serie de referentes te\u00f3ricos previos.  junto a la ineludible referencia a la tradici\u00f3n, factores de otra \u00edndole parecen haber condicionado la evoluci\u00f3n del concepto de inteligencia. En el curso de esta evoluci\u00f3n del concepto de inteligencia. en el curso de esta evoluci\u00f3n, resulta particularmente llamativa la transformaci\u00f3n de la relaci\u00f3n que media entre las nociones de inteligencia y racionalidad, t\u00e9rminos estrechamente ligados entre s\u00ed por el origen que comparte. Dado que las implicaciones del concepto de racionalidad trascienden ampliamente el \u00e1mbito de l psicolog\u00eda, podemos suponer que  la evoluci\u00f3n del constructo psicol\u00f3gico de inteligencia subyacen motivos y circunstancias de mayor alcance. Con objeto de clarificar el estado actual de esta cuesti\u00f3n, planteamos un recorrido por los desarrollos m\u00e1s representativos de cada una de las etapas que conforman la historia de la inteligencia y la racionalidad.<\/p>\n<p>&nbsp;<\/p>\n<h3>Datos acad\u00e9micos de la tesis doctoral \u00ab<strong>An\u00e1lisis hist\u00f3rico y conceptual de las relaciones entre la inteligencia y la raz\u00f3n<\/strong>\u00ab<\/h3>\n<ul>\n<li><strong>T\u00edtulo de la tesis:<\/strong>\u00a0 An\u00e1lisis hist\u00f3rico y conceptual de las relaciones entre la inteligencia y la raz\u00f3n <\/li>\n<li><strong>Autor:<\/strong>\u00a0 Miguel Luis Martin Jorge <\/li>\n<li><strong>Universidad:<\/strong>\u00a0 M\u00e1laga<\/li>\n<li><strong>Fecha de lectura de la tesis:<\/strong>\u00a0 19\/04\/2007<\/li>\n<\/ul>\n<p>&nbsp;<\/p>\n<h3>Direcci\u00f3n y tribunal<\/h3>\n<ul>\n<li><strong>Director de la tesis<\/strong>\n<ul>\n<li> Mora Merida Juan  Antonio<\/li>\n<\/ul>\n<\/li>\n<li><strong>Tribunal<\/strong>\n<ul>\n<li>Presidente del tribunal: Heliodoro Carpintero Capell <\/li>\n<li>Javier Gonz\u00e1lez Marqu\u00e9s (vocal)<\/li>\n<li>Pascual Martinez Freide (vocal)<\/li>\n<li>Jos\u00e9 Miguel Rodr\u00edguez Santos (vocal)<\/li>\n<\/ul>\n<\/li>\n<\/ul>\n<p>&nbsp;<\/p>\n","protected":false},"excerpt":{"rendered":"<p>Tesis doctoral de Miguel Luis Martin Jorge En los recientes planteamientos te\u00f3ricos en torno a la inteligencia se reflejan los [&hellip;]<\/p>\n","protected":false},"author":1,"featured_media":0,"comment_status":"open","ping_status":"open","sticky":false,"template":"","format":"standard","meta":{"site-sidebar-layout":"default","site-content-layout":"","ast-site-content-layout":"","site-content-style":"default","site-sidebar-style":"default","ast-global-header-display":"","ast-banner-title-visibility":"","ast-main-header-display":"","ast-hfb-above-header-display":"","ast-hfb-below-header-display":"","ast-hfb-mobile-header-display":"","site-post-title":"","ast-breadcrumbs-content":"","ast-featured-img":"","footer-sml-layout":"","theme-transparent-header-meta":"","adv-header-id-meta":"","stick-header-meta":"","header-above-stick-meta":"","header-main-stick-meta":"","header-below-stick-meta":"","astra-migrate-meta-layouts":"default","ast-page-background-enabled":"default","ast-page-background-meta":{"desktop":{"background-color":"var(--ast-global-color-4)","background-image":"","background-repeat":"repeat","background-position":"center center","background-size":"auto","background-attachment":"scroll","background-type":"","background-media":"","overlay-type":"","overlay-color":"","overlay-gradient":""},"tablet":{"background-color":"","background-image":"","background-repeat":"repeat","background-position":"center center","background-size":"auto","background-attachment":"scroll","background-type":"","background-media":"","overlay-type":"","overlay-color":"","overlay-gradient":""},"mobile":{"background-color":"","background-image":"","background-repeat":"repeat","background-position":"center center","background-size":"auto","background-attachment":"scroll","background-type":"","background-media":"","overlay-type":"","overlay-color":"","overlay-gradient":""}},"ast-content-background-meta":{"desktop":{"background-color":"var(--ast-global-color-5)","background-image":"","background-repeat":"repeat","background-position":"center center","background-size":"auto","background-attachment":"scroll","background-type":"","background-media":"","overlay-type":"","overlay-color":"","overlay-gradient":""},"tablet":{"background-color":"var(--ast-global-color-5)","background-image":"","background-repeat":"repeat","background-position":"center center","background-size":"auto","background-attachment":"scroll","background-type":"","background-media":"","overlay-type":"","overlay-color":"","overlay-gradient":""},"mobile":{"background-color":"var(--ast-global-color-5)","background-image":"","background-repeat":"repeat","background-position":"center center","background-size":"auto","background-attachment":"scroll","background-type":"","background-media":"","overlay-type":"","overlay-color":"","overlay-gradient":""}},"footnotes":""},"categories":[7834,8928],"tags":[9338,6416,57210,128194,8058,128195],"class_list":["post-58013","post","type-post","status-publish","format-standard","hentry","category-malaga","category-teoria-de-sistemas-en-psicologia","tag-heliodoro-carpintero-capell","tag-javier-gonzalez-marques","tag-jose-miguel-rodriguez-santos","tag-miguel-luis-martin-jorge","tag-mora-merida-juan-antonio","tag-pascual-Martinez-freide"],"_links":{"self":[{"href":"https:\/\/www.deberes.net\/tesis\/wp-json\/wp\/v2\/posts\/58013","targetHints":{"allow":["GET"]}}],"collection":[{"href":"https:\/\/www.deberes.net\/tesis\/wp-json\/wp\/v2\/posts"}],"about":[{"href":"https:\/\/www.deberes.net\/tesis\/wp-json\/wp\/v2\/types\/post"}],"author":[{"embeddable":true,"href":"https:\/\/www.deberes.net\/tesis\/wp-json\/wp\/v2\/users\/1"}],"replies":[{"embeddable":true,"href":"https:\/\/www.deberes.net\/tesis\/wp-json\/wp\/v2\/comments?post=58013"}],"version-history":[{"count":0,"href":"https:\/\/www.deberes.net\/tesis\/wp-json\/wp\/v2\/posts\/58013\/revisions"}],"wp:attachment":[{"href":"https:\/\/www.deberes.net\/tesis\/wp-json\/wp\/v2\/media?parent=58013"}],"wp:term":[{"taxonomy":"category","embeddable":true,"href":"https:\/\/www.deberes.net\/tesis\/wp-json\/wp\/v2\/categories?post=58013"},{"taxonomy":"post_tag","embeddable":true,"href":"https:\/\/www.deberes.net\/tesis\/wp-json\/wp\/v2\/tags?post=58013"}],"curies":[{"name":"wp","href":"https:\/\/api.w.org\/{rel}","templated":true}]}}