{"id":58020,"date":"2018-03-09T22:45:51","date_gmt":"2018-03-09T22:45:51","guid":{"rendered":"https:\/\/www.deberes.net\/tesis\/sin-categoria\/estudio-y-diseno-de-un-sistema-de-gestion-mediante-indicadores-destinado-a-empresas-de-los-subsectores-de-la-industria-textil-de-no-tejidos-confeccion-y-ennoblecimiento\/"},"modified":"2018-03-09T22:45:51","modified_gmt":"2018-03-09T22:45:51","slug":"estudio-y-diseno-de-un-sistema-de-gestion-mediante-indicadores-destinado-a-empresas-de-los-subsectores-de-la-industria-textil-de-no-tejidos-confeccion-y-ennoblecimiento","status":"publish","type":"post","link":"https:\/\/www.deberes.net\/tesis\/investigacion-operativa-en-la-empresa\/estudio-y-diseno-de-un-sistema-de-gestion-mediante-indicadores-destinado-a-empresas-de-los-subsectores-de-la-industria-textil-de-no-tejidos-confeccion-y-ennoblecimiento\/","title":{"rendered":"Estudio y dise\u00f1o de un sistema de gesti\u00f3n mediante indicadores, destinado a empresas de los subsectores de la industria textil de no tejidos, confecci\u00f3n y ennoblecimiento"},"content":{"rendered":"<h2>Tesis doctoral de <strong> Ignacio Jos\u00e9 Montava Segu\u00ed <\/strong><\/h2>\n<p>La consecuencia de una herramienta capaz de poner a disponibilidad del gestor, la informaci\u00f3n necesaria, en tiempo real para la toma de decisiones, es uno de los objetivos del presente trabajo de investigaci\u00f3n. concluir los trabajos iniciados en esta l\u00ednea por el dr. Pablo d\u00edaz garc\u00eda en su tesis doctoral, d\u00e1ndole amplitud al resto de subsectores de la industria textil no tratados en la suya, configurar\u00eda el segundo reto del presente trabajo. el nuevo escenario en el que se ve inmersa la industria textil, entre otras, ante la nueva competencia ejercida por los pa\u00edses emergentes, hace necesaria una gesti\u00f3n eficaz. este trabajo propone herramientas para la medici\u00f3n de los factores criticos de una empresa modelo de cada uno de los subsectores de la industria textil de nuestro entorno m\u00e1s pr\u00f3ximo; pymes de la comunidad Valenciana. del trabajo de campo realizado, contando con la inestimable colaboraci\u00f3n de los gestores de 57 empresas del entorno, ha resultado un conjunto de indicadores capaces de ser integrados en un sistema de gesti\u00f3n ya establecido en las empresas, modelos como el bsc, iso 9000, etc., O bien hacer uso de ellos como herramientas coordinadas e interrelacionadas para la medici\u00f3n de metas en las estrategias de la empresa. el resultado del trabajo es la obtenci\u00f3n de un conjunto de 25 a 30 indicadores, que configuran, para cada uno de los subsectores en estudio una herramienta eficaz para el control de las cinco perspectivas cl\u00e1sicas de una empresa que apuesta por la gesti\u00f3n eficaz como t\u00e9cnica para hacer frente a las situaciones actuales de las empresas del sector.<\/p>\n<p>&nbsp;<\/p>\n<h3>Datos acad\u00e9micos de la tesis doctoral \u00ab<strong>Estudio y dise\u00f1o de un sistema de gesti\u00f3n mediante indicadores, destinado a empresas de los subsectores de la industria textil de no tejidos, confecci\u00f3n y ennoblecimiento<\/strong>\u00ab<\/h3>\n<ul>\n<li><strong>T\u00edtulo de la tesis:<\/strong>\u00a0 Estudio y dise\u00f1o de un sistema de gesti\u00f3n mediante indicadores, destinado a empresas de los subsectores de la industria textil de no tejidos, confecci\u00f3n y ennoblecimiento <\/li>\n<li><strong>Autor:<\/strong>\u00a0 Ignacio Jos\u00e9 Montava Segu\u00ed <\/li>\n<li><strong>Universidad:<\/strong>\u00a0 Polit\u00e9cnica de Valencia<\/li>\n<li><strong>Fecha de lectura de la tesis:<\/strong>\u00a0 19\/04\/2007<\/li>\n<\/ul>\n<p>&nbsp;<\/p>\n<h3>Direcci\u00f3n y tribunal<\/h3>\n<ul>\n<li><strong>Director de la tesis<\/strong>\n<ul>\n<li>Pablo D\u00edaz Garc\u00eda<\/li>\n<\/ul>\n<\/li>\n<li><strong>Tribunal<\/strong>\n<ul>\n<li>Presidente del tribunal:  Canal arias Jos\u00e9 Mar\u00eda <\/li>\n<li>Jaime Gisbert paya (vocal)<\/li>\n<li>f\u00e9lix Marsal amen\u00f3s (vocal)<\/li>\n<li>Juan Ovejero escudero (vocal)<\/li>\n<\/ul>\n<\/li>\n<\/ul>\n<p>&nbsp;<\/p>\n","protected":false},"excerpt":{"rendered":"<p>Tesis doctoral de Ignacio Jos\u00e9 Montava Segu\u00ed La consecuencia de una herramienta capaz de poner a disponibilidad del gestor, la [&hellip;]<\/p>\n","protected":false},"author":1,"featured_media":0,"comment_status":"open","ping_status":"open","sticky":false,"template":"","format":"standard","meta":{"site-sidebar-layout":"default","site-content-layout":"","ast-site-content-layout":"","site-content-style":"default","site-sidebar-style":"default","ast-global-header-display":"","ast-banner-title-visibility":"","ast-main-header-display":"","ast-hfb-above-header-display":"","ast-hfb-below-header-display":"","ast-hfb-mobile-header-display":"","site-post-title":"","ast-breadcrumbs-content":"","ast-featured-img":"","footer-sml-layout":"","theme-transparent-header-meta":"","adv-header-id-meta":"","stick-header-meta":"","header-above-stick-meta":"","header-main-stick-meta":"","header-below-stick-meta":"","astra-migrate-meta-layouts":"default","ast-page-background-enabled":"default","ast-page-background-meta":{"desktop":{"background-color":"var(--ast-global-color-4)","background-image":"","background-repeat":"repeat","background-position":"center center","background-size":"auto","background-attachment":"scroll","background-type":"","background-media":"","overlay-type":"","overlay-color":"","overlay-gradient":""},"tablet":{"background-color":"","background-image":"","background-repeat":"repeat","background-position":"center center","background-size":"auto","background-attachment":"scroll","background-type":"","background-media":"","overlay-type":"","overlay-color":"","overlay-gradient":""},"mobile":{"background-color":"","background-image":"","background-repeat":"repeat","background-position":"center center","background-size":"auto","background-attachment":"scroll","background-type":"","background-media":"","overlay-type":"","overlay-color":"","overlay-gradient":""}},"ast-content-background-meta":{"desktop":{"background-color":"var(--ast-global-color-5)","background-image":"","background-repeat":"repeat","background-position":"center center","background-size":"auto","background-attachment":"scroll","background-type":"","background-media":"","overlay-type":"","overlay-color":"","overlay-gradient":""},"tablet":{"background-color":"var(--ast-global-color-5)","background-image":"","background-repeat":"repeat","background-position":"center center","background-size":"auto","background-attachment":"scroll","background-type":"","background-media":"","overlay-type":"","overlay-color":"","overlay-gradient":""},"mobile":{"background-color":"var(--ast-global-color-5)","background-image":"","background-repeat":"repeat","background-position":"center center","background-size":"auto","background-attachment":"scroll","background-type":"","background-media":"","overlay-type":"","overlay-color":"","overlay-gradient":""}},"footnotes":""},"categories":[2428,16820,16869,20807],"tags":[121233,109706,128213,128215,128211,128214],"class_list":["post-58020","post","type-post","status-publish","format-standard","hentry","category-investigacion-operativa-en-la-empresa","category-politecnica-de-valencia","category-procesos-industriales","category-sector-de-investigacion-y-desarrollo","tag-canal-arias-jose-maria","tag-felix-marsal-amenos","tag-ignacio-jose-montava-segui","tag-jaime-gisbert-paya","tag-juan-ovejero-escudero","tag-pablo-diaz-garcia"],"_links":{"self":[{"href":"https:\/\/www.deberes.net\/tesis\/wp-json\/wp\/v2\/posts\/58020","targetHints":{"allow":["GET"]}}],"collection":[{"href":"https:\/\/www.deberes.net\/tesis\/wp-json\/wp\/v2\/posts"}],"about":[{"href":"https:\/\/www.deberes.net\/tesis\/wp-json\/wp\/v2\/types\/post"}],"author":[{"embeddable":true,"href":"https:\/\/www.deberes.net\/tesis\/wp-json\/wp\/v2\/users\/1"}],"replies":[{"embeddable":true,"href":"https:\/\/www.deberes.net\/tesis\/wp-json\/wp\/v2\/comments?post=58020"}],"version-history":[{"count":0,"href":"https:\/\/www.deberes.net\/tesis\/wp-json\/wp\/v2\/posts\/58020\/revisions"}],"wp:attachment":[{"href":"https:\/\/www.deberes.net\/tesis\/wp-json\/wp\/v2\/media?parent=58020"}],"wp:term":[{"taxonomy":"category","embeddable":true,"href":"https:\/\/www.deberes.net\/tesis\/wp-json\/wp\/v2\/categories?post=58020"},{"taxonomy":"post_tag","embeddable":true,"href":"https:\/\/www.deberes.net\/tesis\/wp-json\/wp\/v2\/tags?post=58020"}],"curies":[{"name":"wp","href":"https:\/\/api.w.org\/{rel}","templated":true}]}}