{"id":58029,"date":"2018-03-09T22:45:51","date_gmt":"2018-03-09T22:45:51","guid":{"rendered":"https:\/\/www.deberes.net\/tesis\/sin-categoria\/clase-social-y-sujeto-historico-en-la-obra-de-e-p-thompson\/"},"modified":"2018-03-09T22:45:51","modified_gmt":"2018-03-09T22:45:51","slug":"clase-social-y-sujeto-historico-en-la-obra-de-e-p-thompson","status":"publish","type":"post","link":"https:\/\/www.deberes.net\/tesis\/cadiz\/clase-social-y-sujeto-historico-en-la-obra-de-e-p-thompson\/","title":{"rendered":"Clase social y sujeto hist\u00f3rico en la obra de e.p. thompson"},"content":{"rendered":"<h2>Tesis doctoral de <strong> Alejandro Estrella Gonz\u00e1lez <\/strong><\/h2>\n<p>El trabajo pretende realizar una aproximaci\u00f3n a la propuesta de e.P. Thompson en torno al problema de la clase social y lla subjetividad hist\u00f3rica, ubic\u00e1ndola en el marco intelectual pertinente con el fin de valorar su relevancia e impacto en el campo de la historia y de las ciencias sociales. Para comprender esta particular toma de posici\u00f3n, aplicamos las herramientas que nos ofrece la sociolog\u00eda de los intelectuales de pierre bourdieu y mostramos los condicionantes sociales e institucionales que convergen en la producci\u00f3n de dicha propuesta. De manera que el relato que presentamos lleva a cabo una reconstrucci\u00f3n de la trayectoria social e intelectual mediante la cual se fue forjando el habitus de thompson; estructura de disposiciones sometida a la disciplina de los diferentes campos acad\u00e9micos y principio generador de las sucesivas estrategias desarrolladas por nuestro autor en su tr\u00e1nsito por dichos campos. El trabajo se extiende por tanto desde la herencia familiar hasta la publicaci\u00f3n de the making of the english working class, obra que se corresponde con una definitiva estabilizaci\u00f3n del habitus thompsoniano y en consecuencia, donde es posible advertir las l\u00edneas maestras de su propuesta sobre la subjetividad y la clase social.<\/p>\n<p>&nbsp;<\/p>\n<h3>Datos acad\u00e9micos de la tesis doctoral \u00ab<strong>Clase social y sujeto hist\u00f3rico en la obra de e.p. thompson<\/strong>\u00ab<\/h3>\n<ul>\n<li><strong>T\u00edtulo de la tesis:<\/strong>\u00a0 Clase social y sujeto hist\u00f3rico en la obra de e.p. thompson <\/li>\n<li><strong>Autor:<\/strong>\u00a0 Alejandro Estrella Gonz\u00e1lez <\/li>\n<li><strong>Universidad:<\/strong>\u00a0 C\u00e1diz<\/li>\n<li><strong>Fecha de lectura de la tesis:<\/strong>\u00a0 19\/04\/2007<\/li>\n<\/ul>\n<p>&nbsp;<\/p>\n<h3>Direcci\u00f3n y tribunal<\/h3>\n<ul>\n<li><strong>Director de la tesis<\/strong>\n<ul>\n<li>Francisco Vazquez Garcia<\/li>\n<\/ul>\n<\/li>\n<li><strong>Tribunal<\/strong>\n<ul>\n<li>Presidente del tribunal: Miguel \u00e1ngel Cabrera acosta <\/li>\n<li>richard Cleminson (vocal)<\/li>\n<li>federico Dev\u00eds m\u00e1rquez (vocal)<\/li>\n<li>julio P\u00e9rez serrano (vocal)<\/li>\n<\/ul>\n<\/li>\n<\/ul>\n<p>&nbsp;<\/p>\n","protected":false},"excerpt":{"rendered":"<p>Tesis doctoral de Alejandro Estrella Gonz\u00e1lez El trabajo pretende realizar una aproximaci\u00f3n a la propuesta de e.P. Thompson en torno [&hellip;]<\/p>\n","protected":false},"author":1,"featured_media":0,"comment_status":"open","ping_status":"open","sticky":false,"template":"","format":"standard","meta":{"site-sidebar-layout":"default","site-content-layout":"","ast-site-content-layout":"","site-content-style":"default","site-sidebar-style":"default","ast-global-header-display":"","ast-banner-title-visibility":"","ast-main-header-display":"","ast-hfb-above-header-display":"","ast-hfb-below-header-display":"","ast-hfb-mobile-header-display":"","site-post-title":"","ast-breadcrumbs-content":"","ast-featured-img":"","footer-sml-layout":"","theme-transparent-header-meta":"","adv-header-id-meta":"","stick-header-meta":"","header-above-stick-meta":"","header-main-stick-meta":"","header-below-stick-meta":"","astra-migrate-meta-layouts":"default","ast-page-background-enabled":"default","ast-page-background-meta":{"desktop":{"background-color":"var(--ast-global-color-4)","background-image":"","background-repeat":"repeat","background-position":"center center","background-size":"auto","background-attachment":"scroll","background-type":"","background-media":"","overlay-type":"","overlay-color":"","overlay-gradient":""},"tablet":{"background-color":"","background-image":"","background-repeat":"repeat","background-position":"center center","background-size":"auto","background-attachment":"scroll","background-type":"","background-media":"","overlay-type":"","overlay-color":"","overlay-gradient":""},"mobile":{"background-color":"","background-image":"","background-repeat":"repeat","background-position":"center center","background-size":"auto","background-attachment":"scroll","background-type":"","background-media":"","overlay-type":"","overlay-color":"","overlay-gradient":""}},"ast-content-background-meta":{"desktop":{"background-color":"var(--ast-global-color-5)","background-image":"","background-repeat":"repeat","background-position":"center center","background-size":"auto","background-attachment":"scroll","background-type":"","background-media":"","overlay-type":"","overlay-color":"","overlay-gradient":""},"tablet":{"background-color":"var(--ast-global-color-5)","background-image":"","background-repeat":"repeat","background-position":"center center","background-size":"auto","background-attachment":"scroll","background-type":"","background-media":"","overlay-type":"","overlay-color":"","overlay-gradient":""},"mobile":{"background-color":"var(--ast-global-color-5)","background-image":"","background-repeat":"repeat","background-position":"center center","background-size":"auto","background-attachment":"scroll","background-type":"","background-media":"","overlay-type":"","overlay-color":"","overlay-gradient":""}},"footnotes":""},"categories":[1506,5276],"tags":[128227,128230,35622,2230,128228,128229],"class_list":["post-58029","post","type-post","status-publish","format-standard","hentry","category-cadiz","category-filosofia-de-la-historia","tag-alejandro-estrella-gonzalez","tag-federico-devis-marquez","tag-francisco-vazquez-garcia","tag-julio-perez-serrano","tag-miguel-angel-cabrera-acosta","tag-richard-cleminson"],"_links":{"self":[{"href":"https:\/\/www.deberes.net\/tesis\/wp-json\/wp\/v2\/posts\/58029","targetHints":{"allow":["GET"]}}],"collection":[{"href":"https:\/\/www.deberes.net\/tesis\/wp-json\/wp\/v2\/posts"}],"about":[{"href":"https:\/\/www.deberes.net\/tesis\/wp-json\/wp\/v2\/types\/post"}],"author":[{"embeddable":true,"href":"https:\/\/www.deberes.net\/tesis\/wp-json\/wp\/v2\/users\/1"}],"replies":[{"embeddable":true,"href":"https:\/\/www.deberes.net\/tesis\/wp-json\/wp\/v2\/comments?post=58029"}],"version-history":[{"count":0,"href":"https:\/\/www.deberes.net\/tesis\/wp-json\/wp\/v2\/posts\/58029\/revisions"}],"wp:attachment":[{"href":"https:\/\/www.deberes.net\/tesis\/wp-json\/wp\/v2\/media?parent=58029"}],"wp:term":[{"taxonomy":"category","embeddable":true,"href":"https:\/\/www.deberes.net\/tesis\/wp-json\/wp\/v2\/categories?post=58029"},{"taxonomy":"post_tag","embeddable":true,"href":"https:\/\/www.deberes.net\/tesis\/wp-json\/wp\/v2\/tags?post=58029"}],"curies":[{"name":"wp","href":"https:\/\/api.w.org\/{rel}","templated":true}]}}