{"id":58031,"date":"2018-03-09T22:45:51","date_gmt":"2018-03-09T22:45:51","guid":{"rendered":"https:\/\/www.deberes.net\/tesis\/sin-categoria\/la-junta-de-proteccion-a-la-infancia-de-barcelona-aproximacion-historica-y-gua%c2%ada-documental-de-su-archivo-1908-1985\/"},"modified":"2018-03-09T22:45:51","modified_gmt":"2018-03-09T22:45:51","slug":"la-junta-de-proteccion-a-la-infancia-de-barcelona-aproximacion-historica-y-gua%c2%ada-documental-de-su-archivo-1908-1985","status":"publish","type":"post","link":"https:\/\/www.deberes.net\/tesis\/historia-de-la-educacion\/la-junta-de-proteccion-a-la-infancia-de-barcelona-aproximacion-historica-y-gua%c2%ada-documental-de-su-archivo-1908-1985\/","title":{"rendered":"La junta de protecci\u00f3n a la infancia de barcelona: aproximaci\u00f3n hist\u00f3rica y gu\u00edadocumental de su archivo (1908-1985)"},"content":{"rendered":"<h2>Tesis doctoral de <strong> Carlos Antonio S\u00e1nchez-valverde Visus <\/strong><\/h2>\n<p>La tesis recoge el rescate, la ordenaci\u00f3n y una primera catalogaci\u00f3n del archivo de la junta de protecci\u00f3n a la infancia (menores de barcelona, instituci\u00f3n que se crea en 1908 y que es vigente hasta 1985. Tiene pues una componente documental y documentaci\u00f3n primordial. Y desde ese car\u00e1cter y con los instrumentos que facilita (la gu\u00eda), har\u00e1 m\u00e1s f\u00e1cil y productivo el acceso a este archivo por parte del corpus acad\u00e9mico y del p\u00fablico en general.     se acompa\u00f1a de estudios complementarios de enmarcamiento hist\u00f3rico y pedag\u00f3gico que  describen: el proceso de construcci\u00f3n del \u00abespacio social infancia\u00bb, las diferentes respuestas e instituciones, que hist\u00f3ricamente se han sucedido en la acci\u00f3n social con la infancia, la situaci\u00f3n econ\u00f3mica, pol\u00edtica y social que ve alumbra la instituci\u00f3n en nuestro pa\u00eds; y se explican las posiciones institucionales y pedag\u00f3gicas en las que se inscribe la misma, relacion\u00e1ndolas cono los factores que la hicieron posible.     realiza tambi\u00e9n, desde la explotaci\u00f3n de la informaci\u00f3n y de los datos del mismo archivo, un estudio, introductorio, del transcurso hist\u00f3rico de la intuici\u00f3n, en todo su recorrido cronol\u00f3gico, presentando una explicaci\u00f3n y descripci\u00f3n l\u00f3gica de la misma en toda su vida social, desde el estudio diacr\u00f3nico hist\u00f3rico, relacion\u00e1ndolo  sincr\u00f3nicamente con la historia de la educaci\u00f3n social, en particular, y de la acci\u00f3n social, en general.     se complementa con 4 anexos  que recogen; informaci\u00f3n legislativa de afectaci\u00f3n a la misma, inventarios de archivos complementarios y la reproducci\u00f3n facs\u00edmil de documentos seleccionados del archivo que sirven para ofrecer una imagen bastante ajustada de la instituci\u00f3n y de su recorrido hist\u00f3rico.<\/p>\n<p>&nbsp;<\/p>\n<h3>Datos acad\u00e9micos de la tesis doctoral \u00ab<strong>La junta de protecci\u00f3n a la infancia de barcelona: aproximaci\u00f3n hist\u00f3rica y gu\u00edadocumental de su archivo (1908-1985)<\/strong>\u00ab<\/h3>\n<ul>\n<li><strong>T\u00edtulo de la tesis:<\/strong>\u00a0 La junta de protecci\u00f3n a la infancia de barcelona: aproximaci\u00f3n hist\u00f3rica y gu\u00edadocumental de su archivo (1908-1985) <\/li>\n<li><strong>Autor:<\/strong>\u00a0 Carlos Antonio S\u00e1nchez-valverde Visus <\/li>\n<li><strong>Universidad:<\/strong>\u00a0 Barcelona<\/li>\n<li><strong>Fecha de lectura de la tesis:<\/strong>\u00a0 20\/04\/2007<\/li>\n<\/ul>\n<p>&nbsp;<\/p>\n<h3>Direcci\u00f3n y tribunal<\/h3>\n<ul>\n<li><strong>Director de la tesis<\/strong>\n<ul>\n<li>Josep Gonz\u00e1lez Ag\u00c1\u00a0pito<\/li>\n<\/ul>\n<\/li>\n<li><strong>Tribunal<\/strong>\n<ul>\n<li>Presidente del tribunal: alejandro Mayordomo p\u00e9rez <\/li>\n<li>alfonso Martinell sempere (vocal)<\/li>\n<li>salomo Marques sureda (vocal)<\/li>\n<li>magadalena Canellas anoz (vocal)<\/li>\n<\/ul>\n<\/li>\n<\/ul>\n<p>&nbsp;<\/p>\n","protected":false},"excerpt":{"rendered":"<p>Tesis doctoral de Carlos Antonio S\u00e1nchez-valverde Visus La tesis recoge el rescate, la ordenaci\u00f3n y una primera catalogaci\u00f3n del archivo [&hellip;]<\/p>\n","protected":false},"author":1,"featured_media":0,"comment_status":"open","ping_status":"open","sticky":false,"template":"","format":"standard","meta":{"site-sidebar-layout":"default","site-content-layout":"","ast-site-content-layout":"","site-content-style":"default","site-sidebar-style":"default","ast-global-header-display":"","ast-banner-title-visibility":"","ast-main-header-display":"","ast-hfb-above-header-display":"","ast-hfb-below-header-display":"","ast-hfb-mobile-header-display":"","site-post-title":"","ast-breadcrumbs-content":"","ast-featured-img":"","footer-sml-layout":"","theme-transparent-header-meta":"","adv-header-id-meta":"","stick-header-meta":"","header-above-stick-meta":"","header-main-stick-meta":"","header-below-stick-meta":"","astra-migrate-meta-layouts":"default","ast-page-background-enabled":"default","ast-page-background-meta":{"desktop":{"background-color":"var(--ast-global-color-4)","background-image":"","background-repeat":"repeat","background-position":"center center","background-size":"auto","background-attachment":"scroll","background-type":"","background-media":"","overlay-type":"","overlay-color":"","overlay-gradient":""},"tablet":{"background-color":"","background-image":"","background-repeat":"repeat","background-position":"center center","background-size":"auto","background-attachment":"scroll","background-type":"","background-media":"","overlay-type":"","overlay-color":"","overlay-gradient":""},"mobile":{"background-color":"","background-image":"","background-repeat":"repeat","background-position":"center center","background-size":"auto","background-attachment":"scroll","background-type":"","background-media":"","overlay-type":"","overlay-color":"","overlay-gradient":""}},"ast-content-background-meta":{"desktop":{"background-color":"var(--ast-global-color-5)","background-image":"","background-repeat":"repeat","background-position":"center center","background-size":"auto","background-attachment":"scroll","background-type":"","background-media":"","overlay-type":"","overlay-color":"","overlay-gradient":""},"tablet":{"background-color":"var(--ast-global-color-5)","background-image":"","background-repeat":"repeat","background-position":"center center","background-size":"auto","background-attachment":"scroll","background-type":"","background-media":"","overlay-type":"","overlay-color":"","overlay-gradient":""},"mobile":{"background-color":"var(--ast-global-color-5)","background-image":"","background-repeat":"repeat","background-position":"center center","background-size":"auto","background-attachment":"scroll","background-type":"","background-media":"","overlay-type":"","overlay-color":"","overlay-gradient":""}},"footnotes":""},"categories":[951,50328,311,7611,1341],"tags":[11369,18826,128232,128233,128234,18827],"class_list":["post-58031","post","type-post","status-publish","format-standard","hentry","category-barcelona","category-estratigrafia-historica","category-historia-de-la-educacion","category-organizacion-y-direccion-de-las-instituciones-educativas","category-teoria-y-metodos-educativos","tag-alejandro-mayordomo-perez","tag-alfonso-martinell-sempere","tag-carlos-antonio-sanchez-valverde-visus","tag-josep-gonzalez-aga-pito","tag-magadalena-canellas-anoz","tag-salomo-marques-sureda"],"_links":{"self":[{"href":"https:\/\/www.deberes.net\/tesis\/wp-json\/wp\/v2\/posts\/58031","targetHints":{"allow":["GET"]}}],"collection":[{"href":"https:\/\/www.deberes.net\/tesis\/wp-json\/wp\/v2\/posts"}],"about":[{"href":"https:\/\/www.deberes.net\/tesis\/wp-json\/wp\/v2\/types\/post"}],"author":[{"embeddable":true,"href":"https:\/\/www.deberes.net\/tesis\/wp-json\/wp\/v2\/users\/1"}],"replies":[{"embeddable":true,"href":"https:\/\/www.deberes.net\/tesis\/wp-json\/wp\/v2\/comments?post=58031"}],"version-history":[{"count":0,"href":"https:\/\/www.deberes.net\/tesis\/wp-json\/wp\/v2\/posts\/58031\/revisions"}],"wp:attachment":[{"href":"https:\/\/www.deberes.net\/tesis\/wp-json\/wp\/v2\/media?parent=58031"}],"wp:term":[{"taxonomy":"category","embeddable":true,"href":"https:\/\/www.deberes.net\/tesis\/wp-json\/wp\/v2\/categories?post=58031"},{"taxonomy":"post_tag","embeddable":true,"href":"https:\/\/www.deberes.net\/tesis\/wp-json\/wp\/v2\/tags?post=58031"}],"curies":[{"name":"wp","href":"https:\/\/api.w.org\/{rel}","templated":true}]}}