{"id":58043,"date":"2018-03-09T22:45:51","date_gmt":"2018-03-09T22:45:51","guid":{"rendered":"https:\/\/www.deberes.net\/tesis\/sin-categoria\/estudio-descriptivo-a-tres-anos-sobre-un-grupo-controlado-de-pacientes-parcialmente-desdentados-rehabilitados-con-implantoprotesis-de-carga-temprana\/"},"modified":"2018-03-09T22:45:51","modified_gmt":"2018-03-09T22:45:51","slug":"estudio-descriptivo-a-tres-anos-sobre-un-grupo-controlado-de-pacientes-parcialmente-desdentados-rehabilitados-con-implantoprotesis-de-carga-temprana","status":"publish","type":"post","link":"https:\/\/www.deberes.net\/tesis\/sin-categoria\/estudio-descriptivo-a-tres-anos-sobre-un-grupo-controlado-de-pacientes-parcialmente-desdentados-rehabilitados-con-implantoprotesis-de-carga-temprana\/","title":{"rendered":"Estudio descriptivo a tres a\u00f1os sobre un grupo controlado de pacientes parcialmente desdentados rehabilitados con implantopr\u00f3tesis de carga temprana"},"content":{"rendered":"<h2>Tesis doctoral de <strong>  Rivero Gonz\u00e1lez Mar\u00eda Antonia <\/strong><\/h2>\n<p>Objetivo     el objeto de nuestro estudio, se bas\u00f3 en considerar el tiempo de consolidaci\u00f3n de una fractura \u00f3sea de osteointegraci\u00f3n e incluir este tiempo comprar par\u00e1metro a considerar a la hora de establecer carga funcional del implante.  material y m\u00e9todo     se colocaron 68 implantes iti (sla) en 18 pacientes parcialmente ed\u00e9ntulos rehabilitados a 4 semanas en mand\u00edbula y a 6 en maxilar. durante 3 a\u00f1os se estudiaron los patrones de estabilidad (ostell@mentor) y de hueso periimplantario (radiograf\u00eda intraoral), comparando los resultados obtenidos con una serie de variables (longitud de implante, calidad \u00f3sea, edad, g\u00e9nero, localizaci\u00f3n y n\u00famero de coronas).  resultados     se obtuvo una supervivencia de los implantes y pr\u00f3tesis parciales inplantosoportadas del 100% y un porcentaje de \u00e9xito del 95,59% a los tres a\u00f1os de carga.  conclusiones     el tiempo de consolidaci\u00f3n de una fractura \u00f3sea cerrada, es un factor primordial a considerar a la hora de establecer carga funcional de nuestras pr\u00f3tesis parciales y implantosoportadas. el \u00edndice iso mostr\u00f3 un aumento progresivo a lo largo de los 3 a\u00f1os de seguimiento y este fue mayor en mand\u00edbula que en maxilar. siendo las variables que influyeron positivamente en \u00e9l: g\u00e9nero femenino, pr\u00f3tesis con dos coronas y calidad \u00f3sea tipo ii. Se perdi\u00f3 m\u00e1s masa \u00f3sea durante el primer a\u00f1o de carga y esta p\u00e9rdida fue mayor en mesial que en distal. Las variables que influyeron en la p\u00e9rdida \u00f3sea fueron: la longitud del implante (a mayor longitud mayor p\u00e9rdida) y pr\u00f3tesis con dos coronas (m\u00e1s p\u00e9rdida \u00f3sea acumulada que con tres coronas).<\/p>\n<p>&nbsp;<\/p>\n<h3>Datos acad\u00e9micos de la tesis doctoral \u00ab<strong>Estudio descriptivo a tres a\u00f1os sobre un grupo controlado de pacientes parcialmente desdentados rehabilitados con implantopr\u00f3tesis de carga temprana<\/strong>\u00ab<\/h3>\n<ul>\n<li><strong>T\u00edtulo de la tesis:<\/strong>\u00a0 Estudio descriptivo a tres a\u00f1os sobre un grupo controlado de pacientes parcialmente desdentados rehabilitados con implantopr\u00f3tesis de carga temprana <\/li>\n<li><strong>Autor:<\/strong>\u00a0  Rivero Gonz\u00e1lez Mar\u00eda Antonia <\/li>\n<li><strong>Universidad:<\/strong>\u00a0 Complutense de Madrid<\/li>\n<li><strong>Fecha de lectura de la tesis:<\/strong>\u00a0 20\/04\/2007<\/li>\n<\/ul>\n<p>&nbsp;<\/p>\n<h3>Direcci\u00f3n y tribunal<\/h3>\n<ul>\n<li><strong>Director de la tesis<\/strong>\n<ul>\n<li> Rio Highsmith Jaime Del<\/li>\n<\/ul>\n<\/li>\n<li><strong>Tribunal<\/strong>\n<ul>\n<li>Presidente del tribunal: rafael Baca p\u00e9rez-bryan <\/li>\n<li>Carlos Labaig rueda (vocal)<\/li>\n<li>diego Ca\u00f1adas rodr\u00edguez (vocal)<\/li>\n<li>guillermo Prad\u00edes ramiro (vocal)<\/li>\n<\/ul>\n<\/li>\n<\/ul>\n<p>&nbsp;<\/p>\n","protected":false},"excerpt":{"rendered":"<p>Tesis doctoral de Rivero Gonz\u00e1lez Mar\u00eda Antonia Objetivo el objeto de nuestro estudio, se bas\u00f3 en considerar el tiempo de [&hellip;]<\/p>\n","protected":false},"author":1,"featured_media":0,"comment_status":"open","ping_status":"open","sticky":false,"template":"","format":"standard","meta":{"site-sidebar-layout":"default","site-content-layout":"","ast-site-content-layout":"","site-content-style":"default","site-sidebar-style":"default","ast-global-header-display":"","ast-banner-title-visibility":"","ast-main-header-display":"","ast-hfb-above-header-display":"","ast-hfb-below-header-display":"","ast-hfb-mobile-header-display":"","site-post-title":"","ast-breadcrumbs-content":"","ast-featured-img":"","footer-sml-layout":"","theme-transparent-header-meta":"","adv-header-id-meta":"","stick-header-meta":"","header-above-stick-meta":"","header-main-stick-meta":"","header-below-stick-meta":"","astra-migrate-meta-layouts":"default","ast-page-background-enabled":"default","ast-page-background-meta":{"desktop":{"background-color":"var(--ast-global-color-4)","background-image":"","background-repeat":"repeat","background-position":"center center","background-size":"auto","background-attachment":"scroll","background-type":"","background-media":"","overlay-type":"","overlay-color":"","overlay-gradient":""},"tablet":{"background-color":"","background-image":"","background-repeat":"repeat","background-position":"center center","background-size":"auto","background-attachment":"scroll","background-type":"","background-media":"","overlay-type":"","overlay-color":"","overlay-gradient":""},"mobile":{"background-color":"","background-image":"","background-repeat":"repeat","background-position":"center center","background-size":"auto","background-attachment":"scroll","background-type":"","background-media":"","overlay-type":"","overlay-color":"","overlay-gradient":""}},"ast-content-background-meta":{"desktop":{"background-color":"var(--ast-global-color-5)","background-image":"","background-repeat":"repeat","background-position":"center center","background-size":"auto","background-attachment":"scroll","background-type":"","background-media":"","overlay-type":"","overlay-color":"","overlay-gradient":""},"tablet":{"background-color":"var(--ast-global-color-5)","background-image":"","background-repeat":"repeat","background-position":"center center","background-size":"auto","background-attachment":"scroll","background-type":"","background-media":"","overlay-type":"","overlay-color":"","overlay-gradient":""},"mobile":{"background-color":"var(--ast-global-color-5)","background-image":"","background-repeat":"repeat","background-position":"center center","background-size":"auto","background-attachment":"scroll","background-type":"","background-media":"","overlay-type":"","overlay-color":"","overlay-gradient":""}},"footnotes":""},"categories":[140,1],"tags":[95651,76525,57040,128259,22933,128258],"class_list":["post-58043","post","type-post","status-publish","format-standard","hentry","category-estomatologia-y-ortodoncia","category-sin-categoria","tag-carlos-labaig-rueda","tag-diego-canadas-rodriguez","tag-guillermo-pradies-ramiro","tag-rafael-baca-perez-bryan","tag-rio-highsmith-jaime-del","tag-rivero-gonzalez-maria-antonia"],"_links":{"self":[{"href":"https:\/\/www.deberes.net\/tesis\/wp-json\/wp\/v2\/posts\/58043","targetHints":{"allow":["GET"]}}],"collection":[{"href":"https:\/\/www.deberes.net\/tesis\/wp-json\/wp\/v2\/posts"}],"about":[{"href":"https:\/\/www.deberes.net\/tesis\/wp-json\/wp\/v2\/types\/post"}],"author":[{"embeddable":true,"href":"https:\/\/www.deberes.net\/tesis\/wp-json\/wp\/v2\/users\/1"}],"replies":[{"embeddable":true,"href":"https:\/\/www.deberes.net\/tesis\/wp-json\/wp\/v2\/comments?post=58043"}],"version-history":[{"count":0,"href":"https:\/\/www.deberes.net\/tesis\/wp-json\/wp\/v2\/posts\/58043\/revisions"}],"wp:attachment":[{"href":"https:\/\/www.deberes.net\/tesis\/wp-json\/wp\/v2\/media?parent=58043"}],"wp:term":[{"taxonomy":"category","embeddable":true,"href":"https:\/\/www.deberes.net\/tesis\/wp-json\/wp\/v2\/categories?post=58043"},{"taxonomy":"post_tag","embeddable":true,"href":"https:\/\/www.deberes.net\/tesis\/wp-json\/wp\/v2\/tags?post=58043"}],"curies":[{"name":"wp","href":"https:\/\/api.w.org\/{rel}","templated":true}]}}