{"id":58048,"date":"2018-03-09T22:45:54","date_gmt":"2018-03-09T22:45:54","guid":{"rendered":"https:\/\/www.deberes.net\/tesis\/sin-categoria\/ceramica-de-biovidrio-58s-como-vector-biodegradable-de-liberacion-controlada-de-gentamicina-estudio-experimental-in-vivo-en-conejos\/"},"modified":"2018-03-09T22:45:54","modified_gmt":"2018-03-09T22:45:54","slug":"ceramica-de-biovidrio-58s-como-vector-biodegradable-de-liberacion-controlada-de-gentamicina-estudio-experimental-in-vivo-en-conejos","status":"publish","type":"post","link":"https:\/\/www.deberes.net\/tesis\/murcia\/ceramica-de-biovidrio-58s-como-vector-biodegradable-de-liberacion-controlada-de-gentamicina-estudio-experimental-in-vivo-en-conejos\/","title":{"rendered":"Cer\u00e1mica de biovidrio (58s) como vector biodegradable de liberaci\u00f3n controlada de gentamicina. estudio experimental \u00abin vivo\u00bb en conejos."},"content":{"rendered":"<h2>Tesis doctoral de <strong>  Ros Nicol\u00e1s Mar\u00eda Josefa <\/strong><\/h2>\n<p>Con el trabajo de investigaci\u00f3n de la presente memoria hemos pretendido comprobar si un biomaterial en forma de biovidrio (58s) puede ser utilizado como potencial \u00absustituto de hueso\u00bb y como \u00abvector o transportador\u00bb del antibi\u00f3tico gentamicina para liberaci\u00f3n local dentro del hueso. Nos basamos, para ello, en m\u00e9todos de estudio: radiol\u00f3gicos, para analizar por medio de t\u00e9cnicas de imagen la evoluci\u00f3n del implante en el tiempo, anatomopatol\u00f3gicos, para determinar la respuesta del hu\u00e9sped, as\u00ed como, los cambios morfol\u00f3gicos en la interfase hueso-implante y bioqu\u00edmicos, para determinar la concentraci\u00f3n local del antibi\u00f3tico en el hueso y en las v\u00edsceras (h\u00edgado, pulm\u00f3n y ri\u00f1\u00f3n)<\/p>\n<p>&nbsp;<\/p>\n<h3>Datos acad\u00e9micos de la tesis doctoral \u00ab<strong>Cer\u00e1mica de biovidrio (58s) como vector biodegradable de liberaci\u00f3n controlada de gentamicina. estudio experimental \u00abin vivo\u00bb en conejos.<\/strong>\u00ab<\/h3>\n<ul>\n<li><strong>T\u00edtulo de la tesis:<\/strong>\u00a0 Cer\u00e1mica de biovidrio (58s) como vector biodegradable de liberaci\u00f3n controlada de gentamicina. estudio experimental \u00abin vivo\u00bb en conejos. <\/li>\n<li><strong>Autor:<\/strong>\u00a0  Ros Nicol\u00e1s Mar\u00eda Josefa <\/li>\n<li><strong>Universidad:<\/strong>\u00a0 Murcia<\/li>\n<li><strong>Fecha de lectura de la tesis:<\/strong>\u00a0 20\/04\/2007<\/li>\n<\/ul>\n<p>&nbsp;<\/p>\n<h3>Direcci\u00f3n y tribunal<\/h3>\n<ul>\n<li><strong>Director de la tesis<\/strong>\n<ul>\n<li> Meseguer Olmo Luis Ramon<\/li>\n<\/ul>\n<\/li>\n<li><strong>Tribunal<\/strong>\n<ul>\n<li>Presidente del tribunal: manuel Canteras jordana <\/li>\n<li>Carlos Barrios pitarque (vocal)<\/li>\n<li>pedro Guillen Garc\u00eda (vocal)<\/li>\n<li>Antonio Murcia maz\u00f3n (vocal)<\/li>\n<\/ul>\n<\/li>\n<\/ul>\n<p>&nbsp;<\/p>\n","protected":false},"excerpt":{"rendered":"<p>Tesis doctoral de Ros Nicol\u00e1s Mar\u00eda Josefa Con el trabajo de investigaci\u00f3n de la presente memoria hemos pretendido comprobar si [&hellip;]<\/p>\n","protected":false},"author":1,"featured_media":0,"comment_status":"open","ping_status":"open","sticky":false,"template":"","format":"standard","meta":{"site-sidebar-layout":"default","site-content-layout":"","ast-site-content-layout":"","site-content-style":"default","site-sidebar-style":"default","ast-global-header-display":"","ast-banner-title-visibility":"","ast-main-header-display":"","ast-hfb-above-header-display":"","ast-hfb-below-header-display":"","ast-hfb-mobile-header-display":"","site-post-title":"","ast-breadcrumbs-content":"","ast-featured-img":"","footer-sml-layout":"","theme-transparent-header-meta":"","adv-header-id-meta":"","stick-header-meta":"","header-above-stick-meta":"","header-main-stick-meta":"","header-below-stick-meta":"","astra-migrate-meta-layouts":"default","ast-page-background-enabled":"default","ast-page-background-meta":{"desktop":{"background-color":"var(--ast-global-color-4)","background-image":"","background-repeat":"repeat","background-position":"center center","background-size":"auto","background-attachment":"scroll","background-type":"","background-media":"","overlay-type":"","overlay-color":"","overlay-gradient":""},"tablet":{"background-color":"","background-image":"","background-repeat":"repeat","background-position":"center center","background-size":"auto","background-attachment":"scroll","background-type":"","background-media":"","overlay-type":"","overlay-color":"","overlay-gradient":""},"mobile":{"background-color":"","background-image":"","background-repeat":"repeat","background-position":"center center","background-size":"auto","background-attachment":"scroll","background-type":"","background-media":"","overlay-type":"","overlay-color":"","overlay-gradient":""}},"ast-content-background-meta":{"desktop":{"background-color":"var(--ast-global-color-5)","background-image":"","background-repeat":"repeat","background-position":"center center","background-size":"auto","background-attachment":"scroll","background-type":"","background-media":"","overlay-type":"","overlay-color":"","overlay-gradient":""},"tablet":{"background-color":"var(--ast-global-color-5)","background-image":"","background-repeat":"repeat","background-position":"center center","background-size":"auto","background-attachment":"scroll","background-type":"","background-media":"","overlay-type":"","overlay-color":"","overlay-gradient":""},"mobile":{"background-color":"var(--ast-global-color-5)","background-image":"","background-repeat":"repeat","background-position":"center center","background-size":"auto","background-attachment":"scroll","background-type":"","background-media":"","overlay-type":"","overlay-color":"","overlay-gradient":""}},"footnotes":""},"categories":[10665,14406,8235],"tags":[60764,14771,8239,52185,2389,128269],"class_list":["post-58048","post","type-post","status-publish","format-standard","hentry","category-cirugia-osea","category-materiales-ceramicos","category-murcia","tag-antonio-murcia-mazon","tag-carlos-barrios-pitarque","tag-manuel-canteras-jordana","tag-meseguer-olmo-luis-ramon","tag-pedro-guillen-garcia","tag-ros-nicolas-maria-josefa"],"_links":{"self":[{"href":"https:\/\/www.deberes.net\/tesis\/wp-json\/wp\/v2\/posts\/58048","targetHints":{"allow":["GET"]}}],"collection":[{"href":"https:\/\/www.deberes.net\/tesis\/wp-json\/wp\/v2\/posts"}],"about":[{"href":"https:\/\/www.deberes.net\/tesis\/wp-json\/wp\/v2\/types\/post"}],"author":[{"embeddable":true,"href":"https:\/\/www.deberes.net\/tesis\/wp-json\/wp\/v2\/users\/1"}],"replies":[{"embeddable":true,"href":"https:\/\/www.deberes.net\/tesis\/wp-json\/wp\/v2\/comments?post=58048"}],"version-history":[{"count":0,"href":"https:\/\/www.deberes.net\/tesis\/wp-json\/wp\/v2\/posts\/58048\/revisions"}],"wp:attachment":[{"href":"https:\/\/www.deberes.net\/tesis\/wp-json\/wp\/v2\/media?parent=58048"}],"wp:term":[{"taxonomy":"category","embeddable":true,"href":"https:\/\/www.deberes.net\/tesis\/wp-json\/wp\/v2\/categories?post=58048"},{"taxonomy":"post_tag","embeddable":true,"href":"https:\/\/www.deberes.net\/tesis\/wp-json\/wp\/v2\/tags?post=58048"}],"curies":[{"name":"wp","href":"https:\/\/api.w.org\/{rel}","templated":true}]}}