{"id":58059,"date":"2018-03-09T22:45:54","date_gmt":"2018-03-09T22:45:54","guid":{"rendered":"https:\/\/www.deberes.net\/tesis\/sin-categoria\/movilidad-pobreza-y-exclusion-social-un-estudio-de-caso-en-la-ciudad-de-lima\/"},"modified":"2018-03-09T22:45:54","modified_gmt":"2018-03-09T22:45:54","slug":"movilidad-pobreza-y-exclusion-social-un-estudio-de-caso-en-la-ciudad-de-lima","status":"publish","type":"post","link":"https:\/\/www.deberes.net\/tesis\/sociologia\/movilidad-pobreza-y-exclusion-social-un-estudio-de-caso-en-la-ciudad-de-lima\/","title":{"rendered":"Movilidad, pobreza y exclusi\u00f3n social. un estudio de caso en la ciudad de lima"},"content":{"rendered":"<h2>Tesis doctoral de <strong> Pau Avellaneda Garcia <\/strong><\/h2>\n<p>Partiendo de la exploraci\u00f3n de los v\u00ednculos que se establecen entre las variables movilidad, pobreza y exclusi\u00f3n social en contextos urbanos de profunda segregaci\u00f3n funcional y socioespacial, esta tesis doctoral analiza, en primer lugar, las relaciones que las personas en situaci\u00f3n de pobreza mantienen con sus espacios de proximidad y con el resto del territorio metropolitano como consecuencia de la estructura urbana y la organizaci\u00f3n funcional del espacio presente en la ciudad estudiada. A partir de ah\u00ed y de la constataci\u00f3n que estos ciudadanos desarrollan una parte importante de su vida cotidiana fuera del espacio local y que para ello tienen la necesidad de realizar largos desplazamientos que solo pueden ser resuletos en veh\u00edculos motorizados, se analiza la eficiencia social del sistema de transporte colectivo llegando a la conclusi\u00f3n que para estos ciudadanos \u00e9ste deviene un importante instrumento de integraci\u00f3n y cohesi\u00f3n social. Finalmente, se subraya que, si bien el transporte colectivo representa un importante elemento de inclusi\u00f3n social para la poblaci\u00f3n en situaci\u00f3n de pobreza, los elevados costes derivados de su uso cotidiano constituyen un potente elemento de freno a las potencialidades de inclusi\u00f3n y cohesi\u00f3n social de este sistema de transporte urbano. Dicho an\u00e1lisis se realiza en la ciudad de lima (per\u00fa).<\/p>\n<p>&nbsp;<\/p>\n<h3>Datos acad\u00e9micos de la tesis doctoral \u00ab<strong>Movilidad, pobreza y exclusi\u00f3n social. un estudio de caso en la ciudad de lima<\/strong>\u00ab<\/h3>\n<ul>\n<li><strong>T\u00edtulo de la tesis:<\/strong>\u00a0 Movilidad, pobreza y exclusi\u00f3n social. un estudio de caso en la ciudad de lima <\/li>\n<li><strong>Autor:<\/strong>\u00a0 Pau Avellaneda Garcia <\/li>\n<li><strong>Universidad:<\/strong>\u00a0 Aut\u00f3noma de barcelona<\/li>\n<li><strong>Fecha de lectura de la tesis:<\/strong>\u00a0 20\/04\/2007<\/li>\n<\/ul>\n<p>&nbsp;<\/p>\n<h3>Direcci\u00f3n y tribunal<\/h3>\n<ul>\n<li><strong>Director de la tesis<\/strong>\n<ul>\n<li>Mar\u00eda Del Carmen Miralles Guasch<\/li>\n<\/ul>\n<\/li>\n<li><strong>Tribunal<\/strong>\n<ul>\n<li>Presidente del tribunal: antoni francesc Tulla pujol <\/li>\n<li>carmen Bellet sanfeliu (vocal)<\/li>\n<li>Miguel angel Troiti\u00f1o vinuesa (vocal)<\/li>\n<li> Vega centeno sara lafosse pablo (vocal)<\/li>\n<\/ul>\n<\/li>\n<\/ul>\n<p>&nbsp;<\/p>\n","protected":false},"excerpt":{"rendered":"<p>Tesis doctoral de Pau Avellaneda Garcia Partiendo de la exploraci\u00f3n de los v\u00ednculos que se establecen entre las variables movilidad, [&hellip;]<\/p>\n","protected":false},"author":1,"featured_media":0,"comment_status":"open","ping_status":"open","sticky":false,"template":"","format":"standard","meta":{"site-sidebar-layout":"default","site-content-layout":"","ast-site-content-layout":"","site-content-style":"default","site-sidebar-style":"default","ast-global-header-display":"","ast-banner-title-visibility":"","ast-main-header-display":"","ast-hfb-above-header-display":"","ast-hfb-below-header-display":"","ast-hfb-mobile-header-display":"","site-post-title":"","ast-breadcrumbs-content":"","ast-featured-img":"","footer-sml-layout":"","theme-transparent-header-meta":"","adv-header-id-meta":"","stick-header-meta":"","header-above-stick-meta":"","header-main-stick-meta":"","header-below-stick-meta":"","astra-migrate-meta-layouts":"default","ast-page-background-enabled":"default","ast-page-background-meta":{"desktop":{"background-color":"var(--ast-global-color-4)","background-image":"","background-repeat":"repeat","background-position":"center center","background-size":"auto","background-attachment":"scroll","background-type":"","background-media":"","overlay-type":"","overlay-color":"","overlay-gradient":""},"tablet":{"background-color":"","background-image":"","background-repeat":"repeat","background-position":"center center","background-size":"auto","background-attachment":"scroll","background-type":"","background-media":"","overlay-type":"","overlay-color":"","overlay-gradient":""},"mobile":{"background-color":"","background-image":"","background-repeat":"repeat","background-position":"center center","background-size":"auto","background-attachment":"scroll","background-type":"","background-media":"","overlay-type":"","overlay-color":"","overlay-gradient":""}},"ast-content-background-meta":{"desktop":{"background-color":"var(--ast-global-color-5)","background-image":"","background-repeat":"repeat","background-position":"center center","background-size":"auto","background-attachment":"scroll","background-type":"","background-media":"","overlay-type":"","overlay-color":"","overlay-gradient":""},"tablet":{"background-color":"var(--ast-global-color-5)","background-image":"","background-repeat":"repeat","background-position":"center center","background-size":"auto","background-attachment":"scroll","background-type":"","background-media":"","overlay-type":"","overlay-color":"","overlay-gradient":""},"mobile":{"background-color":"var(--ast-global-color-5)","background-image":"","background-repeat":"repeat","background-position":"center center","background-size":"auto","background-attachment":"scroll","background-type":"","background-media":"","overlay-type":"","overlay-color":"","overlay-gradient":""}},"footnotes":""},"categories":[681,1399,269],"tags":[41494,128293,128292,4466,128291,128294],"class_list":["post-58059","post","type-post","status-publish","format-standard","hentry","category-antropologia","category-geografia","category-sociologia","tag-antoni-francesc-tulla-pujol","tag-carmen-bellet-sanfeliu","tag-maria-del-carmen-miralles-guasch","tag-miguel-angel-troitino-vinuesa","tag-pau-avellaneda-garcia","tag-vega-centeno-sara-lafosse-pablo"],"_links":{"self":[{"href":"https:\/\/www.deberes.net\/tesis\/wp-json\/wp\/v2\/posts\/58059","targetHints":{"allow":["GET"]}}],"collection":[{"href":"https:\/\/www.deberes.net\/tesis\/wp-json\/wp\/v2\/posts"}],"about":[{"href":"https:\/\/www.deberes.net\/tesis\/wp-json\/wp\/v2\/types\/post"}],"author":[{"embeddable":true,"href":"https:\/\/www.deberes.net\/tesis\/wp-json\/wp\/v2\/users\/1"}],"replies":[{"embeddable":true,"href":"https:\/\/www.deberes.net\/tesis\/wp-json\/wp\/v2\/comments?post=58059"}],"version-history":[{"count":0,"href":"https:\/\/www.deberes.net\/tesis\/wp-json\/wp\/v2\/posts\/58059\/revisions"}],"wp:attachment":[{"href":"https:\/\/www.deberes.net\/tesis\/wp-json\/wp\/v2\/media?parent=58059"}],"wp:term":[{"taxonomy":"category","embeddable":true,"href":"https:\/\/www.deberes.net\/tesis\/wp-json\/wp\/v2\/categories?post=58059"},{"taxonomy":"post_tag","embeddable":true,"href":"https:\/\/www.deberes.net\/tesis\/wp-json\/wp\/v2\/tags?post=58059"}],"curies":[{"name":"wp","href":"https:\/\/api.w.org\/{rel}","templated":true}]}}