{"id":58078,"date":"2018-03-09T22:45:54","date_gmt":"2018-03-09T22:45:54","guid":{"rendered":"https:\/\/www.deberes.net\/tesis\/sin-categoria\/la-construccion-de-la-ciudadana%c2%ada-del-menor-de-edad\/"},"modified":"2018-03-09T22:45:54","modified_gmt":"2018-03-09T22:45:54","slug":"la-construccion-de-la-ciudadana%c2%ada-del-menor-de-edad","status":"publish","type":"post","link":"https:\/\/www.deberes.net\/tesis\/grupos-sociales\/la-construccion-de-la-ciudadana%c2%ada-del-menor-de-edad\/","title":{"rendered":"La construcci\u00f3n de la ciudadan\u00edadel menor de edad"},"content":{"rendered":"<h2>Tesis doctoral de <strong> Luc\u00eda V\u00e1zquez-pastor Jim\u00e9nez <\/strong><\/h2>\n<p>En este trabajo de investigaci\u00f3n se estudia la situaci\u00f3n jur\u00eddica del menor desde la perspectiva de la construcci\u00f3n de su ciudadan\u00eda. Con tal objetivo se han elaborado cinco cap\u00edtulos. El primero de ellos aborda el an\u00e1lisis de dos cuestiones previas que constituyen los presupuestos elementales sobre los que se asienta la posici\u00f3n jur\u00eddica del menor de edad respecto a los derechos fundamentales, que son b\u00e1sicos para la construcci\u00f3n de su ciudadan\u00eda. Por un lado, se trata la titularidad por el menor de los citados derechos. Por otro lado, se plantea su capacidad para ejercitar las facultades que le corresponden en virtud de estos derechos de acuerdo con su nivel de madurez. El segundo cap\u00edtulo comprende el estudio de los tres elementos que configuran con car\u00e1cter b\u00e1sico la identidad personal del menor: el nombre, la filiaci\u00f3n y la nacionalidad, por cuanto impregnan a \u00e9ste las cualidades diferenciales que, a los efectos jur\u00eddicos, conforman su individualidad como persona independiente permitiendo, asimismo, su ubicaci\u00f3n en un grupo familiar y en la sociedad. Los cap\u00edtulos tercero, cuarto y quinto se dedican, cada uno de ellos, al estudio de los siguientes derechos fundamentales del menor: el derecho a recibir informaci\u00f3n, el derecho a la libertad ideol\u00f3gica y el derecho de asociaci\u00f3n. Para esta delimitaci\u00f3n se ha considerado oportuno partir de la enumeraci\u00f3n de derechos que recoge la ley org\u00e1nica de protecci\u00f3n jur\u00eddica del menor, por ser \u00e9sta la cumbre normativa del estatuto jur\u00eddico indisponible de los menores de edad dentro de nuestro ordenamiento. Asimismo, de esa enumeraci\u00f3n legal se han seleccionado los tres derechos citados por su especial trascendencia en la construcci\u00f3n de la ciudadan\u00eda del menor, toda vez que favorecen el ejercicio de su autonom\u00eda personal y su participaci\u00f3n social.<\/p>\n<p>&nbsp;<\/p>\n<h3>Datos acad\u00e9micos de la tesis doctoral \u00ab<strong>La construcci\u00f3n de la ciudadan\u00edadel menor de edad<\/strong>\u00ab<\/h3>\n<ul>\n<li><strong>T\u00edtulo de la tesis:<\/strong>\u00a0 La construcci\u00f3n de la ciudadan\u00edadel menor de edad <\/li>\n<li><strong>Autor:<\/strong>\u00a0 Luc\u00eda V\u00e1zquez-pastor Jim\u00e9nez <\/li>\n<li><strong>Universidad:<\/strong>\u00a0 Pablo de olavide<\/li>\n<li><strong>Fecha de lectura de la tesis:<\/strong>\u00a0 20\/04\/2007<\/li>\n<\/ul>\n<p>&nbsp;<\/p>\n<h3>Direcci\u00f3n y tribunal<\/h3>\n<ul>\n<li><strong>Director de la tesis<\/strong>\n<ul>\n<li>Rosario Valpuesta Fern\u00e1ndez<\/li>\n<\/ul>\n<\/li>\n<li><strong>Tribunal<\/strong>\n<ul>\n<li>Presidente del tribunal: \u00e1ngel L\u00f3pez L\u00f3pez <\/li>\n<li>Silvia Diaz Alabart (vocal)<\/li>\n<li>Francisco Rivero Hernandez (vocal)<\/li>\n<li>Miquel Martin Casals (vocal)<\/li>\n<\/ul>\n<\/li>\n<\/ul>\n<p>&nbsp;<\/p>\n","protected":false},"excerpt":{"rendered":"<p>Tesis doctoral de Luc\u00eda V\u00e1zquez-pastor Jim\u00e9nez En este trabajo de investigaci\u00f3n se estudia la situaci\u00f3n jur\u00eddica del menor desde la [&hellip;]<\/p>\n","protected":false},"author":1,"featured_media":0,"comment_status":"open","ping_status":"open","sticky":false,"template":"","format":"standard","meta":{"site-sidebar-layout":"default","site-content-layout":"","ast-site-content-layout":"","site-content-style":"default","site-sidebar-style":"default","ast-global-header-display":"","ast-banner-title-visibility":"","ast-main-header-display":"","ast-hfb-above-header-display":"","ast-hfb-below-header-display":"","ast-hfb-mobile-header-display":"","site-post-title":"","ast-breadcrumbs-content":"","ast-featured-img":"","footer-sml-layout":"","theme-transparent-header-meta":"","adv-header-id-meta":"","stick-header-meta":"","header-above-stick-meta":"","header-main-stick-meta":"","header-below-stick-meta":"","astra-migrate-meta-layouts":"default","ast-page-background-enabled":"default","ast-page-background-meta":{"desktop":{"background-color":"var(--ast-global-color-4)","background-image":"","background-repeat":"repeat","background-position":"center center","background-size":"auto","background-attachment":"scroll","background-type":"","background-media":"","overlay-type":"","overlay-color":"","overlay-gradient":""},"tablet":{"background-color":"","background-image":"","background-repeat":"repeat","background-position":"center center","background-size":"auto","background-attachment":"scroll","background-type":"","background-media":"","overlay-type":"","overlay-color":"","overlay-gradient":""},"mobile":{"background-color":"","background-image":"","background-repeat":"repeat","background-position":"center center","background-size":"auto","background-attachment":"scroll","background-type":"","background-media":"","overlay-type":"","overlay-color":"","overlay-gradient":""}},"ast-content-background-meta":{"desktop":{"background-color":"var(--ast-global-color-5)","background-image":"","background-repeat":"repeat","background-position":"center center","background-size":"auto","background-attachment":"scroll","background-type":"","background-media":"","overlay-type":"","overlay-color":"","overlay-gradient":""},"tablet":{"background-color":"var(--ast-global-color-5)","background-image":"","background-repeat":"repeat","background-position":"center center","background-size":"auto","background-attachment":"scroll","background-type":"","background-media":"","overlay-type":"","overlay-color":"","overlay-gradient":""},"mobile":{"background-color":"var(--ast-global-color-5)","background-image":"","background-repeat":"repeat","background-position":"center center","background-size":"auto","background-attachment":"scroll","background-type":"","background-media":"","overlay-type":"","overlay-color":"","overlay-gradient":""}},"footnotes":""},"categories":[1251,291,37286],"tags":[10920,28015,128333,47867,11127,7706],"class_list":["post-58078","post","type-post","status-publish","format-standard","hentry","category-derecho-civil","category-grupos-sociales","category-pablo-de-olavide","tag-angel-lopez-lopez","tag-francisco-rivero-hernandez","tag-lucia-vazquez-pastor-jimenez","tag-miquel-martin-casals","tag-rosario-valpuesta-fernandez","tag-silvia-diaz-alabart"],"_links":{"self":[{"href":"https:\/\/www.deberes.net\/tesis\/wp-json\/wp\/v2\/posts\/58078","targetHints":{"allow":["GET"]}}],"collection":[{"href":"https:\/\/www.deberes.net\/tesis\/wp-json\/wp\/v2\/posts"}],"about":[{"href":"https:\/\/www.deberes.net\/tesis\/wp-json\/wp\/v2\/types\/post"}],"author":[{"embeddable":true,"href":"https:\/\/www.deberes.net\/tesis\/wp-json\/wp\/v2\/users\/1"}],"replies":[{"embeddable":true,"href":"https:\/\/www.deberes.net\/tesis\/wp-json\/wp\/v2\/comments?post=58078"}],"version-history":[{"count":0,"href":"https:\/\/www.deberes.net\/tesis\/wp-json\/wp\/v2\/posts\/58078\/revisions"}],"wp:attachment":[{"href":"https:\/\/www.deberes.net\/tesis\/wp-json\/wp\/v2\/media?parent=58078"}],"wp:term":[{"taxonomy":"category","embeddable":true,"href":"https:\/\/www.deberes.net\/tesis\/wp-json\/wp\/v2\/categories?post=58078"},{"taxonomy":"post_tag","embeddable":true,"href":"https:\/\/www.deberes.net\/tesis\/wp-json\/wp\/v2\/tags?post=58078"}],"curies":[{"name":"wp","href":"https:\/\/api.w.org\/{rel}","templated":true}]}}