{"id":58101,"date":"2018-03-09T22:45:54","date_gmt":"2018-03-09T22:45:54","guid":{"rendered":"https:\/\/www.deberes.net\/tesis\/sin-categoria\/encuadres-noticiosos-e-inmigracion-del-analisis-de-los-contenidos-al-estudio-de-los-efectos-mediaticos\/"},"modified":"2018-03-09T22:45:54","modified_gmt":"2018-03-09T22:45:54","slug":"encuadres-noticiosos-e-inmigracion-del-analisis-de-los-contenidos-al-estudio-de-los-efectos-mediaticos","status":"publish","type":"post","link":"https:\/\/www.deberes.net\/tesis\/prensa\/encuadres-noticiosos-e-inmigracion-del-analisis-de-los-contenidos-al-estudio-de-los-efectos-mediaticos\/","title":{"rendered":"Encuadres noticiosos e inmigraci\u00f3n: del an\u00e1lisis de los contenidos al estudio de los efectos medi\u00e1ticos"},"content":{"rendered":"<h2>Tesis doctoral de <strong> Carlos Mu\u00f1iz Muriel <\/strong><\/h2>\n<p>La tesis doctoral elaborada se estructura en dos bloques: uno primero destinado al estudio del marco contextual de la inmigraci\u00f3n y las teor\u00edas de la comunicaci\u00f3n que sirven como base del estudio, y una segunda parte donde se plasman los resultados de las investigaciones realizadas. Apoy\u00e1ndose en los postulados de la teor\u00eda del framing o encuadre, en su traducci\u00f3n al espa\u00f1ol, se desarrolla el primer estudio un an\u00e1lisis de contenido de los mensajes informativos de la prensa y televisi\u00f3n espa\u00f1olas. Los resultados muestran que los medios espa\u00f1oles realizan una cobertura de la inmigraci\u00f3n mediante noticias m\u00e1s bien negativas, apoy\u00e1ndose en ciertos encuadres negativos. As\u00ed, los principales encuadres noticiosos que se localizan en los mensajes informativos analizados son los que vinculan a la inmigraci\u00f3n con la delincuencia y el que enfoca la llegada irregular de inmigrantes en pateras. Con todo, se observa un repunte del encuadre que presenta la contribuci\u00f3n econ\u00f3mica que supone la inmigraci\u00f3n para el pa\u00eds.   en el segundo estudio de la tesis se realiza una investigaci\u00f3n experimental en la que los sujetos son expuestos a una noticia con cuatro versiones diferentes, dependiendo del encuadre noticioso (conflicto versus contribuci\u00f3n econ\u00f3mica) y el origen geogr\u00e1fico de los inmigrantes (latinoamericano versus marroqu\u00ed) enfatizados en su texto. Los resultados confirman que los encuadres tienen la capacidad de canalizar las respuestas cognitivas elaboradas por el p\u00fablico, en funci\u00f3n del enfoque utilizado en la noticia. Asimismo, se comprueba que el encuadre de conflicto afecta positivamente a la percepci\u00f3n de la inmigraci\u00f3n como problema, as\u00ed como en la actitud que tienen los sujetos hacia este hecho informativo que es m\u00e1s favorable. A partir de los resultados se debate sobre la importante labor de los medios de comunicaci\u00f3n en el conocimiento p\u00fablico de la inmigraci\u00f3n y la integraci\u00f3n real de los inmigrantes en la sociedad espa\u00f1ola.<\/p>\n<p>&nbsp;<\/p>\n<h3>Datos acad\u00e9micos de la tesis doctoral \u00ab<strong>Encuadres noticiosos e inmigraci\u00f3n: del an\u00e1lisis de los contenidos al estudio de los efectos medi\u00e1ticos<\/strong>\u00ab<\/h3>\n<ul>\n<li><strong>T\u00edtulo de la tesis:<\/strong>\u00a0 Encuadres noticiosos e inmigraci\u00f3n: del an\u00e1lisis de los contenidos al estudio de los efectos medi\u00e1ticos <\/li>\n<li><strong>Autor:<\/strong>\u00a0 Carlos Mu\u00f1iz Muriel <\/li>\n<li><strong>Universidad:<\/strong>\u00a0 Salamanca<\/li>\n<li><strong>Fecha de lectura de la tesis:<\/strong>\u00a0 20\/04\/2007<\/li>\n<\/ul>\n<p>&nbsp;<\/p>\n<h3>Direcci\u00f3n y tribunal<\/h3>\n<ul>\n<li><strong>Director de la tesis<\/strong>\n<ul>\n<li>Juan  Jose Igartua Perosanz<\/li>\n<\/ul>\n<\/li>\n<li><strong>Tribunal<\/strong>\n<ul>\n<li>Presidente del tribunal: carmelo Garitaonandia garnacho <\/li>\n<li>antolin Granados Martinez (vocal)<\/li>\n<li>rosa Aparicio gomez (vocal)<\/li>\n<li>angel Rodriguez bravo (vocal)<\/li>\n<\/ul>\n<\/li>\n<\/ul>\n<p>&nbsp;<\/p>\n","protected":false},"excerpt":{"rendered":"<p>Tesis doctoral de Carlos Mu\u00f1iz Muriel La tesis doctoral elaborada se estructura en dos bloques: uno primero destinado al estudio [&hellip;]<\/p>\n","protected":false},"author":1,"featured_media":0,"comment_status":"open","ping_status":"open","sticky":false,"template":"","format":"standard","meta":{"site-sidebar-layout":"default","site-content-layout":"","ast-site-content-layout":"","site-content-style":"default","site-sidebar-style":"default","ast-global-header-display":"","ast-banner-title-visibility":"","ast-main-header-display":"","ast-hfb-above-header-display":"","ast-hfb-below-header-display":"","ast-hfb-mobile-header-display":"","site-post-title":"","ast-breadcrumbs-content":"","ast-featured-img":"","footer-sml-layout":"","theme-transparent-header-meta":"","adv-header-id-meta":"","stick-header-meta":"","header-above-stick-meta":"","header-main-stick-meta":"","header-below-stick-meta":"","astra-migrate-meta-layouts":"default","ast-page-background-enabled":"default","ast-page-background-meta":{"desktop":{"background-color":"var(--ast-global-color-4)","background-image":"","background-repeat":"repeat","background-position":"center center","background-size":"auto","background-attachment":"scroll","background-type":"","background-media":"","overlay-type":"","overlay-color":"","overlay-gradient":""},"tablet":{"background-color":"","background-image":"","background-repeat":"repeat","background-position":"center center","background-size":"auto","background-attachment":"scroll","background-type":"","background-media":"","overlay-type":"","overlay-color":"","overlay-gradient":""},"mobile":{"background-color":"","background-image":"","background-repeat":"repeat","background-position":"center center","background-size":"auto","background-attachment":"scroll","background-type":"","background-media":"","overlay-type":"","overlay-color":"","overlay-gradient":""}},"ast-content-background-meta":{"desktop":{"background-color":"var(--ast-global-color-5)","background-image":"","background-repeat":"repeat","background-position":"center center","background-size":"auto","background-attachment":"scroll","background-type":"","background-media":"","overlay-type":"","overlay-color":"","overlay-gradient":""},"tablet":{"background-color":"var(--ast-global-color-5)","background-image":"","background-repeat":"repeat","background-position":"center center","background-size":"auto","background-attachment":"scroll","background-type":"","background-media":"","overlay-type":"","overlay-color":"","overlay-gradient":""},"mobile":{"background-color":"var(--ast-global-color-5)","background-image":"","background-repeat":"repeat","background-position":"center center","background-size":"auto","background-attachment":"scroll","background-type":"","background-media":"","overlay-type":"","overlay-color":"","overlay-gradient":""}},"footnotes":""},"categories":[14084,5051,4841,23449,9386],"tags":[29272,74054,128376,13216,81941,49983],"class_list":["post-58101","post","type-post","status-publish","format-standard","hentry","category-formacion-de-la-opinion-publica","category-medios-de-comunicacion-de-masas","category-prensa","category-relaciones-interetnicas","category-salamanca","tag-angel-rodriguez-bravo","tag-antolin-granados-Martinez","tag-carlos-muniz-muriel","tag-carmelo-garitaonandia-garnacho","tag-juan-jose-igartua-perosanz","tag-rosa-aparicio-gomez"],"_links":{"self":[{"href":"https:\/\/www.deberes.net\/tesis\/wp-json\/wp\/v2\/posts\/58101","targetHints":{"allow":["GET"]}}],"collection":[{"href":"https:\/\/www.deberes.net\/tesis\/wp-json\/wp\/v2\/posts"}],"about":[{"href":"https:\/\/www.deberes.net\/tesis\/wp-json\/wp\/v2\/types\/post"}],"author":[{"embeddable":true,"href":"https:\/\/www.deberes.net\/tesis\/wp-json\/wp\/v2\/users\/1"}],"replies":[{"embeddable":true,"href":"https:\/\/www.deberes.net\/tesis\/wp-json\/wp\/v2\/comments?post=58101"}],"version-history":[{"count":0,"href":"https:\/\/www.deberes.net\/tesis\/wp-json\/wp\/v2\/posts\/58101\/revisions"}],"wp:attachment":[{"href":"https:\/\/www.deberes.net\/tesis\/wp-json\/wp\/v2\/media?parent=58101"}],"wp:term":[{"taxonomy":"category","embeddable":true,"href":"https:\/\/www.deberes.net\/tesis\/wp-json\/wp\/v2\/categories?post=58101"},{"taxonomy":"post_tag","embeddable":true,"href":"https:\/\/www.deberes.net\/tesis\/wp-json\/wp\/v2\/tags?post=58101"}],"curies":[{"name":"wp","href":"https:\/\/api.w.org\/{rel}","templated":true}]}}