{"id":58231,"date":"2018-03-09T22:46:06","date_gmt":"2018-03-09T22:46:06","guid":{"rendered":"https:\/\/www.deberes.net\/tesis\/sin-categoria\/basin-scale-hydrodynamics-in-a-mediterranean-reservoir-implications-for-the-phytoplankton-dynamics\/"},"modified":"2018-03-09T22:46:06","modified_gmt":"2018-03-09T22:46:06","slug":"basin-scale-hydrodynamics-in-a-mediterranean-reservoir-implications-for-the-phytoplankton-dynamics","status":"publish","type":"post","link":"https:\/\/www.deberes.net\/tesis\/ciencias-de-la-tierra-y-del-espacio\/basin-scale-hydrodynamics-in-a-mediterranean-reservoir-implications-for-the-phytoplankton-dynamics\/","title":{"rendered":"Basin-scale hydrodynamics in a mediterranean reservoir. implications for the phytoplankton dynamics"},"content":{"rendered":"<h2>Tesis doctoral de <strong> Javier Vidal Hurtado <\/strong><\/h2>\n<p>Basin-scale hydrodynamics in a mediterranean reservoir. Implications for the phytoplankton dynamics. javier vidal hurtado procesos hidrodin\u00e1micos determinan, en un alto grado, la respuesta ecol\u00f3gica de un embalse frente a agentes externos, tanto meteorol\u00f3gicos como la entrada de r\u00edos o la extracci\u00f3n de agua desde la presa. Debido a esto, la limnolog\u00eda f\u00edsica se ha desarrollado considerablemente en los \u00faltimos a\u00f1os. Sin embargo, en embalses espa\u00f1oles, apenas se han llevado a cabo estudios enfocados en los procesos f\u00edsicos. Ante esta perspectiva, en la presente tesis se ha indagado en los principales procesos que gobiernan la hidrodin\u00e1mica en los embalses mediterr\u00e1neos; enfocando el estudio sobre el embalse de sau, un embalse de tama\u00f1o medio localizado en catalu\u00f1a, al noreste de espa\u00f1a, aunque resultados obtenidos sobre el embalse de beznar son introducidos para su comparaci\u00f3n. La presente tesis es fruto de los resultados obtenidos en campa\u00f1as experimentales, en combinaci\u00f3n con la aplicaci\u00f3n de t\u00e9cnicas num\u00e9ricas (especialmente el modelo hidrodin\u00e1mico cwr-elcom). Resultados presentados en cinco cap\u00edtulos en formato articulo. el embalse de sau es un embalse bastante eutr\u00f3fico, siendo, adem\u00e1s, el primero de una cadena de tres embalses que suministran agua al \u00e1rea de barcelona. Sau es un embalse enca\u00f1onado, que transcurre por el valle del r\u00edo ter. La morfolog\u00eda de sau hace que el embalse est\u00e9 dividido en dos zonas influenciadas por diferentes agentes externos. La primera zona m\u00e1s abierta, esta comprendida en la parte m\u00e1s ancha del embalse, cerca de la presa; esta parte del embalse se comporta como un lago, influenciada principalmente por el viento reinante. La segunda zona se trata de la zona estrecha con meandros que se extiende valle arriba a hasta la entrada del r\u00edo ter. Esta parte del embalse esta abrigada del viento y est\u00e1 dominada por la entrada del r\u00edo. la acci\u00f3n de viento peri\u00f3dico (brisas de 24 h) genera ondas internas o<\/p>\n<p>&nbsp;<\/p>\n<h3>Datos acad\u00e9micos de la tesis doctoral \u00ab<strong>Basin-scale hydrodynamics in a mediterranean reservoir. implications for the phytoplankton dynamics<\/strong>\u00ab<\/h3>\n<ul>\n<li><strong>T\u00edtulo de la tesis:<\/strong>\u00a0 Basin-scale hydrodynamics in a mediterranean reservoir. implications for the phytoplankton dynamics <\/li>\n<li><strong>Autor:<\/strong>\u00a0 Javier Vidal Hurtado <\/li>\n<li><strong>Universidad:<\/strong>\u00a0 Girona<\/li>\n<li><strong>Fecha de lectura de la tesis:<\/strong>\u00a0 27\/04\/2007<\/li>\n<\/ul>\n<p>&nbsp;<\/p>\n<h3>Direcci\u00f3n y tribunal<\/h3>\n<ul>\n<li><strong>Director de la tesis<\/strong>\n<ul>\n<li>Francesc Xavier Casamitjana Vila<\/li>\n<\/ul>\n<\/li>\n<li><strong>Tribunal<\/strong>\n<ul>\n<li>Presidente del tribunal: josep llu\u00eds Pelegr\u00ed llopart <\/li>\n<li>Francisco Rueda valdivia (vocal)<\/li>\n<li>pere Puig alenya (vocal)<\/li>\n<li>franz Peters (vocal)<\/li>\n<\/ul>\n<\/li>\n<\/ul>\n<p>&nbsp;<\/p>\n","protected":false},"excerpt":{"rendered":"<p>Tesis doctoral de Javier Vidal Hurtado Basin-scale hydrodynamics in a mediterranean reservoir. Implications for the phytoplankton dynamics. javier vidal hurtado [&hellip;]<\/p>\n","protected":false},"author":1,"featured_media":0,"comment_status":"open","ping_status":"open","sticky":false,"template":"","format":"standard","meta":{"site-sidebar-layout":"default","site-content-layout":"","ast-site-content-layout":"","site-content-style":"default","site-sidebar-style":"default","ast-global-header-display":"","ast-banner-title-visibility":"","ast-main-header-display":"","ast-hfb-above-header-display":"","ast-hfb-below-header-display":"","ast-hfb-mobile-header-display":"","site-post-title":"","ast-breadcrumbs-content":"","ast-featured-img":"","footer-sml-layout":"","theme-transparent-header-meta":"","adv-header-id-meta":"","stick-header-meta":"","header-above-stick-meta":"","header-main-stick-meta":"","header-below-stick-meta":"","astra-migrate-meta-layouts":"default","ast-page-background-enabled":"default","ast-page-background-meta":{"desktop":{"background-color":"var(--ast-global-color-4)","background-image":"","background-repeat":"repeat","background-position":"center center","background-size":"auto","background-attachment":"scroll","background-type":"","background-media":"","overlay-type":"","overlay-color":"","overlay-gradient":""},"tablet":{"background-color":"","background-image":"","background-repeat":"repeat","background-position":"center center","background-size":"auto","background-attachment":"scroll","background-type":"","background-media":"","overlay-type":"","overlay-color":"","overlay-gradient":""},"mobile":{"background-color":"","background-image":"","background-repeat":"repeat","background-position":"center center","background-size":"auto","background-attachment":"scroll","background-type":"","background-media":"","overlay-type":"","overlay-color":"","overlay-gradient":""}},"ast-content-background-meta":{"desktop":{"background-color":"var(--ast-global-color-5)","background-image":"","background-repeat":"repeat","background-position":"center center","background-size":"auto","background-attachment":"scroll","background-type":"","background-media":"","overlay-type":"","overlay-color":"","overlay-gradient":""},"tablet":{"background-color":"var(--ast-global-color-5)","background-image":"","background-repeat":"repeat","background-position":"center center","background-size":"auto","background-attachment":"scroll","background-type":"","background-media":"","overlay-type":"","overlay-color":"","overlay-gradient":""},"mobile":{"background-color":"var(--ast-global-color-5)","background-image":"","background-repeat":"repeat","background-position":"center center","background-size":"auto","background-attachment":"scroll","background-type":"","background-media":"","overlay-type":"","overlay-color":"","overlay-gradient":""}},"footnotes":""},"categories":[27,18809],"tags":[44681,128678,128679,128677,57674,105774],"class_list":["post-58231","post","type-post","status-publish","format-standard","hentry","category-ciencias-de-la-tierra-y-del-espacio","category-girona","tag-francesc-xavier-casamitjana-vila","tag-francisco-rueda-valdivia","tag-franz-peters","tag-javier-vidal-hurtado","tag-josep-lluis-pelegri-llopart","tag-pere-puig-alenya"],"_links":{"self":[{"href":"https:\/\/www.deberes.net\/tesis\/wp-json\/wp\/v2\/posts\/58231","targetHints":{"allow":["GET"]}}],"collection":[{"href":"https:\/\/www.deberes.net\/tesis\/wp-json\/wp\/v2\/posts"}],"about":[{"href":"https:\/\/www.deberes.net\/tesis\/wp-json\/wp\/v2\/types\/post"}],"author":[{"embeddable":true,"href":"https:\/\/www.deberes.net\/tesis\/wp-json\/wp\/v2\/users\/1"}],"replies":[{"embeddable":true,"href":"https:\/\/www.deberes.net\/tesis\/wp-json\/wp\/v2\/comments?post=58231"}],"version-history":[{"count":0,"href":"https:\/\/www.deberes.net\/tesis\/wp-json\/wp\/v2\/posts\/58231\/revisions"}],"wp:attachment":[{"href":"https:\/\/www.deberes.net\/tesis\/wp-json\/wp\/v2\/media?parent=58231"}],"wp:term":[{"taxonomy":"category","embeddable":true,"href":"https:\/\/www.deberes.net\/tesis\/wp-json\/wp\/v2\/categories?post=58231"},{"taxonomy":"post_tag","embeddable":true,"href":"https:\/\/www.deberes.net\/tesis\/wp-json\/wp\/v2\/tags?post=58231"}],"curies":[{"name":"wp","href":"https:\/\/api.w.org\/{rel}","templated":true}]}}