{"id":58258,"date":"2007-02-05T00:00:00","date_gmt":"2007-02-05T00:00:00","guid":{"rendered":"https:\/\/www.deberes.net\/tesis\/sin-categoria\/salud-mental-y-derechos-humanos-la-cuestion-del-tratamiento-ambulatorio-involuntario\/"},"modified":"2007-02-05T00:00:00","modified_gmt":"2007-02-05T00:00:00","slug":"salud-mental-y-derechos-humanos-la-cuestion-del-tratamiento-ambulatorio-involuntario","status":"publish","type":"post","link":"https:\/\/www.deberes.net\/tesis\/derecho-penal\/salud-mental-y-derechos-humanos-la-cuestion-del-tratamiento-ambulatorio-involuntario\/","title":{"rendered":"Salud mental y derechos humanos: la cuesti\u00f3n del tratamiento ambulatorio involuntario"},"content":{"rendered":"<h2>Tesis doctoral de <strong> Carlos-eloy Ferreir\u00f3s Marcos <\/strong><\/h2>\n<p>La creciente introducci\u00f3n en las legislaciones de las sociedades democr\u00e1ticas de formas de tratameinto involuntario fuera de los centros hospitalarios en el campo de la salud mental ha originado un serio debate en todo el mundo. La tramitaci\u00f3n de una proposici\u00f3n y de un proyecto de ley en nuestro pa\u00eds tendentes a su regulaci\u00f3n no han sido ajenas a este panorama internacional. El presente estudio pretende adentrarse tanto en las distintas formas de aparici\u00f3n de tratamientos involutarios en el espacio de la salud mental como en las razones que los han motivado y los peligros que encierra, tratando de dar respuesta a algunso interrogantes que dichas medidas plantean, proponiendo soluciones a los mismos. A tal efecto se ha procedido al estudio hist\u00f3rico del proceso de construcci\u00f3n de la legislaci\u00f3n en materia de salud mental desde una perspectiva comparada, al an\u00e1lisis de cada unno de los elementos que forman la definici\u00f3n (\u00c2\u00bftratamiento, ambulatorio, involuntario?) Desde una perspectiva de derechos humanos, al examen de las formas jur\u00eddicas que se han creado partiendo de la protecci\u00f3n de la salud de los afectados en ausencia de capacidad de decisi\u00f3n y en los casos de protecci\u00f3n de los derechos de terceras personas y las diferencias que se observan en los \u00e1mbitos de las dependencias y de los menores de edad. por \u00fatlimo, se ha procedido al an\u00e1lisis del papel de los denominados \u00c2\u00bfjuzgados de soluci\u00f3n de problemas? En este contexto.<\/p>\n<p>&nbsp;<\/p>\n<h3>Datos acad\u00e9micos de la tesis doctoral \u00ab<strong>Salud mental y derechos humanos: la cuesti\u00f3n del tratamiento ambulatorio involuntario<\/strong>\u00ab<\/h3>\n<ul>\n<li><strong>T\u00edtulo de la tesis:<\/strong>\u00a0 Salud mental y derechos humanos: la cuesti\u00f3n del tratamiento ambulatorio involuntario <\/li>\n<li><strong>Autor:<\/strong>\u00a0 Carlos-eloy Ferreir\u00f3s Marcos <\/li>\n<li><strong>Universidad:<\/strong>\u00a0 Alicante<\/li>\n<li><strong>Fecha de lectura de la tesis:<\/strong>\u00a0 02\/05\/2007<\/li>\n<\/ul>\n<p>&nbsp;<\/p>\n<h3>Direcci\u00f3n y tribunal<\/h3>\n<ul>\n<li><strong>Director de la tesis<\/strong>\n<ul>\n<li>Bernardo Del Rosal Blasco<\/li>\n<\/ul>\n<\/li>\n<li><strong>Tribunal<\/strong>\n<ul>\n<li>Presidente del tribunal: Juan  Carlos Carbonell mateu <\/li>\n<li>Jos\u00e9 Giner ubago (vocal)<\/li>\n<li> Oliveras valenzuela Mar\u00eda  angustias (vocal)<\/li>\n<li>  (vocal)<\/li>\n<\/ul>\n<\/li>\n<\/ul>\n<p>&nbsp;<\/p>\n","protected":false},"excerpt":{"rendered":"<p>Tesis doctoral de Carlos-eloy Ferreir\u00f3s Marcos La creciente introducci\u00f3n en las legislaciones de las sociedades democr\u00e1ticas de formas de tratameinto [&hellip;]<\/p>\n","protected":false},"author":1,"featured_media":0,"comment_status":"open","ping_status":"open","sticky":false,"template":"","format":"standard","meta":{"site-sidebar-layout":"default","site-content-layout":"","ast-site-content-layout":"","site-content-style":"default","site-sidebar-style":"default","ast-global-header-display":"","ast-banner-title-visibility":"","ast-main-header-display":"","ast-hfb-above-header-display":"","ast-hfb-below-header-display":"","ast-hfb-mobile-header-display":"","site-post-title":"","ast-breadcrumbs-content":"","ast-featured-img":"","footer-sml-layout":"","theme-transparent-header-meta":"","adv-header-id-meta":"","stick-header-meta":"","header-above-stick-meta":"","header-main-stick-meta":"","header-below-stick-meta":"","astra-migrate-meta-layouts":"default","ast-page-background-enabled":"default","ast-page-background-meta":{"desktop":{"background-color":"var(--ast-global-color-4)","background-image":"","background-repeat":"repeat","background-position":"center center","background-size":"auto","background-attachment":"scroll","background-type":"","background-media":"","overlay-type":"","overlay-color":"","overlay-gradient":""},"tablet":{"background-color":"","background-image":"","background-repeat":"repeat","background-position":"center center","background-size":"auto","background-attachment":"scroll","background-type":"","background-media":"","overlay-type":"","overlay-color":"","overlay-gradient":""},"mobile":{"background-color":"","background-image":"","background-repeat":"repeat","background-position":"center center","background-size":"auto","background-attachment":"scroll","background-type":"","background-media":"","overlay-type":"","overlay-color":"","overlay-gradient":""}},"ast-content-background-meta":{"desktop":{"background-color":"var(--ast-global-color-5)","background-image":"","background-repeat":"repeat","background-position":"center center","background-size":"auto","background-attachment":"scroll","background-type":"","background-media":"","overlay-type":"","overlay-color":"","overlay-gradient":""},"tablet":{"background-color":"var(--ast-global-color-5)","background-image":"","background-repeat":"repeat","background-position":"center center","background-size":"auto","background-attachment":"scroll","background-type":"","background-media":"","overlay-type":"","overlay-color":"","overlay-gradient":""},"mobile":{"background-color":"var(--ast-global-color-5)","background-image":"","background-repeat":"repeat","background-position":"center center","background-size":"auto","background-attachment":"scroll","background-type":"","background-media":"","overlay-type":"","overlay-color":"","overlay-gradient":""}},"footnotes":""},"categories":[19166,1251,4927,613,758],"tags":[22736,128740,1971,12085,128741],"class_list":["post-58258","post","type-post","status-publish","format-standard","hentry","category-alicante","category-derecho-civil","category-derecho-comparado","category-derecho-penal","category-historia-del-derecho-y-de-las-instituciones-juridicas","tag-bernardo-del-rosal-blasco","tag-carlos-eloy-ferreiros-marcos","tag-jose-giner-ubago","tag-juan-carlos-carbonell-mateu","tag-oliveras-valenzuela-maria-angustias"],"_links":{"self":[{"href":"https:\/\/www.deberes.net\/tesis\/wp-json\/wp\/v2\/posts\/58258","targetHints":{"allow":["GET"]}}],"collection":[{"href":"https:\/\/www.deberes.net\/tesis\/wp-json\/wp\/v2\/posts"}],"about":[{"href":"https:\/\/www.deberes.net\/tesis\/wp-json\/wp\/v2\/types\/post"}],"author":[{"embeddable":true,"href":"https:\/\/www.deberes.net\/tesis\/wp-json\/wp\/v2\/users\/1"}],"replies":[{"embeddable":true,"href":"https:\/\/www.deberes.net\/tesis\/wp-json\/wp\/v2\/comments?post=58258"}],"version-history":[{"count":0,"href":"https:\/\/www.deberes.net\/tesis\/wp-json\/wp\/v2\/posts\/58258\/revisions"}],"wp:attachment":[{"href":"https:\/\/www.deberes.net\/tesis\/wp-json\/wp\/v2\/media?parent=58258"}],"wp:term":[{"taxonomy":"category","embeddable":true,"href":"https:\/\/www.deberes.net\/tesis\/wp-json\/wp\/v2\/categories?post=58258"},{"taxonomy":"post_tag","embeddable":true,"href":"https:\/\/www.deberes.net\/tesis\/wp-json\/wp\/v2\/tags?post=58258"}],"curies":[{"name":"wp","href":"https:\/\/api.w.org\/{rel}","templated":true}]}}