{"id":58270,"date":"2007-03-05T00:00:00","date_gmt":"2007-03-05T00:00:00","guid":{"rendered":"https:\/\/www.deberes.net\/tesis\/sin-categoria\/etica-y-religion-en-la-espana-reciente-problemas-y-perspectivas-para-el-siglo-xxi\/"},"modified":"2007-03-05T00:00:00","modified_gmt":"2007-03-05T00:00:00","slug":"etica-y-religion-en-la-espana-reciente-problemas-y-perspectivas-para-el-siglo-xxi","status":"publish","type":"post","link":"https:\/\/www.deberes.net\/tesis\/antropologia\/etica-y-religion-en-la-espana-reciente-problemas-y-perspectivas-para-el-siglo-xxi\/","title":{"rendered":"\u00e9tica y religi\u00f3n en la espa\u00f1a reciente. problemas y perspectivas para el siglo xxi"},"content":{"rendered":"<h2>Tesis doctoral de <strong> Cruz Campos Mariscal <\/strong><\/h2>\n<p>Partimos de las diferentes posturas acerca de la relaci\u00f3n entre \u00e9tica y religi\u00f3n en el \u00faltimo tercio del siglo xx. Para ello analizamos dos autores por cada una delas posturas fundamentales: a. S\u00e1nchez v\u00e1zquez y e. Guis\u00e1n (\u00e9tica lacista), j.L. Aranguren y a.Cortina (\u00e9tica laica) y g.R.De yurre y m. Vidal (\u00e9tica religiosa cat\u00f3lica). Y para completar el an\u00e1lisis recordamos diversas \u00e9ticas que, sin ser propias de espa\u00f1a, han tenido un influjo importante en la cuesti\u00f3n que nos ocupa: la \u00e9tica de la liberaci\u00f3n, la \u00e9tica dela teolog\u00eda de la muerte de dios, los proyectos de \u00e9tica mundial y la \u00e9tica civil.     la segunda parte es una reflexiones sistem\u00e1tica sobre las posibles relaciones:     a,- de rechazo o exclusi\u00f3n mutua.     b,- de inclusi\u00f3n de cada una en la otra.     c,- reconocimiento y respeto mutuos con posibilidad de enriquecerse mutuamente.      por debajo de estas posibilidades de relaci\u00f3n entre \u00e9tica a religi\u00f3n emergen cuatro problemas de fondo: \u00e9tica y metaf\u00edsica, raz\u00f3n y fe, autonom\u00eda moral e inminencia y trascendencia.     la tercera parte extrae las conclusiones y se\u00f1ala los problemas de las \u00e9ticas lacisticas, laicas y religiosas, y propone las perspectivas en las que debe plantearse la relaic\u00f3n entre \u00e9tica y religi\u00f3n: la \u00e9tica exige autonom\u00eda, aporta racionalidad y puede recibir un horizonte de sentido, propuestas de felicidad, utop\u00edas, esperanza y \u00e1gape. Entre \u00e9tica y religi\u00f3n hay cuestiones que son especialmente sensibles: la referencia o no a la metaf\u00edsica, la necesaria superaci\u00f3n del so conceptos de \u00abnaturaleza\u00bb y \u00abley natural\u00bb, la autonom\u00eda, la universidad y la permanente cuesti\u00f3n sobre s\u00ed los valores se construyen, se inventan o se descubren.     la relaci\u00f3n entre \u00e9tica y religi\u00f3n no pude pensarse sino en un \u00e1mbito de respeto y di\u00e1logo, que hay que llevar a su m\u00e1xima posibilidad en el compromiso con la realidad para afrontar los problemas humanos. Y al mismo tiempo conviene no olvidar<\/p>\n<p>&nbsp;<\/p>\n<h3>Datos acad\u00e9micos de la tesis doctoral \u00ab<strong>\u00e9tica y religi\u00f3n en la espa\u00f1a reciente. problemas y perspectivas para el siglo xxi<\/strong>\u00ab<\/h3>\n<ul>\n<li><strong>T\u00edtulo de la tesis:<\/strong>\u00a0 \u00e9tica y religi\u00f3n en la espa\u00f1a reciente. problemas y perspectivas para el siglo xxi <\/li>\n<li><strong>Autor:<\/strong>\u00a0 Cruz Campos Mariscal <\/li>\n<li><strong>Universidad:<\/strong>\u00a0 Castilla-la mancha<\/li>\n<li><strong>Fecha de lectura de la tesis:<\/strong>\u00a0 03\/05\/2007<\/li>\n<\/ul>\n<p>&nbsp;<\/p>\n<h3>Direcci\u00f3n y tribunal<\/h3>\n<ul>\n<li><strong>Director de la tesis<\/strong>\n<ul>\n<li> Espinosa Anton Francisco Javier<\/li>\n<\/ul>\n<\/li>\n<li><strong>Tribunal<\/strong>\n<ul>\n<li>Presidente del tribunal: manuel Fraijo nieto <\/li>\n<li>enrique Bonete perales (vocal)<\/li>\n<li>Carlos Gomez s\u00e1nchez (vocal)<\/li>\n<li>gerardo Lopez sastre (vocal)<\/li>\n<\/ul>\n<\/li>\n<\/ul>\n<p>&nbsp;<\/p>\n","protected":false},"excerpt":{"rendered":"<p>Tesis doctoral de Cruz Campos Mariscal Partimos de las diferentes posturas acerca de la relaci\u00f3n entre \u00e9tica y religi\u00f3n en [&hellip;]<\/p>\n","protected":false},"author":1,"featured_media":0,"comment_status":"open","ping_status":"open","sticky":false,"template":"","format":"standard","meta":{"site-sidebar-layout":"default","site-content-layout":"","ast-site-content-layout":"","site-content-style":"default","site-sidebar-style":"default","ast-global-header-display":"","ast-banner-title-visibility":"","ast-main-header-display":"","ast-hfb-above-header-display":"","ast-hfb-below-header-display":"","ast-hfb-mobile-header-display":"","site-post-title":"","ast-breadcrumbs-content":"","ast-featured-img":"","footer-sml-layout":"","theme-transparent-header-meta":"","adv-header-id-meta":"","stick-header-meta":"","header-above-stick-meta":"","header-main-stick-meta":"","header-below-stick-meta":"","astra-migrate-meta-layouts":"default","ast-page-background-enabled":"default","ast-page-background-meta":{"desktop":{"background-color":"var(--ast-global-color-4)","background-image":"","background-repeat":"repeat","background-position":"center center","background-size":"auto","background-attachment":"scroll","background-type":"","background-media":"","overlay-type":"","overlay-color":"","overlay-gradient":""},"tablet":{"background-color":"","background-image":"","background-repeat":"repeat","background-position":"center center","background-size":"auto","background-attachment":"scroll","background-type":"","background-media":"","overlay-type":"","overlay-color":"","overlay-gradient":""},"mobile":{"background-color":"","background-image":"","background-repeat":"repeat","background-position":"center center","background-size":"auto","background-attachment":"scroll","background-type":"","background-media":"","overlay-type":"","overlay-color":"","overlay-gradient":""}},"ast-content-background-meta":{"desktop":{"background-color":"var(--ast-global-color-5)","background-image":"","background-repeat":"repeat","background-position":"center center","background-size":"auto","background-attachment":"scroll","background-type":"","background-media":"","overlay-type":"","overlay-color":"","overlay-gradient":""},"tablet":{"background-color":"var(--ast-global-color-5)","background-image":"","background-repeat":"repeat","background-position":"center center","background-size":"auto","background-attachment":"scroll","background-type":"","background-media":"","overlay-type":"","overlay-color":"","overlay-gradient":""},"mobile":{"background-color":"var(--ast-global-color-5)","background-image":"","background-repeat":"repeat","background-position":"center center","background-size":"auto","background-attachment":"scroll","background-type":"","background-media":"","overlay-type":"","overlay-color":"","overlay-gradient":""}},"footnotes":""},"categories":[681,18451],"tags":[5009,128769,60318,128770,88025,31404],"class_list":["post-58270","post","type-post","status-publish","format-standard","hentry","category-antropologia","category-castilla-la-mancha","tag-carlos-gomez-sanchez","tag-cruz-campos-mariscal","tag-enrique-bonete-perales","tag-espinosa-anton-francisco-javier","tag-gerardo-lopez-sastre","tag-manuel-fraijo-nieto"],"_links":{"self":[{"href":"https:\/\/www.deberes.net\/tesis\/wp-json\/wp\/v2\/posts\/58270","targetHints":{"allow":["GET"]}}],"collection":[{"href":"https:\/\/www.deberes.net\/tesis\/wp-json\/wp\/v2\/posts"}],"about":[{"href":"https:\/\/www.deberes.net\/tesis\/wp-json\/wp\/v2\/types\/post"}],"author":[{"embeddable":true,"href":"https:\/\/www.deberes.net\/tesis\/wp-json\/wp\/v2\/users\/1"}],"replies":[{"embeddable":true,"href":"https:\/\/www.deberes.net\/tesis\/wp-json\/wp\/v2\/comments?post=58270"}],"version-history":[{"count":0,"href":"https:\/\/www.deberes.net\/tesis\/wp-json\/wp\/v2\/posts\/58270\/revisions"}],"wp:attachment":[{"href":"https:\/\/www.deberes.net\/tesis\/wp-json\/wp\/v2\/media?parent=58270"}],"wp:term":[{"taxonomy":"category","embeddable":true,"href":"https:\/\/www.deberes.net\/tesis\/wp-json\/wp\/v2\/categories?post=58270"},{"taxonomy":"post_tag","embeddable":true,"href":"https:\/\/www.deberes.net\/tesis\/wp-json\/wp\/v2\/tags?post=58270"}],"curies":[{"name":"wp","href":"https:\/\/api.w.org\/{rel}","templated":true}]}}