{"id":58279,"date":"2007-03-05T00:00:00","date_gmt":"2007-03-05T00:00:00","guid":{"rendered":"https:\/\/www.deberes.net\/tesis\/sin-categoria\/estudio-de-interculturalidad-y-bilinga%c2%bcismo-en-el-contexto-de-la-praxis-educativa-en-la-comunidad-inda%c2%adgena-piaroa-paria-grande-estado-amazonas-venezuela\/"},"modified":"2007-03-05T00:00:00","modified_gmt":"2007-03-05T00:00:00","slug":"estudio-de-interculturalidad-y-bilinga%c2%bcismo-en-el-contexto-de-la-praxis-educativa-en-la-comunidad-inda%c2%adgena-piaroa-paria-grande-estado-amazonas-venezuela","status":"publish","type":"post","link":"https:\/\/www.deberes.net\/tesis\/etnografia-y-etnologia\/estudio-de-interculturalidad-y-bilinga%c2%bcismo-en-el-contexto-de-la-praxis-educativa-en-la-comunidad-inda%c2%adgena-piaroa-paria-grande-estado-amazonas-venezuela\/","title":{"rendered":"Estudio de interculturalidad y bilinguismo en el contexto de la praxis educativa en la comunidad ind\u00edgena piaroa: paria grande, estado amazonas, venezuela"},"content":{"rendered":"<h2>Tesis doctoral de <strong> Lewis Lamus Urbina <\/strong><\/h2>\n<p>El presente trabajo es el resultado de un estudio etnogr\u00e1fico efectuado en la comunidad piaroa de parla grande del amazonas venezolano, orientado a describir y analizar el proceso de interculturalidad presente en ese espacio multiling\u00ed\u00bce, tomando en consideraci\u00f3n el papel que de manera general juega la educaci\u00f3n formal e informal en ese contexto y, de manera espec\u00edfica, el aprendizaje y usos de la lengua castellana, visto desde la perspectiva de integraci\u00f3n comunitaria y del paradigma etnoeducativo. Analizando los valores culturales originarios y promoviendo el biling\u00ed\u00bcismo educativo, el multiculturalismo y la cogesti\u00f3n en general.<\/p>\n<p>&nbsp;<\/p>\n<h3>Datos acad\u00e9micos de la tesis doctoral \u00ab<strong>Estudio de interculturalidad y bilinguismo en el contexto de la praxis educativa en la comunidad ind\u00edgena piaroa: paria grande, estado amazonas, venezuela<\/strong>\u00ab<\/h3>\n<ul>\n<li><strong>T\u00edtulo de la tesis:<\/strong>\u00a0 Estudio de interculturalidad y bilinguismo en el contexto de la praxis educativa en la comunidad ind\u00edgena piaroa: paria grande, estado amazonas, venezuela <\/li>\n<li><strong>Autor:<\/strong>\u00a0 Lewis Lamus Urbina <\/li>\n<li><strong>Universidad:<\/strong>\u00a0 Barcelona<\/li>\n<li><strong>Fecha de lectura de la tesis:<\/strong>\u00a0 03\/05\/2007<\/li>\n<\/ul>\n<p>&nbsp;<\/p>\n<h3>Direcci\u00f3n y tribunal<\/h3>\n<ul>\n<li><strong>Director de la tesis<\/strong>\n<ul>\n<li>Mercedes Fern\u00e1ndez Martorell<\/li>\n<\/ul>\n<\/li>\n<li><strong>Tribunal<\/strong>\n<ul>\n<li>Presidente del tribunal: Mar\u00eda  Jes\u00fas Buxo rey <\/li>\n<li>xavier Medina luque (vocal)<\/li>\n<li>mercedes Vilanova ribas (vocal)<\/li>\n<li>joan Bestard camps (vocal)<\/li>\n<\/ul>\n<\/li>\n<\/ul>\n<p>&nbsp;<\/p>\n","protected":false},"excerpt":{"rendered":"<p>Tesis doctoral de Lewis Lamus Urbina El presente trabajo es el resultado de un estudio etnogr\u00e1fico efectuado en la comunidad [&hellip;]<\/p>\n","protected":false},"author":1,"featured_media":0,"comment_status":"open","ping_status":"open","sticky":false,"template":"","format":"standard","meta":{"site-sidebar-layout":"default","site-content-layout":"","ast-site-content-layout":"","site-content-style":"default","site-sidebar-style":"default","ast-global-header-display":"","ast-banner-title-visibility":"","ast-main-header-display":"","ast-hfb-above-header-display":"","ast-hfb-below-header-display":"","ast-hfb-mobile-header-display":"","site-post-title":"","ast-breadcrumbs-content":"","ast-featured-img":"","footer-sml-layout":"","theme-transparent-header-meta":"","adv-header-id-meta":"","stick-header-meta":"","header-above-stick-meta":"","header-main-stick-meta":"","header-below-stick-meta":"","astra-migrate-meta-layouts":"default","ast-page-background-enabled":"default","ast-page-background-meta":{"desktop":{"background-color":"var(--ast-global-color-4)","background-image":"","background-repeat":"repeat","background-position":"center center","background-size":"auto","background-attachment":"scroll","background-type":"","background-media":"","overlay-type":"","overlay-color":"","overlay-gradient":""},"tablet":{"background-color":"","background-image":"","background-repeat":"repeat","background-position":"center center","background-size":"auto","background-attachment":"scroll","background-type":"","background-media":"","overlay-type":"","overlay-color":"","overlay-gradient":""},"mobile":{"background-color":"","background-image":"","background-repeat":"repeat","background-position":"center center","background-size":"auto","background-attachment":"scroll","background-type":"","background-media":"","overlay-type":"","overlay-color":"","overlay-gradient":""}},"ast-content-background-meta":{"desktop":{"background-color":"var(--ast-global-color-5)","background-image":"","background-repeat":"repeat","background-position":"center center","background-size":"auto","background-attachment":"scroll","background-type":"","background-media":"","overlay-type":"","overlay-color":"","overlay-gradient":""},"tablet":{"background-color":"var(--ast-global-color-5)","background-image":"","background-repeat":"repeat","background-position":"center center","background-size":"auto","background-attachment":"scroll","background-type":"","background-media":"","overlay-type":"","overlay-color":"","overlay-gradient":""},"mobile":{"background-color":"var(--ast-global-color-5)","background-image":"","background-repeat":"repeat","background-position":"center center","background-size":"auto","background-attachment":"scroll","background-type":"","background-media":"","overlay-type":"","overlay-color":"","overlay-gradient":""}},"footnotes":""},"categories":[983,951,726],"tags":[62015,128788,1397,98834,71380,128789],"class_list":["post-58279","post","type-post","status-publish","format-standard","hentry","category-antropologia-cultural","category-barcelona","category-etnografia-y-etnologia","tag-joan-bestard-camps","tag-lewis-lamus-urbina","tag-maria-jesus-buxo-rey","tag-mercedes-fernandez-martorell","tag-mercedes-vilanova-ribas","tag-xavier-medina-luque"],"_links":{"self":[{"href":"https:\/\/www.deberes.net\/tesis\/wp-json\/wp\/v2\/posts\/58279","targetHints":{"allow":["GET"]}}],"collection":[{"href":"https:\/\/www.deberes.net\/tesis\/wp-json\/wp\/v2\/posts"}],"about":[{"href":"https:\/\/www.deberes.net\/tesis\/wp-json\/wp\/v2\/types\/post"}],"author":[{"embeddable":true,"href":"https:\/\/www.deberes.net\/tesis\/wp-json\/wp\/v2\/users\/1"}],"replies":[{"embeddable":true,"href":"https:\/\/www.deberes.net\/tesis\/wp-json\/wp\/v2\/comments?post=58279"}],"version-history":[{"count":0,"href":"https:\/\/www.deberes.net\/tesis\/wp-json\/wp\/v2\/posts\/58279\/revisions"}],"wp:attachment":[{"href":"https:\/\/www.deberes.net\/tesis\/wp-json\/wp\/v2\/media?parent=58279"}],"wp:term":[{"taxonomy":"category","embeddable":true,"href":"https:\/\/www.deberes.net\/tesis\/wp-json\/wp\/v2\/categories?post=58279"},{"taxonomy":"post_tag","embeddable":true,"href":"https:\/\/www.deberes.net\/tesis\/wp-json\/wp\/v2\/tags?post=58279"}],"curies":[{"name":"wp","href":"https:\/\/api.w.org\/{rel}","templated":true}]}}