{"id":58330,"date":"2007-04-05T00:00:00","date_gmt":"2007-04-05T00:00:00","guid":{"rendered":"https:\/\/www.deberes.net\/tesis\/sin-categoria\/un-model-concetual-per-a-la-metafora-iconica-de-l-expressivitat-comunicativa\/"},"modified":"2007-04-05T00:00:00","modified_gmt":"2007-04-05T00:00:00","slug":"un-model-concetual-per-a-la-metafora-iconica-de-l-expressivitat-comunicativa","status":"publish","type":"post","link":"https:\/\/www.deberes.net\/tesis\/retorica\/un-model-concetual-per-a-la-metafora-iconica-de-l-expressivitat-comunicativa\/","title":{"rendered":"Un model concetual per a la metafora iconica, de l expressivitat comunicativa"},"content":{"rendered":"<h2>Tesis doctoral de <strong> Roman Guardiet Berge <\/strong><\/h2>\n<p>La met\u00e1fora ic\u00f3nica -visual y audiovisual- presenta una problem\u00e1tica importante tanto por lo que se refiere a su existencia como a su naturaleza. El objetivo del presente trabajo es clarificar las causas de la mencionada problem\u00e1tica y, a continuaci\u00f3n, ofrecer un modelo conceptual para la met\u00e1fora ic\u00f3nica que nos ayude a resolver, parcialmente, algunos aspectos. Este modelo es aplicable tanto a la met\u00e1fora ling\u00ed\u00bc\u00edstica como a la met\u00e1fora ic\u00f3nica pero, al mismo tiempo, nos permite determinar algunas de las diferencias clave, no siempre obvias, que existen entre estos dos conceptos. Adem\u00e1s, la variabilidad en el grado de difusi\u00f3n\/concreci\u00f3n de los elementos que intervienen en el modelo, nos permite reencontrar, relacionar y discriminar diferentes concepciones de met\u00e1fora ic\u00f3nica existentes en la literatura que, a priori, aparec\u00edan absolutamente divergentes o desligadas entre s\u00ed. Esto \u00faltimo nos permite tambi\u00e9n ofrecer una clasificaci\u00f3n topol\u00f3gica o mapa de la met\u00e1fora, en general, que nos ubica las distintas concepciones de met\u00e1fora ic\u00f3nica en unas determinadas zonas y a una determinada \u00abdistancia\u00bb de un cierto concepto de \u00abmet\u00e1fora can\u00f3nica\u00bb. Las m\u00e1s cercanas tienden a pertenecer a lo que llamamos expresividad comunicativa, mientras que las m\u00e1s alejadas a menudo se internan en el terreno de lo que normalmente identificamos como expresi\u00f3n art\u00edstica.<\/p>\n<p>&nbsp;<\/p>\n<h3>Datos acad\u00e9micos de la tesis doctoral \u00ab<strong>Un model concetual per a la metafora iconica, de l expressivitat comunicativa<\/strong>\u00ab<\/h3>\n<ul>\n<li><strong>T\u00edtulo de la tesis:<\/strong>\u00a0 Un model concetual per a la metafora iconica, de l expressivitat comunicativa <\/li>\n<li><strong>Autor:<\/strong>\u00a0 Roman Guardiet Berge <\/li>\n<li><strong>Universidad:<\/strong>\u00a0 Ram\u00f3n llull<\/li>\n<li><strong>Fecha de lectura de la tesis:<\/strong>\u00a0 04\/05\/2007<\/li>\n<\/ul>\n<p>&nbsp;<\/p>\n<h3>Direcci\u00f3n y tribunal<\/h3>\n<ul>\n<li><strong>Director de la tesis<\/strong>\n<ul>\n<li>Albert S\u00e1ez Casas<\/li>\n<\/ul>\n<\/li>\n<li><strong>Tribunal<\/strong>\n<ul>\n<li>Presidente del tribunal: miquel Tresserras majo <\/li>\n<li>joan Manuel Tresserras gaju (vocal)<\/li>\n<li>sebastia Serrano farrera (vocal)<\/li>\n<li>jordi Ball\u00f3 fantova (vocal)<\/li>\n<\/ul>\n<\/li>\n<\/ul>\n<p>&nbsp;<\/p>\n","protected":false},"excerpt":{"rendered":"<p>Tesis doctoral de Roman Guardiet Berge La met\u00e1fora ic\u00f3nica -visual y audiovisual- presenta una problem\u00e1tica importante tanto por lo que [&hellip;]<\/p>\n","protected":false},"author":1,"featured_media":0,"comment_status":"open","ping_status":"open","sticky":false,"template":"","format":"standard","meta":{"site-sidebar-layout":"default","site-content-layout":"","ast-site-content-layout":"","site-content-style":"default","site-sidebar-style":"default","ast-global-header-display":"","ast-banner-title-visibility":"","ast-main-header-display":"","ast-hfb-above-header-display":"","ast-hfb-below-header-display":"","ast-hfb-mobile-header-display":"","site-post-title":"","ast-breadcrumbs-content":"","ast-featured-img":"","footer-sml-layout":"","theme-transparent-header-meta":"","adv-header-id-meta":"","stick-header-meta":"","header-above-stick-meta":"","header-main-stick-meta":"","header-below-stick-meta":"","astra-migrate-meta-layouts":"default","ast-page-background-enabled":"default","ast-page-background-meta":{"desktop":{"background-color":"var(--ast-global-color-4)","background-image":"","background-repeat":"repeat","background-position":"center center","background-size":"auto","background-attachment":"scroll","background-type":"","background-media":"","overlay-type":"","overlay-color":"","overlay-gradient":""},"tablet":{"background-color":"","background-image":"","background-repeat":"repeat","background-position":"center center","background-size":"auto","background-attachment":"scroll","background-type":"","background-media":"","overlay-type":"","overlay-color":"","overlay-gradient":""},"mobile":{"background-color":"","background-image":"","background-repeat":"repeat","background-position":"center center","background-size":"auto","background-attachment":"scroll","background-type":"","background-media":"","overlay-type":"","overlay-color":"","overlay-gradient":""}},"ast-content-background-meta":{"desktop":{"background-color":"var(--ast-global-color-5)","background-image":"","background-repeat":"repeat","background-position":"center center","background-size":"auto","background-attachment":"scroll","background-type":"","background-media":"","overlay-type":"","overlay-color":"","overlay-gradient":""},"tablet":{"background-color":"var(--ast-global-color-5)","background-image":"","background-repeat":"repeat","background-position":"center center","background-size":"auto","background-attachment":"scroll","background-type":"","background-media":"","overlay-type":"","overlay-color":"","overlay-gradient":""},"mobile":{"background-color":"var(--ast-global-color-5)","background-image":"","background-repeat":"repeat","background-position":"center center","background-size":"auto","background-attachment":"scroll","background-type":"","background-media":"","overlay-type":"","overlay-color":"","overlay-gradient":""}},"footnotes":""},"categories":[5547,10452,5051,32959,576],"tags":[48643,13605,107270,83227,128893,19172],"class_list":["post-58330","post","type-post","status-publish","format-standard","hentry","category-cinematografia","category-estetica","category-medios-de-comunicacion-de-masas","category-ramon-llull","category-retorica","tag-albert-saez-casas","tag-joan-manuel-tresserras-gaju","tag-jordi-ballo-fantova","tag-miquel-tresserras-majo","tag-roman-guardiet-berge","tag-sebastia-serrano-farrera"],"_links":{"self":[{"href":"https:\/\/www.deberes.net\/tesis\/wp-json\/wp\/v2\/posts\/58330","targetHints":{"allow":["GET"]}}],"collection":[{"href":"https:\/\/www.deberes.net\/tesis\/wp-json\/wp\/v2\/posts"}],"about":[{"href":"https:\/\/www.deberes.net\/tesis\/wp-json\/wp\/v2\/types\/post"}],"author":[{"embeddable":true,"href":"https:\/\/www.deberes.net\/tesis\/wp-json\/wp\/v2\/users\/1"}],"replies":[{"embeddable":true,"href":"https:\/\/www.deberes.net\/tesis\/wp-json\/wp\/v2\/comments?post=58330"}],"version-history":[{"count":0,"href":"https:\/\/www.deberes.net\/tesis\/wp-json\/wp\/v2\/posts\/58330\/revisions"}],"wp:attachment":[{"href":"https:\/\/www.deberes.net\/tesis\/wp-json\/wp\/v2\/media?parent=58330"}],"wp:term":[{"taxonomy":"category","embeddable":true,"href":"https:\/\/www.deberes.net\/tesis\/wp-json\/wp\/v2\/categories?post=58330"},{"taxonomy":"post_tag","embeddable":true,"href":"https:\/\/www.deberes.net\/tesis\/wp-json\/wp\/v2\/tags?post=58330"}],"curies":[{"name":"wp","href":"https:\/\/api.w.org\/{rel}","templated":true}]}}