{"id":58364,"date":"2007-07-05T00:00:00","date_gmt":"2007-07-05T00:00:00","guid":{"rendered":"https:\/\/www.deberes.net\/tesis\/sin-categoria\/influencia-de-la-estetica-en-los-objetos-virtuales\/"},"modified":"2007-07-05T00:00:00","modified_gmt":"2007-07-05T00:00:00","slug":"influencia-de-la-estetica-en-los-objetos-virtuales","status":"publish","type":"post","link":"https:\/\/www.deberes.net\/tesis\/barcelona\/influencia-de-la-estetica-en-los-objetos-virtuales\/","title":{"rendered":"Influencia de la est\u00e9tica en los objetos virtuales"},"content":{"rendered":"<h2>Tesis doctoral de <strong> J. Ramon Carrillo Santana <\/strong><\/h2>\n<p>Uno de los \u00e1mbitos de actuaci\u00f3n de la est\u00e9tica filos\u00f3fica, con referencia a las artes aplicadas, ser\u00eda el relativo a los nuevos medios digitales computacionales emergentes y, dentro de \u00e9stos, el desarrollo de los mundos virtuales y de las nuevas realidades que propugnan, de gran inter\u00e9s para la investigaci\u00f3n cr\u00edtica tanto del arte como de la est\u00e9tica actual. las investigaciones m\u00e1s recientes en este sentido se han centrado en la definici\u00f3n y contraste entre los conceptos de realidad y virtualidad, y en la b\u00fasqueda de una nueva est\u00e9tica adaptada a los nuevos medios. a partir de lo anterior, el presente trabajo desarrolla una investigaci\u00f3n, fundamentada en una est\u00e9tica basada en el paradigma constructivista, de las relaciones y los nuevos par\u00e1metros que se establecen entre los diferentes \u00e1mbitos de actuaci\u00f3n que intervienen en el fen\u00f3meno est\u00e9tico: el creativo; la obra o el objeto; el espectador, observador o usuario, y los contextos donde se desenvuelve todo ello. contextos donde se desenvuelve todo ello.<\/p>\n<p>&nbsp;<\/p>\n<h3>Datos acad\u00e9micos de la tesis doctoral \u00ab<strong>Influencia de la est\u00e9tica en los objetos virtuales<\/strong>\u00ab<\/h3>\n<ul>\n<li><strong>T\u00edtulo de la tesis:<\/strong>\u00a0 Influencia de la est\u00e9tica en los objetos virtuales <\/li>\n<li><strong>Autor:<\/strong>\u00a0 J. Ramon Carrillo Santana <\/li>\n<li><strong>Universidad:<\/strong>\u00a0 Barcelona<\/li>\n<li><strong>Fecha de lectura de la tesis:<\/strong>\u00a0 07\/05\/2007<\/li>\n<\/ul>\n<p>&nbsp;<\/p>\n<h3>Direcci\u00f3n y tribunal<\/h3>\n<ul>\n<li><strong>Director de la tesis<\/strong>\n<ul>\n<li>Francisco Caja L\u00f3pez<\/li>\n<\/ul>\n<\/li>\n<li><strong>Tribunal<\/strong>\n<ul>\n<li>Presidente del tribunal: Fernando de Felipe allue <\/li>\n<li>alfonso De castro fondevila (vocal)<\/li>\n<li>raul Gabas pallas (vocal)<\/li>\n<li>Jorge Alberich pascual (vocal)<\/li>\n<\/ul>\n<\/li>\n<\/ul>\n<p>&nbsp;<\/p>\n","protected":false},"excerpt":{"rendered":"<p>Tesis doctoral de J. Ramon Carrillo Santana Uno de los \u00e1mbitos de actuaci\u00f3n de la est\u00e9tica filos\u00f3fica, con referencia a [&hellip;]<\/p>\n","protected":false},"author":1,"featured_media":0,"comment_status":"open","ping_status":"open","sticky":false,"template":"","format":"standard","meta":{"site-sidebar-layout":"default","site-content-layout":"","ast-site-content-layout":"","site-content-style":"default","site-sidebar-style":"default","ast-global-header-display":"","ast-banner-title-visibility":"","ast-main-header-display":"","ast-hfb-above-header-display":"","ast-hfb-below-header-display":"","ast-hfb-mobile-header-display":"","site-post-title":"","ast-breadcrumbs-content":"","ast-featured-img":"","footer-sml-layout":"","theme-transparent-header-meta":"","adv-header-id-meta":"","stick-header-meta":"","header-above-stick-meta":"","header-main-stick-meta":"","header-below-stick-meta":"","astra-migrate-meta-layouts":"default","ast-page-background-enabled":"default","ast-page-background-meta":{"desktop":{"background-color":"var(--ast-global-color-4)","background-image":"","background-repeat":"repeat","background-position":"center center","background-size":"auto","background-attachment":"scroll","background-type":"","background-media":"","overlay-type":"","overlay-color":"","overlay-gradient":""},"tablet":{"background-color":"","background-image":"","background-repeat":"repeat","background-position":"center center","background-size":"auto","background-attachment":"scroll","background-type":"","background-media":"","overlay-type":"","overlay-color":"","overlay-gradient":""},"mobile":{"background-color":"","background-image":"","background-repeat":"repeat","background-position":"center center","background-size":"auto","background-attachment":"scroll","background-type":"","background-media":"","overlay-type":"","overlay-color":"","overlay-gradient":""}},"ast-content-background-meta":{"desktop":{"background-color":"var(--ast-global-color-5)","background-image":"","background-repeat":"repeat","background-position":"center center","background-size":"auto","background-attachment":"scroll","background-type":"","background-media":"","overlay-type":"","overlay-color":"","overlay-gradient":""},"tablet":{"background-color":"var(--ast-global-color-5)","background-image":"","background-repeat":"repeat","background-position":"center center","background-size":"auto","background-attachment":"scroll","background-type":"","background-media":"","overlay-type":"","overlay-color":"","overlay-gradient":""},"mobile":{"background-color":"var(--ast-global-color-5)","background-image":"","background-repeat":"repeat","background-position":"center center","background-size":"auto","background-attachment":"scroll","background-type":"","background-media":"","overlay-type":"","overlay-color":"","overlay-gradient":""}},"footnotes":""},"categories":[951,4510],"tags":[128969,100118,99615,128968,99614,20217],"class_list":["post-58364","post","type-post","status-publish","format-standard","hentry","category-barcelona","category-estetica-de-las-bellas-artes","tag-alfonso-de-castro-fondevila","tag-fernando-de-felipe-allue","tag-francisco-caja-lopez","tag-j-ramon-carrillo-santana","tag-jorge-alberich-pascual","tag-raul-gabas-pallas"],"_links":{"self":[{"href":"https:\/\/www.deberes.net\/tesis\/wp-json\/wp\/v2\/posts\/58364","targetHints":{"allow":["GET"]}}],"collection":[{"href":"https:\/\/www.deberes.net\/tesis\/wp-json\/wp\/v2\/posts"}],"about":[{"href":"https:\/\/www.deberes.net\/tesis\/wp-json\/wp\/v2\/types\/post"}],"author":[{"embeddable":true,"href":"https:\/\/www.deberes.net\/tesis\/wp-json\/wp\/v2\/users\/1"}],"replies":[{"embeddable":true,"href":"https:\/\/www.deberes.net\/tesis\/wp-json\/wp\/v2\/comments?post=58364"}],"version-history":[{"count":0,"href":"https:\/\/www.deberes.net\/tesis\/wp-json\/wp\/v2\/posts\/58364\/revisions"}],"wp:attachment":[{"href":"https:\/\/www.deberes.net\/tesis\/wp-json\/wp\/v2\/media?parent=58364"}],"wp:term":[{"taxonomy":"category","embeddable":true,"href":"https:\/\/www.deberes.net\/tesis\/wp-json\/wp\/v2\/categories?post=58364"},{"taxonomy":"post_tag","embeddable":true,"href":"https:\/\/www.deberes.net\/tesis\/wp-json\/wp\/v2\/tags?post=58364"}],"curies":[{"name":"wp","href":"https:\/\/api.w.org\/{rel}","templated":true}]}}