{"id":58368,"date":"2007-08-05T00:00:00","date_gmt":"2007-08-05T00:00:00","guid":{"rendered":"https:\/\/www.deberes.net\/tesis\/sin-categoria\/una-propuesta-didactica-de-investigacion-la-historia-del-arte-y-la-educacion-plastica-de-tercer-ciclo-de-primaria\/"},"modified":"2007-08-05T00:00:00","modified_gmt":"2007-08-05T00:00:00","slug":"una-propuesta-didactica-de-investigacion-la-historia-del-arte-y-la-educacion-plastica-de-tercer-ciclo-de-primaria","status":"publish","type":"post","link":"https:\/\/www.deberes.net\/tesis\/sin-categoria\/una-propuesta-didactica-de-investigacion-la-historia-del-arte-y-la-educacion-plastica-de-tercer-ciclo-de-primaria\/","title":{"rendered":"Una propuesta did\u00e1ctica de investigaci\u00f3n: la historia del arte y la educaci\u00f3n pl\u00e1stica de tercer ciclo de primaria"},"content":{"rendered":"<h2>Tesis doctoral de <strong>  Santervas Moya Jos\u00e9 Ramon <\/strong><\/h2>\n<p>El tema de la tesis contempla una doble vertiente: por un lado la historia del arte y por otro la educaci\u00f3n art\u00edstica-pl\u00e1stica de tercer ciclo de educaci\u00f3n primaria, tratando de relacionar ambas \u00edntimamente a partir de nuevos enfoques did\u00e1cticas de trabajo, propuestos en clase, con diferentes grupos de alumnos de un mismo centro escolar, a lo largo de seis a\u00f1os.<\/p>\n<p>&nbsp;<\/p>\n<h3>Datos acad\u00e9micos de la tesis doctoral \u00ab<strong>Una propuesta did\u00e1ctica de investigaci\u00f3n: la historia del arte y la educaci\u00f3n pl\u00e1stica de tercer ciclo de primaria<\/strong>\u00ab<\/h3>\n<ul>\n<li><strong>T\u00edtulo de la tesis:<\/strong>\u00a0 Una propuesta did\u00e1ctica de investigaci\u00f3n: la historia del arte y la educaci\u00f3n pl\u00e1stica de tercer ciclo de primaria <\/li>\n<li><strong>Autor:<\/strong>\u00a0  Santervas Moya Jos\u00e9 Ramon <\/li>\n<li><strong>Universidad:<\/strong>\u00a0 Complutense de Madrid<\/li>\n<li><strong>Fecha de lectura de la tesis:<\/strong>\u00a0 08\/05\/2007<\/li>\n<\/ul>\n<p>&nbsp;<\/p>\n<h3>Direcci\u00f3n y tribunal<\/h3>\n<ul>\n<li><strong>Director de la tesis<\/strong>\n<ul>\n<li> Merodio De La Colina Isabel<\/li>\n<\/ul>\n<\/li>\n<li><strong>Tribunal<\/strong>\n<ul>\n<li>Presidente del tribunal: manuel Hern\u00e1ndez belver <\/li>\n<li>teresa Gil ameijeiras (vocal)<\/li>\n<li>pilar Perez camarero (vocal)<\/li>\n<li>raul D\u00edaz-obregon cruzado (vocal)<\/li>\n<\/ul>\n<\/li>\n<\/ul>\n<p>&nbsp;<\/p>\n","protected":false},"excerpt":{"rendered":"<p>Tesis doctoral de Santervas Moya Jos\u00e9 Ramon El tema de la tesis contempla una doble vertiente: por un lado la [&hellip;]<\/p>\n","protected":false},"author":1,"featured_media":0,"comment_status":"open","ping_status":"open","sticky":false,"template":"","format":"standard","meta":{"site-sidebar-layout":"default","site-content-layout":"","ast-site-content-layout":"","site-content-style":"default","site-sidebar-style":"default","ast-global-header-display":"","ast-banner-title-visibility":"","ast-main-header-display":"","ast-hfb-above-header-display":"","ast-hfb-below-header-display":"","ast-hfb-mobile-header-display":"","site-post-title":"","ast-breadcrumbs-content":"","ast-featured-img":"","footer-sml-layout":"","theme-transparent-header-meta":"","adv-header-id-meta":"","stick-header-meta":"","header-above-stick-meta":"","header-main-stick-meta":"","header-below-stick-meta":"","astra-migrate-meta-layouts":"default","ast-page-background-enabled":"default","ast-page-background-meta":{"desktop":{"background-color":"var(--ast-global-color-4)","background-image":"","background-repeat":"repeat","background-position":"center center","background-size":"auto","background-attachment":"scroll","background-type":"","background-media":"","overlay-type":"","overlay-color":"","overlay-gradient":""},"tablet":{"background-color":"","background-image":"","background-repeat":"repeat","background-position":"center center","background-size":"auto","background-attachment":"scroll","background-type":"","background-media":"","overlay-type":"","overlay-color":"","overlay-gradient":""},"mobile":{"background-color":"","background-image":"","background-repeat":"repeat","background-position":"center center","background-size":"auto","background-attachment":"scroll","background-type":"","background-media":"","overlay-type":"","overlay-color":"","overlay-gradient":""}},"ast-content-background-meta":{"desktop":{"background-color":"var(--ast-global-color-5)","background-image":"","background-repeat":"repeat","background-position":"center center","background-size":"auto","background-attachment":"scroll","background-type":"","background-media":"","overlay-type":"","overlay-color":"","overlay-gradient":""},"tablet":{"background-color":"var(--ast-global-color-5)","background-image":"","background-repeat":"repeat","background-position":"center center","background-size":"auto","background-attachment":"scroll","background-type":"","background-media":"","overlay-type":"","overlay-color":"","overlay-gradient":""},"mobile":{"background-color":"var(--ast-global-color-5)","background-image":"","background-repeat":"repeat","background-position":"center center","background-size":"auto","background-attachment":"scroll","background-type":"","background-media":"","overlay-type":"","overlay-color":"","overlay-gradient":""}},"footnotes":""},"categories":[1],"tags":[35316,128975,56048,76418,128974,20270],"class_list":["post-58368","post","type-post","status-publish","format-standard","hentry","category-sin-categoria","tag-manuel-hernandez-belver","tag-merodio-de-la-colina-isabel","tag-pilar-perez-camarero","tag-raul-diaz-obregon-cruzado","tag-santervas-moya-jose-ramon","tag-teresa-gil-ameijeiras"],"_links":{"self":[{"href":"https:\/\/www.deberes.net\/tesis\/wp-json\/wp\/v2\/posts\/58368","targetHints":{"allow":["GET"]}}],"collection":[{"href":"https:\/\/www.deberes.net\/tesis\/wp-json\/wp\/v2\/posts"}],"about":[{"href":"https:\/\/www.deberes.net\/tesis\/wp-json\/wp\/v2\/types\/post"}],"author":[{"embeddable":true,"href":"https:\/\/www.deberes.net\/tesis\/wp-json\/wp\/v2\/users\/1"}],"replies":[{"embeddable":true,"href":"https:\/\/www.deberes.net\/tesis\/wp-json\/wp\/v2\/comments?post=58368"}],"version-history":[{"count":0,"href":"https:\/\/www.deberes.net\/tesis\/wp-json\/wp\/v2\/posts\/58368\/revisions"}],"wp:attachment":[{"href":"https:\/\/www.deberes.net\/tesis\/wp-json\/wp\/v2\/media?parent=58368"}],"wp:term":[{"taxonomy":"category","embeddable":true,"href":"https:\/\/www.deberes.net\/tesis\/wp-json\/wp\/v2\/categories?post=58368"},{"taxonomy":"post_tag","embeddable":true,"href":"https:\/\/www.deberes.net\/tesis\/wp-json\/wp\/v2\/tags?post=58368"}],"curies":[{"name":"wp","href":"https:\/\/api.w.org\/{rel}","templated":true}]}}