{"id":58377,"date":"2007-08-05T00:00:00","date_gmt":"2007-08-05T00:00:00","guid":{"rendered":"https:\/\/www.deberes.net\/tesis\/sin-categoria\/aplicacion-y-evaluacion-de-un-programa-de-entrenamiento-aerobico-como-terapia-complementaria-en-pacientes-diagnosticados-con-depresion-moderada\/"},"modified":"2007-08-05T00:00:00","modified_gmt":"2007-08-05T00:00:00","slug":"aplicacion-y-evaluacion-de-un-programa-de-entrenamiento-aerobico-como-terapia-complementaria-en-pacientes-diagnosticados-con-depresion-moderada","status":"publish","type":"post","link":"https:\/\/www.deberes.net\/tesis\/psicopatologia\/aplicacion-y-evaluacion-de-un-programa-de-entrenamiento-aerobico-como-terapia-complementaria-en-pacientes-diagnosticados-con-depresion-moderada\/","title":{"rendered":"Aplicaci\u00f3n y evaluaci\u00f3n de un programa de entrenamiento aer\u00f3bico como terapia complementaria en pacientes diagnosticados con depresi\u00f3n moderada"},"content":{"rendered":"<h2>Tesis doctoral de <strong>  De La Cerda Siena Pablo Eduardo <\/strong><\/h2>\n<p>L presente estudio est\u00e1 abocado espec\u00edficamente a determinar el grado de influencia que ejerce un programa de entrenamiento aer\u00f3bico, como terapia complementaria en la disminuci\u00f3n de la sintomatolog\u00eda depresiva, en pacientes diagnosticados con depresi\u00f3n moderada. Estudios previos han demostrado que estilos de vida donde la actividad f\u00edsica es relevante, propician beneficios evidentes para la salud en general, al mismo tiempo que reduce los gastos farmacol\u00f3gicos o curativos compensatorios. No obstante, en chile, el ministerio de salud ha regulado e implementado un lineamiento estrat\u00e9gico para la prevenci\u00f3n y tratamiento de la depresi\u00f3n basado s\u00f3lo en farmacoterapia (fluoxetina, amitriptilina o imipramina) y en un taller grupal de intervenci\u00f3n psicosocial de grupo (actividad educativa y psicoterap\u00e9utica destinada a grupos entre 8 a 10 participantes ). No obstante, algunos pacientes son reacios a participar en talleres de psicoterapia grupal. Este trabajo pretende comparar los resultados en cuanto a la disminuci\u00f3n sintom\u00e1tica de la depresi\u00f3n (variable dependiente), entre 2 grupos: 1. Terapia farmacol\u00f3gica solamente (fluoxetina), 2. Fluoxetina m\u00e1s programa de entrenamiento aer\u00f3bico (variable independiente). Lo anterior se llevar\u00e1 a cabo mediante una investigaci\u00f3n experimental transversal con un dise\u00f1o de grupo control pretest-postest (campbell y stanley,1978). Para ello, se seleccionar\u00e1 una muestra significativa de 80 sujetos (mujeres adultas) pertenecientes al centro de salud \u00abjean y marie thierry\u00bb de valpara\u00edso. El muestreo ser\u00e1 aleatorio, no obstante la presencia de algunos criterios de selecci\u00f3n de la muestra: (1) que los sujetos tengan entre 20 y 64 a\u00f1os, (2) que presenten una adecuada condici\u00f3n ps\u00edquica y f\u00edsica (ausencia de discapacidades), (3) que est\u00e9n ajenos a padecer alguna patolog\u00eda cr\u00f3nica (diabetes, hipertensi\u00f3n arterial), (4) que est\u00e9n ajenos a presentar h\u00e1bitos de consumo de alcohol o drogas, (5) que s\u00f3lo reciban e<\/p>\n<p>&nbsp;<\/p>\n<h3>Datos acad\u00e9micos de la tesis doctoral \u00ab<strong>Aplicaci\u00f3n y evaluaci\u00f3n de un programa de entrenamiento aer\u00f3bico como terapia complementaria en pacientes diagnosticados con depresi\u00f3n moderada<\/strong>\u00ab<\/h3>\n<ul>\n<li><strong>T\u00edtulo de la tesis:<\/strong>\u00a0 Aplicaci\u00f3n y evaluaci\u00f3n de un programa de entrenamiento aer\u00f3bico como terapia complementaria en pacientes diagnosticados con depresi\u00f3n moderada <\/li>\n<li><strong>Autor:<\/strong>\u00a0  De La Cerda Siena Pablo Eduardo <\/li>\n<li><strong>Universidad:<\/strong>\u00a0 Granada<\/li>\n<li><strong>Fecha de lectura de la tesis:<\/strong>\u00a0 08\/05\/2007<\/li>\n<\/ul>\n<p>&nbsp;<\/p>\n<h3>Direcci\u00f3n y tribunal<\/h3>\n<ul>\n<li><strong>Director de la tesis<\/strong>\n<ul>\n<li>Jes\u00fas Viciana Ram\u00edrez<\/li>\n<\/ul>\n<\/li>\n<li><strong>Tribunal<\/strong>\n<ul>\n<li>Presidente del tribunal: Paulino Padial Puche <\/li>\n<li>Jos\u00e9 Francisco Guzm\u00e1n Luj\u00e1n (vocal)<\/li>\n<li>Ra\u00fal Reina Va\u00edllo (vocal)<\/li>\n<li>Perla Moreno Arroyo (vocal)<\/li>\n<\/ul>\n<\/li>\n<\/ul>\n<p>&nbsp;<\/p>\n","protected":false},"excerpt":{"rendered":"<p>Tesis doctoral de De La Cerda Siena Pablo Eduardo L presente estudio est\u00e1 abocado espec\u00edficamente a determinar el grado de [&hellip;]<\/p>\n","protected":false},"author":1,"featured_media":0,"comment_status":"open","ping_status":"open","sticky":false,"template":"","format":"standard","meta":{"site-sidebar-layout":"default","site-content-layout":"","ast-site-content-layout":"","site-content-style":"default","site-sidebar-style":"default","ast-global-header-display":"","ast-banner-title-visibility":"","ast-main-header-display":"","ast-hfb-above-header-display":"","ast-hfb-below-header-display":"","ast-hfb-mobile-header-display":"","site-post-title":"","ast-breadcrumbs-content":"","ast-featured-img":"","footer-sml-layout":"","theme-transparent-header-meta":"","adv-header-id-meta":"","stick-header-meta":"","header-above-stick-meta":"","header-main-stick-meta":"","header-below-stick-meta":"","astra-migrate-meta-layouts":"default","ast-page-background-enabled":"default","ast-page-background-meta":{"desktop":{"background-color":"var(--ast-global-color-4)","background-image":"","background-repeat":"repeat","background-position":"center center","background-size":"auto","background-attachment":"scroll","background-type":"","background-media":"","overlay-type":"","overlay-color":"","overlay-gradient":""},"tablet":{"background-color":"","background-image":"","background-repeat":"repeat","background-position":"center center","background-size":"auto","background-attachment":"scroll","background-type":"","background-media":"","overlay-type":"","overlay-color":"","overlay-gradient":""},"mobile":{"background-color":"","background-image":"","background-repeat":"repeat","background-position":"center center","background-size":"auto","background-attachment":"scroll","background-type":"","background-media":"","overlay-type":"","overlay-color":"","overlay-gradient":""}},"ast-content-background-meta":{"desktop":{"background-color":"var(--ast-global-color-5)","background-image":"","background-repeat":"repeat","background-position":"center center","background-size":"auto","background-attachment":"scroll","background-type":"","background-media":"","overlay-type":"","overlay-color":"","overlay-gradient":""},"tablet":{"background-color":"var(--ast-global-color-5)","background-image":"","background-repeat":"repeat","background-position":"center center","background-size":"auto","background-attachment":"scroll","background-type":"","background-media":"","overlay-type":"","overlay-color":"","overlay-gradient":""},"mobile":{"background-color":"var(--ast-global-color-5)","background-image":"","background-repeat":"repeat","background-position":"center center","background-size":"auto","background-attachment":"scroll","background-type":"","background-media":"","overlay-type":"","overlay-color":"","overlay-gradient":""}},"footnotes":""},"categories":[2462,325],"tags":[128996,35985,36476,21806,55338,80325],"class_list":["post-58377","post","type-post","status-publish","format-standard","hentry","category-psicologia-experimental","category-psicopatologia","tag-de-la-cerda-siena-pablo-eduardo","tag-jesus-viciana-ramirez","tag-jose-francisco-guzman-lujan","tag-paulino-padial-puche","tag-perla-moreno-arroyo","tag-raul-reina-vaillo"],"_links":{"self":[{"href":"https:\/\/www.deberes.net\/tesis\/wp-json\/wp\/v2\/posts\/58377","targetHints":{"allow":["GET"]}}],"collection":[{"href":"https:\/\/www.deberes.net\/tesis\/wp-json\/wp\/v2\/posts"}],"about":[{"href":"https:\/\/www.deberes.net\/tesis\/wp-json\/wp\/v2\/types\/post"}],"author":[{"embeddable":true,"href":"https:\/\/www.deberes.net\/tesis\/wp-json\/wp\/v2\/users\/1"}],"replies":[{"embeddable":true,"href":"https:\/\/www.deberes.net\/tesis\/wp-json\/wp\/v2\/comments?post=58377"}],"version-history":[{"count":0,"href":"https:\/\/www.deberes.net\/tesis\/wp-json\/wp\/v2\/posts\/58377\/revisions"}],"wp:attachment":[{"href":"https:\/\/www.deberes.net\/tesis\/wp-json\/wp\/v2\/media?parent=58377"}],"wp:term":[{"taxonomy":"category","embeddable":true,"href":"https:\/\/www.deberes.net\/tesis\/wp-json\/wp\/v2\/categories?post=58377"},{"taxonomy":"post_tag","embeddable":true,"href":"https:\/\/www.deberes.net\/tesis\/wp-json\/wp\/v2\/tags?post=58377"}],"curies":[{"name":"wp","href":"https:\/\/api.w.org\/{rel}","templated":true}]}}