{"id":58379,"date":"2007-09-05T00:00:00","date_gmt":"2007-09-05T00:00:00","guid":{"rendered":"https:\/\/www.deberes.net\/tesis\/sin-categoria\/la-liberacion-como-proyecto-etico-un-analisis-de-la-obra-de-enrique-d-dusselp\/"},"modified":"2007-09-05T00:00:00","modified_gmt":"2007-09-05T00:00:00","slug":"la-liberacion-como-proyecto-etico-un-analisis-de-la-obra-de-enrique-d-dusselp","status":"publish","type":"post","link":"https:\/\/www.deberes.net\/tesis\/teoria-de-juegos\/la-liberacion-como-proyecto-etico-un-analisis-de-la-obra-de-enrique-d-dusselp\/","title":{"rendered":"La liberaci\u00f3n como proyecto \u00e9tico. un an\u00e1lisis de la obra de enrique d. dusselp"},"content":{"rendered":"<h2>Tesis doctoral de <strong> Salustiano Alvarez G\u00f3mez <\/strong><\/h2>\n<p>Desde hace alg\u00fan tiempo los temas relacionados con la liberaci\u00f3n de am\u00e9rica latina dejaron de tener inter\u00e9s en los medios de comunicaci\u00f3n social y en las propiedades pol\u00edticas y acad\u00e9micas. En algunos casos se sinti\u00f3  claramente un proceso de represi\u00f3n y de silencio, que se justificaban calificando de decadentes o superadas las teor\u00edas de la liberaci\u00f3n. A pesar de su aparente fracaso, la verdad es que las teor\u00edas de la liberaci\u00f3n latinoamericanas han continuado estando presentes en movimientos sociales, organizaciones no gubernamentales, reivindicaciones ecol\u00f3gicas, comunidades religiosas y un largo etc\u00e9tera, llegando a integrarse de forma m\u00e1s amplia en los forums sociales internacionales.     este trabajo tiene como finalidad recordar las luchas pro la dignidad y la liberaci\u00f3n de los grupos humanos oprimidos y mantener vivo el deseo de la liberaci\u00f3n heredado de \u00e9pocas anteriores. Comienza analizando la emergencia de un pensamiento latinoamericano que se va configurando paso a paso, hasta llegar a la formaci\u00f3n de sistemas filos\u00f3ficos de liberaci\u00f3n, con un car\u00e1cter eminentemente latinoamericano.     entre estos sistemas hemos elegido la \u00e9tica de la liberaci\u00f3n sistematizada por enrique d.Dussel. Para eso partimos de sus primeras obras, en donde estudia la realidad del hombre latinoamericano para llegar a la conclusi\u00f3n de la conciencia de su opresi\u00f3n, y su deseo de liberaci\u00f3n. el m\u00e9todo anal\u00e9ctico ser\u00e1 su propuesta de transformaci\u00f3n, permitiendo que el explotado de am\u00e9rica latina sea el protagonista de su propia liberaci\u00f3n.     concluimos el estudio con sus \u00faltimas obras, identificando los seres humanos oprimidos con el t\u00e9rmino general de v\u00edctimas y analizando la necesidad de la liberaci\u00f3n como una necesidad \u00e9tica. Por tratarse de un nuevo momento hist\u00f3rico, dussel plantea la cuesti\u00f3n \u00e9tica dentro de una realidad de globalizaci\u00f3n que provoca exclusi\u00f3n. La liberaci\u00f3n tiene que repensarse, con organismos institucionales<\/p>\n<p>&nbsp;<\/p>\n<h3>Datos acad\u00e9micos de la tesis doctoral \u00ab<strong>La liberaci\u00f3n como proyecto \u00e9tico. un an\u00e1lisis de la obra de enrique d. dusselp<\/strong>\u00ab<\/h3>\n<ul>\n<li><strong>T\u00edtulo de la tesis:<\/strong>\u00a0 La liberaci\u00f3n como proyecto \u00e9tico. un an\u00e1lisis de la obra de enrique d. dusselp <\/li>\n<li><strong>Autor:<\/strong>\u00a0 Salustiano Alvarez G\u00f3mez <\/li>\n<li><strong>Universidad:<\/strong>\u00a0 Complutense de Madrid<\/li>\n<li><strong>Fecha de lectura de la tesis:<\/strong>\u00a0 09\/05\/2007<\/li>\n<\/ul>\n<p>&nbsp;<\/p>\n<h3>Direcci\u00f3n y tribunal<\/h3>\n<ul>\n<li><strong>Director de la tesis<\/strong>\n<ul>\n<li>arnaiz Gonz\u00e1lez Rodr\u00edguez<\/li>\n<\/ul>\n<\/li>\n<li><strong>Tribunal<\/strong>\n<ul>\n<li>Presidente del tribunal:  Fern\u00e1ndez del riesgo manuel <\/li>\n<li>josep Mar\u00eda Esquirol calaf (vocal)<\/li>\n<li>Jos\u00e9 Mar\u00eda Garc\u00eda g\u00f3mez-heras (vocal)<\/li>\n<li> Torre d\u00edaz Francisco Javier (vocal)<\/li>\n<\/ul>\n<\/li>\n<\/ul>\n<p>&nbsp;<\/p>\n","protected":false},"excerpt":{"rendered":"<p>Tesis doctoral de Salustiano Alvarez G\u00f3mez Desde hace alg\u00fan tiempo los temas relacionados con la liberaci\u00f3n de am\u00e9rica latina dejaron [&hellip;]<\/p>\n","protected":false},"author":1,"featured_media":0,"comment_status":"open","ping_status":"open","sticky":false,"template":"","format":"standard","meta":{"site-sidebar-layout":"default","site-content-layout":"","ast-site-content-layout":"","site-content-style":"default","site-sidebar-style":"default","ast-global-header-display":"","ast-banner-title-visibility":"","ast-main-header-display":"","ast-hfb-above-header-display":"","ast-hfb-below-header-display":"","ast-hfb-mobile-header-display":"","site-post-title":"","ast-breadcrumbs-content":"","ast-featured-img":"","footer-sml-layout":"","theme-transparent-header-meta":"","adv-header-id-meta":"","stick-header-meta":"","header-above-stick-meta":"","header-main-stick-meta":"","header-below-stick-meta":"","astra-migrate-meta-layouts":"default","ast-page-background-enabled":"default","ast-page-background-meta":{"desktop":{"background-color":"var(--ast-global-color-4)","background-image":"","background-repeat":"repeat","background-position":"center center","background-size":"auto","background-attachment":"scroll","background-type":"","background-media":"","overlay-type":"","overlay-color":"","overlay-gradient":""},"tablet":{"background-color":"","background-image":"","background-repeat":"repeat","background-position":"center center","background-size":"auto","background-attachment":"scroll","background-type":"","background-media":"","overlay-type":"","overlay-color":"","overlay-gradient":""},"mobile":{"background-color":"","background-image":"","background-repeat":"repeat","background-position":"center center","background-size":"auto","background-attachment":"scroll","background-type":"","background-media":"","overlay-type":"","overlay-color":"","overlay-gradient":""}},"ast-content-background-meta":{"desktop":{"background-color":"var(--ast-global-color-5)","background-image":"","background-repeat":"repeat","background-position":"center center","background-size":"auto","background-attachment":"scroll","background-type":"","background-media":"","overlay-type":"","overlay-color":"","overlay-gradient":""},"tablet":{"background-color":"var(--ast-global-color-5)","background-image":"","background-repeat":"repeat","background-position":"center center","background-size":"auto","background-attachment":"scroll","background-type":"","background-media":"","overlay-type":"","overlay-color":"","overlay-gradient":""},"mobile":{"background-color":"var(--ast-global-color-5)","background-image":"","background-repeat":"repeat","background-position":"center center","background-size":"auto","background-attachment":"scroll","background-type":"","background-media":"","overlay-type":"","overlay-color":"","overlay-gradient":""}},"footnotes":""},"categories":[54687,34346,13536],"tags":[129000,6010,18379,38161,128999,121539],"class_list":["post-58379","post","type-post","status-publish","format-standard","hentry","category-cibernetica","category-evolucion-cultural","category-teoria-de-juegos","tag-arnaiz-gonzalez-rodriguez","tag-fernandez-del-riesgo-manuel","tag-jose-maria-garcia-gomez-heras","tag-josep-maria-esquirol-calaf","tag-salustiano-alvarez-gomez","tag-torre-diaz-francisco-javier"],"_links":{"self":[{"href":"https:\/\/www.deberes.net\/tesis\/wp-json\/wp\/v2\/posts\/58379","targetHints":{"allow":["GET"]}}],"collection":[{"href":"https:\/\/www.deberes.net\/tesis\/wp-json\/wp\/v2\/posts"}],"about":[{"href":"https:\/\/www.deberes.net\/tesis\/wp-json\/wp\/v2\/types\/post"}],"author":[{"embeddable":true,"href":"https:\/\/www.deberes.net\/tesis\/wp-json\/wp\/v2\/users\/1"}],"replies":[{"embeddable":true,"href":"https:\/\/www.deberes.net\/tesis\/wp-json\/wp\/v2\/comments?post=58379"}],"version-history":[{"count":0,"href":"https:\/\/www.deberes.net\/tesis\/wp-json\/wp\/v2\/posts\/58379\/revisions"}],"wp:attachment":[{"href":"https:\/\/www.deberes.net\/tesis\/wp-json\/wp\/v2\/media?parent=58379"}],"wp:term":[{"taxonomy":"category","embeddable":true,"href":"https:\/\/www.deberes.net\/tesis\/wp-json\/wp\/v2\/categories?post=58379"},{"taxonomy":"post_tag","embeddable":true,"href":"https:\/\/www.deberes.net\/tesis\/wp-json\/wp\/v2\/tags?post=58379"}],"curies":[{"name":"wp","href":"https:\/\/api.w.org\/{rel}","templated":true}]}}