{"id":58391,"date":"2007-09-05T00:00:00","date_gmt":"2007-09-05T00:00:00","guid":{"rendered":"https:\/\/www.deberes.net\/tesis\/sin-categoria\/el-sector-de-la-construccion-la-medicion-y-la-pola%c2%adtica-sectorial\/"},"modified":"2007-09-05T00:00:00","modified_gmt":"2007-09-05T00:00:00","slug":"el-sector-de-la-construccion-la-medicion-y-la-pola%c2%adtica-sectorial","status":"publish","type":"post","link":"https:\/\/www.deberes.net\/tesis\/teoria-del-crecimiento-economico\/el-sector-de-la-construccion-la-medicion-y-la-pola%c2%adtica-sectorial\/","title":{"rendered":"El sector de la construcci\u00f3n, la medici\u00f3n y la pol\u00edtica sectorial."},"content":{"rendered":"<h2>Tesis doctoral de <strong> Carmelita Serna Rios <\/strong><\/h2>\n<p>El sector de la construccion la mediacion y la politica sectorial.  un an\u00e1lisis de la realidad colombiana durante la d\u00e9cada de los noventa, para demostrar que la crisis de la econom\u00eda colombiana en los \u00faltimos  de la d\u00e9cada de los noventa se debi\u00f3 al comportamiento del sector de la construcci\u00f3n, se utilizaron como m\u00e9todos de contrastaci\u00f3n las estad\u00edsticas disponibles, un modelo matricial y al final un modelo econom\u00e9trico para verificar los comportamientos pro c\u00edclicos del sector la construcci\u00f3n para con la econom\u00eda.<\/p>\n<p>&nbsp;<\/p>\n<h3>Datos acad\u00e9micos de la tesis doctoral \u00ab<strong>El sector de la construcci\u00f3n, la medici\u00f3n y la pol\u00edtica sectorial.<\/strong>\u00ab<\/h3>\n<ul>\n<li><strong>T\u00edtulo de la tesis:<\/strong>\u00a0 El sector de la construcci\u00f3n, la medici\u00f3n y la pol\u00edtica sectorial. <\/li>\n<li><strong>Autor:<\/strong>\u00a0 Carmelita Serna Rios <\/li>\n<li><strong>Universidad:<\/strong>\u00a0 Barcelona<\/li>\n<li><strong>Fecha de lectura de la tesis:<\/strong>\u00a0 09\/05\/2007<\/li>\n<\/ul>\n<p>&nbsp;<\/p>\n<h3>Direcci\u00f3n y tribunal<\/h3>\n<ul>\n<li><strong>Director de la tesis<\/strong>\n<ul>\n<li>Montserrat Pareja Eastaway<\/li>\n<\/ul>\n<\/li>\n<li><strong>Tribunal<\/strong>\n<ul>\n<li>Presidente del tribunal: joan Clavera <\/li>\n<li>paloma Taltavull (vocal)<\/li>\n<li>joan Baro llinas (vocal)<\/li>\n<li>benjam\u00edn Bastida vil\u00e1 (vocal)<\/li>\n<\/ul>\n<\/li>\n<\/ul>\n<p>&nbsp;<\/p>\n","protected":false},"excerpt":{"rendered":"<p>Tesis doctoral de Carmelita Serna Rios El sector de la construccion la mediacion y la politica sectorial. un an\u00e1lisis de [&hellip;]<\/p>\n","protected":false},"author":1,"featured_media":0,"comment_status":"open","ping_status":"open","sticky":false,"template":"","format":"standard","meta":{"site-sidebar-layout":"default","site-content-layout":"","ast-site-content-layout":"","site-content-style":"default","site-sidebar-style":"default","ast-global-header-display":"","ast-banner-title-visibility":"","ast-main-header-display":"","ast-hfb-above-header-display":"","ast-hfb-below-header-display":"","ast-hfb-mobile-header-display":"","site-post-title":"","ast-breadcrumbs-content":"","ast-featured-img":"","footer-sml-layout":"","theme-transparent-header-meta":"","adv-header-id-meta":"","stick-header-meta":"","header-above-stick-meta":"","header-main-stick-meta":"","header-below-stick-meta":"","astra-migrate-meta-layouts":"default","ast-page-background-enabled":"default","ast-page-background-meta":{"desktop":{"background-color":"var(--ast-global-color-4)","background-image":"","background-repeat":"repeat","background-position":"center center","background-size":"auto","background-attachment":"scroll","background-type":"","background-media":"","overlay-type":"","overlay-color":"","overlay-gradient":""},"tablet":{"background-color":"","background-image":"","background-repeat":"repeat","background-position":"center center","background-size":"auto","background-attachment":"scroll","background-type":"","background-media":"","overlay-type":"","overlay-color":"","overlay-gradient":""},"mobile":{"background-color":"","background-image":"","background-repeat":"repeat","background-position":"center center","background-size":"auto","background-attachment":"scroll","background-type":"","background-media":"","overlay-type":"","overlay-color":"","overlay-gradient":""}},"ast-content-background-meta":{"desktop":{"background-color":"var(--ast-global-color-5)","background-image":"","background-repeat":"repeat","background-position":"center center","background-size":"auto","background-attachment":"scroll","background-type":"","background-media":"","overlay-type":"","overlay-color":"","overlay-gradient":""},"tablet":{"background-color":"var(--ast-global-color-5)","background-image":"","background-repeat":"repeat","background-position":"center center","background-size":"auto","background-attachment":"scroll","background-type":"","background-media":"","overlay-type":"","overlay-color":"","overlay-gradient":""},"mobile":{"background-color":"var(--ast-global-color-5)","background-image":"","background-repeat":"repeat","background-position":"center center","background-size":"auto","background-attachment":"scroll","background-type":"","background-media":"","overlay-type":"","overlay-color":"","overlay-gradient":""}},"footnotes":""},"categories":[951,1068,6838,17315,890],"tags":[20428,129028,18858,129029,100561,129030],"class_list":["post-58391","post","type-post","status-publish","format-standard","hentry","category-barcelona","category-estadistica-economica","category-politica-fiscal-y-hacienda-publica-nacionales","category-sector-de-la-construccion","category-teoria-del-crecimiento-economico","tag-benjamin-bastida-vila","tag-carmelita-serna-rios","tag-joan-baro-llinas","tag-joan-clavera","tag-montserrat-pareja-eastaway","tag-paloma-taltavull"],"_links":{"self":[{"href":"https:\/\/www.deberes.net\/tesis\/wp-json\/wp\/v2\/posts\/58391","targetHints":{"allow":["GET"]}}],"collection":[{"href":"https:\/\/www.deberes.net\/tesis\/wp-json\/wp\/v2\/posts"}],"about":[{"href":"https:\/\/www.deberes.net\/tesis\/wp-json\/wp\/v2\/types\/post"}],"author":[{"embeddable":true,"href":"https:\/\/www.deberes.net\/tesis\/wp-json\/wp\/v2\/users\/1"}],"replies":[{"embeddable":true,"href":"https:\/\/www.deberes.net\/tesis\/wp-json\/wp\/v2\/comments?post=58391"}],"version-history":[{"count":0,"href":"https:\/\/www.deberes.net\/tesis\/wp-json\/wp\/v2\/posts\/58391\/revisions"}],"wp:attachment":[{"href":"https:\/\/www.deberes.net\/tesis\/wp-json\/wp\/v2\/media?parent=58391"}],"wp:term":[{"taxonomy":"category","embeddable":true,"href":"https:\/\/www.deberes.net\/tesis\/wp-json\/wp\/v2\/categories?post=58391"},{"taxonomy":"post_tag","embeddable":true,"href":"https:\/\/www.deberes.net\/tesis\/wp-json\/wp\/v2\/tags?post=58391"}],"curies":[{"name":"wp","href":"https:\/\/api.w.org\/{rel}","templated":true}]}}