{"id":58417,"date":"2007-11-05T00:00:00","date_gmt":"2007-11-05T00:00:00","guid":{"rendered":"https:\/\/www.deberes.net\/tesis\/sin-categoria\/cinetica-qua%c2%admica-en-la-ensenanza-secundaria\/"},"modified":"2007-11-05T00:00:00","modified_gmt":"2007-11-05T00:00:00","slug":"cinetica-qua%c2%admica-en-la-ensenanza-secundaria","status":"publish","type":"post","link":"https:\/\/www.deberes.net\/tesis\/santiago-de-compostela\/cinetica-qua%c2%admica-en-la-ensenanza-secundaria\/","title":{"rendered":"Cin\u00e9tica qu\u00edmica en la ense\u00f1anza secundaria"},"content":{"rendered":"<h2>Tesis doctoral de <strong> Jose Sanchez Piso <\/strong><\/h2>\n<p>Se ha dise\u00f1ado y aplicado una propuesta did\u00e1ctica, sobre la velocidad de las reacciones qu\u00edmicas, a un grupo de estudiantes de 4\u00c2\u00ba eso. Se lleva a cabo previamente una fase de acomodaci\u00f3n a la metodolog\u00eda de ense\u00f1anza ensayada, que versa sobre el concepto de reacci\u00f3n qu\u00edmica.Se aplican pruebas de caracterizaci\u00f3n inical para extraer el conocimiento de los estudiantes al explicar la dependencia de la velocidad de reacci\u00f3n respecto de los factores naturaleza de los reactivos, temperatura, superficie de los s\u00f3lidos y concentraci\u00f3n de las disoluciones, en funci\u00f3n de la teor\u00eda de colisiones y aspectos energ\u00e9ticos, as\u00ed como las destrezas referentes a la relaci\u00f3n entre variables, representaci\u00f3n gr\u00e1fica y dise\u00f1o experimental. Los resultados de las diferentes pruebas se analizan por \u00edtems y mediante esquemas de razonamiento y de acci\u00f3n. Posteriormente se aplica la propuesta para comprobar su evoluci\u00f3n con el tiempo. Se realiza una caracterizaci\u00f3n similar a la inicial, al acabar la intervenci\u00f3n y al cabo de unos meses, para comprobar los progresos habido en el aprendizaje (caracterizaci\u00f3n final) y supermanencia en el tiempo (retenci\u00f3n). Se contrastan estad\u00edsticamente los resutlados para establecer conclusiones objetivas.<\/p>\n<p>&nbsp;<\/p>\n<h3>Datos acad\u00e9micos de la tesis doctoral \u00ab<strong>Cin\u00e9tica qu\u00edmica en la ense\u00f1anza secundaria<\/strong>\u00ab<\/h3>\n<ul>\n<li><strong>T\u00edtulo de la tesis:<\/strong>\u00a0 Cin\u00e9tica qu\u00edmica en la ense\u00f1anza secundaria <\/li>\n<li><strong>Autor:<\/strong>\u00a0 Jose Sanchez Piso <\/li>\n<li><strong>Universidad:<\/strong>\u00a0 Santiago de compostela<\/li>\n<li><strong>Fecha de lectura de la tesis:<\/strong>\u00a0 11\/05\/2007<\/li>\n<\/ul>\n<p>&nbsp;<\/p>\n<h3>Direcci\u00f3n y tribunal<\/h3>\n<ul>\n<li><strong>Director de la tesis<\/strong>\n<ul>\n<li>rodeja Fern\u00e1ndez Garc\u00eda<\/li>\n<\/ul>\n<\/li>\n<li><strong>Tribunal<\/strong>\n<ul>\n<li>Presidente del tribunal: Antonio De pro bueno <\/li>\n<li>roque Jim\u00e9nez p\u00e9rez (vocal)<\/li>\n<li>cristina Mart\u00ednez losada (vocal)<\/li>\n<li>Francisco Javier Perales palacios (vocal)<\/li>\n<\/ul>\n<\/li>\n<\/ul>\n<p>&nbsp;<\/p>\n","protected":false},"excerpt":{"rendered":"<p>Tesis doctoral de Jose Sanchez Piso Se ha dise\u00f1ado y aplicado una propuesta did\u00e1ctica, sobre la velocidad de las reacciones [&hellip;]<\/p>\n","protected":false},"author":1,"featured_media":0,"comment_status":"open","ping_status":"open","sticky":false,"template":"","format":"standard","meta":{"site-sidebar-layout":"default","site-content-layout":"","ast-site-content-layout":"","site-content-style":"default","site-sidebar-style":"default","ast-global-header-display":"","ast-banner-title-visibility":"","ast-main-header-display":"","ast-hfb-above-header-display":"","ast-hfb-below-header-display":"","ast-hfb-mobile-header-display":"","site-post-title":"","ast-breadcrumbs-content":"","ast-featured-img":"","footer-sml-layout":"","theme-transparent-header-meta":"","adv-header-id-meta":"","stick-header-meta":"","header-above-stick-meta":"","header-main-stick-meta":"","header-below-stick-meta":"","astra-migrate-meta-layouts":"default","ast-page-background-enabled":"default","ast-page-background-meta":{"desktop":{"background-color":"var(--ast-global-color-4)","background-image":"","background-repeat":"repeat","background-position":"center center","background-size":"auto","background-attachment":"scroll","background-type":"","background-media":"","overlay-type":"","overlay-color":"","overlay-gradient":""},"tablet":{"background-color":"","background-image":"","background-repeat":"repeat","background-position":"center center","background-size":"auto","background-attachment":"scroll","background-type":"","background-media":"","overlay-type":"","overlay-color":"","overlay-gradient":""},"mobile":{"background-color":"","background-image":"","background-repeat":"repeat","background-position":"center center","background-size":"auto","background-attachment":"scroll","background-type":"","background-media":"","overlay-type":"","overlay-color":"","overlay-gradient":""}},"ast-content-background-meta":{"desktop":{"background-color":"var(--ast-global-color-5)","background-image":"","background-repeat":"repeat","background-position":"center center","background-size":"auto","background-attachment":"scroll","background-type":"","background-media":"","overlay-type":"","overlay-color":"","overlay-gradient":""},"tablet":{"background-color":"var(--ast-global-color-5)","background-image":"","background-repeat":"repeat","background-position":"center center","background-size":"auto","background-attachment":"scroll","background-type":"","background-media":"","overlay-type":"","overlay-color":"","overlay-gradient":""},"mobile":{"background-color":"var(--ast-global-color-5)","background-image":"","background-repeat":"repeat","background-position":"center center","background-size":"auto","background-attachment":"scroll","background-type":"","background-media":"","overlay-type":"","overlay-color":"","overlay-gradient":""}},"footnotes":""},"categories":[6020,2233,977],"tags":[8691,129089,27090,129087,129088,119158],"class_list":["post-58417","post","type-post","status-publish","format-standard","hentry","category-evaluacion-de-alumnos","category-metodos-pedagogicos","category-santiago-de-compostela","tag-antonio-de-pro-bueno","tag-cristina-Martinez-losada","tag-francisco-javier-perales-palacios","tag-jose-sanchez-piso","tag-rodeja-fernandez-garcia","tag-roque-jimenez-perez"],"_links":{"self":[{"href":"https:\/\/www.deberes.net\/tesis\/wp-json\/wp\/v2\/posts\/58417","targetHints":{"allow":["GET"]}}],"collection":[{"href":"https:\/\/www.deberes.net\/tesis\/wp-json\/wp\/v2\/posts"}],"about":[{"href":"https:\/\/www.deberes.net\/tesis\/wp-json\/wp\/v2\/types\/post"}],"author":[{"embeddable":true,"href":"https:\/\/www.deberes.net\/tesis\/wp-json\/wp\/v2\/users\/1"}],"replies":[{"embeddable":true,"href":"https:\/\/www.deberes.net\/tesis\/wp-json\/wp\/v2\/comments?post=58417"}],"version-history":[{"count":0,"href":"https:\/\/www.deberes.net\/tesis\/wp-json\/wp\/v2\/posts\/58417\/revisions"}],"wp:attachment":[{"href":"https:\/\/www.deberes.net\/tesis\/wp-json\/wp\/v2\/media?parent=58417"}],"wp:term":[{"taxonomy":"category","embeddable":true,"href":"https:\/\/www.deberes.net\/tesis\/wp-json\/wp\/v2\/categories?post=58417"},{"taxonomy":"post_tag","embeddable":true,"href":"https:\/\/www.deberes.net\/tesis\/wp-json\/wp\/v2\/tags?post=58417"}],"curies":[{"name":"wp","href":"https:\/\/api.w.org\/{rel}","templated":true}]}}