{"id":58428,"date":"2007-11-05T00:00:00","date_gmt":"2007-11-05T00:00:00","guid":{"rendered":"https:\/\/www.deberes.net\/tesis\/sin-categoria\/la-teoria-de-la-accion-comunicativa-de-ja%c2%bcrgen-habermas\/"},"modified":"2007-11-05T00:00:00","modified_gmt":"2007-11-05T00:00:00","slug":"la-teoria-de-la-accion-comunicativa-de-ja%c2%bcrgen-habermas","status":"publish","type":"post","link":"https:\/\/www.deberes.net\/tesis\/filosofia-politica\/la-teoria-de-la-accion-comunicativa-de-ja%c2%bcrgen-habermas\/","title":{"rendered":"La teor\u00eda de la acci\u00f3n comunicativa de j\u00c1\u00bcrgen habermas"},"content":{"rendered":"<h2>Tesis doctoral de <strong>  Hern\u00e1ndez Herrera Jos\u00e9 Ram\u00f3n <\/strong><\/h2>\n<p>Partir de la \u00abteor\u00eda de la acci\u00f3n comunicativa\u00bb de j\u00ed\u00bcrgen habermas, se trata de establecer los fundamentos normativos de una teor\u00eda social critica, que tiene finalmente por objeto mostrar, reconstructiva y sistem\u00e1ticamente, la g\u00e9nesis, estructura y patolog\u00edas de la sociedad contempor\u00e1nea<\/p>\n<p>&nbsp;<\/p>\n<h3>Datos acad\u00e9micos de la tesis doctoral \u00ab<strong>La teor\u00eda de la acci\u00f3n comunicativa de j\u00c1\u00bcrgen habermas<\/strong>\u00ab<\/h3>\n<ul>\n<li><strong>T\u00edtulo de la tesis:<\/strong>\u00a0 La teor\u00eda de la acci\u00f3n comunicativa de j\u00c1\u00bcrgen habermas <\/li>\n<li><strong>Autor:<\/strong>\u00a0  Hern\u00e1ndez Herrera Jos\u00e9 Ram\u00f3n <\/li>\n<li><strong>Universidad:<\/strong>\u00a0 Sevilla<\/li>\n<li><strong>Fecha de lectura de la tesis:<\/strong>\u00a0 11\/05\/2007<\/li>\n<\/ul>\n<p>&nbsp;<\/p>\n<h3>Direcci\u00f3n y tribunal<\/h3>\n<ul>\n<li><strong>Director de la tesis<\/strong>\n<ul>\n<li>pacheco Sanz Hernandez<\/li>\n<\/ul>\n<\/li>\n<li><strong>Tribunal<\/strong>\n<ul>\n<li>Presidente del tribunal: jacinto Luis Choza armenta <\/li>\n<li>ignacio Aymerich ojea (vocal)<\/li>\n<li>higinio Marin pedre\u00f1o (vocal)<\/li>\n<li> Arroyo array\u00e1s Luis Miguel (vocal)<\/li>\n<\/ul>\n<\/li>\n<\/ul>\n<p>&nbsp;<\/p>\n","protected":false},"excerpt":{"rendered":"<p>Tesis doctoral de Hern\u00e1ndez Herrera Jos\u00e9 Ram\u00f3n Partir de la \u00abteor\u00eda de la acci\u00f3n comunicativa\u00bb de j\u00ed\u00bcrgen habermas, se trata [&hellip;]<\/p>\n","protected":false},"author":1,"featured_media":0,"comment_status":"open","ping_status":"open","sticky":false,"template":"","format":"standard","meta":{"site-sidebar-layout":"default","site-content-layout":"","ast-site-content-layout":"","site-content-style":"default","site-sidebar-style":"default","ast-global-header-display":"","ast-banner-title-visibility":"","ast-main-header-display":"","ast-hfb-above-header-display":"","ast-hfb-below-header-display":"","ast-hfb-mobile-header-display":"","site-post-title":"","ast-breadcrumbs-content":"","ast-featured-img":"","footer-sml-layout":"","theme-transparent-header-meta":"","adv-header-id-meta":"","stick-header-meta":"","header-above-stick-meta":"","header-main-stick-meta":"","header-below-stick-meta":"","astra-migrate-meta-layouts":"default","ast-page-background-enabled":"default","ast-page-background-meta":{"desktop":{"background-color":"var(--ast-global-color-4)","background-image":"","background-repeat":"repeat","background-position":"center center","background-size":"auto","background-attachment":"scroll","background-type":"","background-media":"","overlay-type":"","overlay-color":"","overlay-gradient":""},"tablet":{"background-color":"","background-image":"","background-repeat":"repeat","background-position":"center center","background-size":"auto","background-attachment":"scroll","background-type":"","background-media":"","overlay-type":"","overlay-color":"","overlay-gradient":""},"mobile":{"background-color":"","background-image":"","background-repeat":"repeat","background-position":"center center","background-size":"auto","background-attachment":"scroll","background-type":"","background-media":"","overlay-type":"","overlay-color":"","overlay-gradient":""}},"ast-content-background-meta":{"desktop":{"background-color":"var(--ast-global-color-5)","background-image":"","background-repeat":"repeat","background-position":"center center","background-size":"auto","background-attachment":"scroll","background-type":"","background-media":"","overlay-type":"","overlay-color":"","overlay-gradient":""},"tablet":{"background-color":"var(--ast-global-color-5)","background-image":"","background-repeat":"repeat","background-position":"center center","background-size":"auto","background-attachment":"scroll","background-type":"","background-media":"","overlay-type":"","overlay-color":"","overlay-gradient":""},"mobile":{"background-color":"var(--ast-global-color-5)","background-image":"","background-repeat":"repeat","background-position":"center center","background-size":"auto","background-attachment":"scroll","background-type":"","background-media":"","overlay-type":"","overlay-color":"","overlay-gradient":""}},"footnotes":""},"categories":[6008,10715,32239],"tags":[52569,129111,17936,129113,10848,129112],"class_list":["post-58428","post","type-post","status-publish","format-standard","hentry","category-filosofia-politica","category-sevilla","category-teoria-de-las-ideologias","tag-arroyo-arrayas-luis-miguel","tag-hernandez-herrera-jose-ramon","tag-higinio-marin-pedreno","tag-ignacio-aymerich-ojea","tag-jacinto-luis-choza-armenta","tag-pacheco-sanz-hernandez"],"_links":{"self":[{"href":"https:\/\/www.deberes.net\/tesis\/wp-json\/wp\/v2\/posts\/58428","targetHints":{"allow":["GET"]}}],"collection":[{"href":"https:\/\/www.deberes.net\/tesis\/wp-json\/wp\/v2\/posts"}],"about":[{"href":"https:\/\/www.deberes.net\/tesis\/wp-json\/wp\/v2\/types\/post"}],"author":[{"embeddable":true,"href":"https:\/\/www.deberes.net\/tesis\/wp-json\/wp\/v2\/users\/1"}],"replies":[{"embeddable":true,"href":"https:\/\/www.deberes.net\/tesis\/wp-json\/wp\/v2\/comments?post=58428"}],"version-history":[{"count":0,"href":"https:\/\/www.deberes.net\/tesis\/wp-json\/wp\/v2\/posts\/58428\/revisions"}],"wp:attachment":[{"href":"https:\/\/www.deberes.net\/tesis\/wp-json\/wp\/v2\/media?parent=58428"}],"wp:term":[{"taxonomy":"category","embeddable":true,"href":"https:\/\/www.deberes.net\/tesis\/wp-json\/wp\/v2\/categories?post=58428"},{"taxonomy":"post_tag","embeddable":true,"href":"https:\/\/www.deberes.net\/tesis\/wp-json\/wp\/v2\/tags?post=58428"}],"curies":[{"name":"wp","href":"https:\/\/api.w.org\/{rel}","templated":true}]}}