{"id":58464,"date":"2018-03-09T22:46:20","date_gmt":"2018-03-09T22:46:20","guid":{"rendered":"https:\/\/www.deberes.net\/tesis\/sin-categoria\/bilbao-desarrollos-urbanos-1960-2000\/"},"modified":"2018-03-09T22:46:20","modified_gmt":"2018-03-09T22:46:20","slug":"bilbao-desarrollos-urbanos-1960-2000","status":"publish","type":"post","link":"https:\/\/www.deberes.net\/tesis\/historia-de-la-arquitectura\/bilbao-desarrollos-urbanos-1960-2000\/","title":{"rendered":"Bilbao: desarrollos urbanos 1960\/2000"},"content":{"rendered":"<h2>Tesis doctoral de <strong> Javier Martinez Callejo <\/strong><\/h2>\n<p>Titulo: bilbao: desarrollos urbanos 1960\/2000 resumen: la investigaci\u00f3n recopila y analiza diversas propuestas urbanas planteadas en la ciudad de bilbao durante la segunda mitad del siglo xx -materializadas o no-como base argumental de la misma. Sin embargo, \u00e9sta no es sino excusa para una evaluaci\u00f3n m\u00e1s compleja. Los dise\u00f1os bilba\u00ednos son s\u00f3lo muestras evidentes de la influencia cultural urbana internacional y de la evoluci\u00f3n del pensamiento y del modo de entender la ciudad que ha caracterizado el desarrollo de nuestras ciudades. Una etapa, por otro lado, de inusitado inter\u00e9s, tanto por el enorme proceso de expansi\u00f3n urbana acontecida, como por su proximidad e influencia en nuestros d\u00edas. De este modo, la investigaci\u00f3n pretende, mediante el recuerdo de las experiencias urbanas habidas, concretar una evaluaci\u00f3n del discurso urbano producido en las \u00faltimas d\u00e9cadas.  El estudio toma como referencia la escala propia del \u00abdise\u00f1o urbano\u00bb que, en general, refleja los principios proyectuales y de dise\u00f1o de la arquitectura y otros elementos, conformadores o no de espacio, que a la postre han de interferir en el binomio, tan inseparable como a veces separado, arquitectura y urbanismo. Dentro de ese marco, el trabajo desea centrarse espec\u00edficamente en aquello que pensamos m\u00e1s propio de \u00e91, la forma f\u00edsica, a trav\u00e9s de una mirada a la realidad ya experimentada que permita, en su momento, extraer de ella posibles criterios de actuaci\u00f3n.<\/p>\n<p>&nbsp;<\/p>\n<h3>Datos acad\u00e9micos de la tesis doctoral \u00ab<strong>Bilbao: desarrollos urbanos 1960\/2000<\/strong>\u00ab<\/h3>\n<ul>\n<li><strong>T\u00edtulo de la tesis:<\/strong>\u00a0 Bilbao: desarrollos urbanos 1960\/2000 <\/li>\n<li><strong>Autor:<\/strong>\u00a0 Javier Martinez Callejo <\/li>\n<li><strong>Universidad:<\/strong>\u00a0 Navarra<\/li>\n<li><strong>Fecha de lectura de la tesis:<\/strong>\u00a0 14\/05\/2007<\/li>\n<\/ul>\n<p>&nbsp;<\/p>\n<h3>Direcci\u00f3n y tribunal<\/h3>\n<ul>\n<li><strong>Director de la tesis<\/strong>\n<ul>\n<li>Jos\u00e9 Mar\u00eda Ordeig Corsini<\/li>\n<\/ul>\n<\/li>\n<li><strong>Tribunal<\/strong>\n<ul>\n<li>Presidente del tribunal: manuel Ferrer regales <\/li>\n<li>victoriano Sainz gutierrez (vocal)<\/li>\n<li>Jos\u00e9 Farina tojo (vocal)<\/li>\n<li> Erquicia olaciregui Jes\u00fas m. (vocal)<\/li>\n<\/ul>\n<\/li>\n<\/ul>\n<p>&nbsp;<\/p>\n","protected":false},"excerpt":{"rendered":"<p>Tesis doctoral de Javier Martinez Callejo Titulo: bilbao: desarrollos urbanos 1960\/2000 resumen: la investigaci\u00f3n recopila y analiza diversas propuestas urbanas [&hellip;]<\/p>\n","protected":false},"author":1,"featured_media":0,"comment_status":"open","ping_status":"open","sticky":false,"template":"","format":"standard","meta":{"site-sidebar-layout":"default","site-content-layout":"","ast-site-content-layout":"","site-content-style":"default","site-sidebar-style":"default","ast-global-header-display":"","ast-banner-title-visibility":"","ast-main-header-display":"","ast-hfb-above-header-display":"","ast-hfb-below-header-display":"","ast-hfb-mobile-header-display":"","site-post-title":"","ast-breadcrumbs-content":"","ast-featured-img":"","footer-sml-layout":"","theme-transparent-header-meta":"","adv-header-id-meta":"","stick-header-meta":"","header-above-stick-meta":"","header-main-stick-meta":"","header-below-stick-meta":"","astra-migrate-meta-layouts":"default","ast-page-background-enabled":"default","ast-page-background-meta":{"desktop":{"background-color":"var(--ast-global-color-4)","background-image":"","background-repeat":"repeat","background-position":"center center","background-size":"auto","background-attachment":"scroll","background-type":"","background-media":"","overlay-type":"","overlay-color":"","overlay-gradient":""},"tablet":{"background-color":"","background-image":"","background-repeat":"repeat","background-position":"center center","background-size":"auto","background-attachment":"scroll","background-type":"","background-media":"","overlay-type":"","overlay-color":"","overlay-gradient":""},"mobile":{"background-color":"","background-image":"","background-repeat":"repeat","background-position":"center center","background-size":"auto","background-attachment":"scroll","background-type":"","background-media":"","overlay-type":"","overlay-color":"","overlay-gradient":""}},"ast-content-background-meta":{"desktop":{"background-color":"var(--ast-global-color-5)","background-image":"","background-repeat":"repeat","background-position":"center center","background-size":"auto","background-attachment":"scroll","background-type":"","background-media":"","overlay-type":"","overlay-color":"","overlay-gradient":""},"tablet":{"background-color":"var(--ast-global-color-5)","background-image":"","background-repeat":"repeat","background-position":"center center","background-size":"auto","background-attachment":"scroll","background-type":"","background-media":"","overlay-type":"","overlay-color":"","overlay-gradient":""},"mobile":{"background-color":"var(--ast-global-color-5)","background-image":"","background-repeat":"repeat","background-position":"center center","background-size":"auto","background-attachment":"scroll","background-type":"","background-media":"","overlay-type":"","overlay-color":"","overlay-gradient":""}},"footnotes":""},"categories":[1745,17749,13113,5468,5371],"tags":[59479,129198,30962,32204,17829,129199],"class_list":["post-58464","post","type-post","status-publish","format-standard","hentry","category-historia-de-la-arquitectura","category-navarra","category-planificacion-urbana","category-sociologia-urbana","category-urbanismo","tag-erquicia-olaciregui-jesus-m","tag-javier-Martinez-callejo","tag-jose-farina-tojo","tag-jose-maria-ordeig-corsini","tag-manuel-ferrer-regales","tag-victoriano-sainz-gutierrez"],"_links":{"self":[{"href":"https:\/\/www.deberes.net\/tesis\/wp-json\/wp\/v2\/posts\/58464","targetHints":{"allow":["GET"]}}],"collection":[{"href":"https:\/\/www.deberes.net\/tesis\/wp-json\/wp\/v2\/posts"}],"about":[{"href":"https:\/\/www.deberes.net\/tesis\/wp-json\/wp\/v2\/types\/post"}],"author":[{"embeddable":true,"href":"https:\/\/www.deberes.net\/tesis\/wp-json\/wp\/v2\/users\/1"}],"replies":[{"embeddable":true,"href":"https:\/\/www.deberes.net\/tesis\/wp-json\/wp\/v2\/comments?post=58464"}],"version-history":[{"count":0,"href":"https:\/\/www.deberes.net\/tesis\/wp-json\/wp\/v2\/posts\/58464\/revisions"}],"wp:attachment":[{"href":"https:\/\/www.deberes.net\/tesis\/wp-json\/wp\/v2\/media?parent=58464"}],"wp:term":[{"taxonomy":"category","embeddable":true,"href":"https:\/\/www.deberes.net\/tesis\/wp-json\/wp\/v2\/categories?post=58464"},{"taxonomy":"post_tag","embeddable":true,"href":"https:\/\/www.deberes.net\/tesis\/wp-json\/wp\/v2\/tags?post=58464"}],"curies":[{"name":"wp","href":"https:\/\/api.w.org\/{rel}","templated":true}]}}