{"id":58510,"date":"2018-03-09T22:46:20","date_gmt":"2018-03-09T22:46:20","guid":{"rendered":"https:\/\/www.deberes.net\/tesis\/sin-categoria\/evaluacion-del-curra%c2%adculo-en-los-conservatorios-de-grado-superior-de-musica-de-andaluca%c2%ada\/"},"modified":"2018-03-09T22:46:20","modified_gmt":"2018-03-09T22:46:20","slug":"evaluacion-del-curra%c2%adculo-en-los-conservatorios-de-grado-superior-de-musica-de-andaluca%c2%ada","status":"publish","type":"post","link":"https:\/\/www.deberes.net\/tesis\/educacion-especial\/evaluacion-del-curra%c2%adculo-en-los-conservatorios-de-grado-superior-de-musica-de-andaluca%c2%ada\/","title":{"rendered":"Evaluaci\u00f3n del curr\u00edculo en los conservatorios de grado superior de m\u00fasica de andaluc\u00eda"},"content":{"rendered":"<h2>Tesis doctoral de <strong> Alejandro Vicente B\u00fajez <\/strong><\/h2>\n<p>La presente tesis doctoral constituye un trabajo de investigaci\u00f3n que reflexiona sobre la formaci\u00f3n  de los conservatorios de grado superior de m\u00fasica tras la implantaci\u00f3n del curr\u00edculo de las ense\u00f1anzas de r\u00e9gimen especial promovido por la l.O.G.S.E. desde sus or\u00edgenes hasta pr\u00e1cticamente la actualidad, los conservatorios de m\u00fasica han reproducido, bien por tradici\u00f3n, bien por su especificidad, un modelo cultural complejo, caracterizado por una amplia confrontaci\u00f3n de tensiones, y al que ha permanecido ajeno la investigaci\u00f3n educativa. mediante una metodolog\u00eda de investigaci\u00f3n mixta en la que se emplean cuestionarios y estudio de caso, este trabajo genera conocimiento pedag\u00f3gico sobre la formaci\u00f3n que se imparte en un sistema de ense\u00f1anza tan poco estudiado desde la investigaci\u00f3n educativa, con el objeto de elevar propuestas de mejora que permitan aumentar la calidad educativa de estos centros de ense\u00f1anza.<\/p>\n<p>&nbsp;<\/p>\n<h3>Datos acad\u00e9micos de la tesis doctoral \u00ab<strong>Evaluaci\u00f3n del curr\u00edculo en los conservatorios de grado superior de m\u00fasica de andaluc\u00eda<\/strong>\u00ab<\/h3>\n<ul>\n<li><strong>T\u00edtulo de la tesis:<\/strong>\u00a0 Evaluaci\u00f3n del curr\u00edculo en los conservatorios de grado superior de m\u00fasica de andaluc\u00eda<\/li>\n<li><strong>Autor:<\/strong>\u00a0 Alejandro Vicente B\u00fajez <\/li>\n<li><strong>Universidad:<\/strong>\u00a0 Granada<\/li>\n<li><strong>Fecha de lectura de la tesis:<\/strong>\u00a0 17\/05\/2007<\/li>\n<\/ul>\n<p>&nbsp;<\/p>\n<h3>Direcci\u00f3n y tribunal<\/h3>\n<ul>\n<li><strong>Director de la tesis<\/strong>\n<ul>\n<li> Ar\u00f3stegui Plaza Jos\u00e9 Luis<\/li>\n<\/ul>\n<\/li>\n<li><strong>Tribunal<\/strong>\n<ul>\n<li>Presidente del tribunal: Mar\u00eda  de los angeles Subirats bayego <\/li>\n<li>Ana Laucirica larrinaga (vocal)<\/li>\n<li>nicol\u00e1s Oriol alarc\u00f3n (vocal)<\/li>\n<li>Javier Barqu\u00edn ruiz (vocal)<\/li>\n<\/ul>\n<\/li>\n<\/ul>\n<p>&nbsp;<\/p>\n","protected":false},"excerpt":{"rendered":"<p>Tesis doctoral de Alejandro Vicente B\u00fajez La presente tesis doctoral constituye un trabajo de investigaci\u00f3n que reflexiona sobre la formaci\u00f3n [&hellip;]<\/p>\n","protected":false},"author":1,"featured_media":0,"comment_status":"open","ping_status":"open","sticky":false,"template":"","format":"standard","meta":{"site-sidebar-layout":"default","site-content-layout":"","ast-site-content-layout":"","site-content-style":"default","site-sidebar-style":"default","ast-global-header-display":"","ast-banner-title-visibility":"","ast-main-header-display":"","ast-hfb-above-header-display":"","ast-hfb-below-header-display":"","ast-hfb-mobile-header-display":"","site-post-title":"","ast-breadcrumbs-content":"","ast-featured-img":"","footer-sml-layout":"","theme-transparent-header-meta":"","adv-header-id-meta":"","stick-header-meta":"","header-above-stick-meta":"","header-main-stick-meta":"","header-below-stick-meta":"","astra-migrate-meta-layouts":"default","ast-page-background-enabled":"default","ast-page-background-meta":{"desktop":{"background-color":"var(--ast-global-color-4)","background-image":"","background-repeat":"repeat","background-position":"center center","background-size":"auto","background-attachment":"scroll","background-type":"","background-media":"","overlay-type":"","overlay-color":"","overlay-gradient":""},"tablet":{"background-color":"","background-image":"","background-repeat":"repeat","background-position":"center center","background-size":"auto","background-attachment":"scroll","background-type":"","background-media":"","overlay-type":"","overlay-color":"","overlay-gradient":""},"mobile":{"background-color":"","background-image":"","background-repeat":"repeat","background-position":"center center","background-size":"auto","background-attachment":"scroll","background-type":"","background-media":"","overlay-type":"","overlay-color":"","overlay-gradient":""}},"ast-content-background-meta":{"desktop":{"background-color":"var(--ast-global-color-5)","background-image":"","background-repeat":"repeat","background-position":"center center","background-size":"auto","background-attachment":"scroll","background-type":"","background-media":"","overlay-type":"","overlay-color":"","overlay-gradient":""},"tablet":{"background-color":"var(--ast-global-color-5)","background-image":"","background-repeat":"repeat","background-position":"center center","background-size":"auto","background-attachment":"scroll","background-type":"","background-media":"","overlay-type":"","overlay-color":"","overlay-gradient":""},"mobile":{"background-color":"var(--ast-global-color-5)","background-image":"","background-repeat":"repeat","background-position":"center center","background-size":"auto","background-attachment":"scroll","background-type":"","background-media":"","overlay-type":"","overlay-color":"","overlay-gradient":""}},"footnotes":""},"categories":[6222],"tags":[129295,47622,124066,24874,72032,129296],"class_list":["post-58510","post","type-post","status-publish","format-standard","hentry","category-educacion-especial","tag-alejandro-vicente-bujez","tag-ana-laucirica-larrinaga","tag-arostegui-plaza-jose-luis","tag-javier-barquin-ruiz","tag-maria-de-los-angeles-subirats-bayego","tag-nicolas-oriol-alarcon"],"_links":{"self":[{"href":"https:\/\/www.deberes.net\/tesis\/wp-json\/wp\/v2\/posts\/58510","targetHints":{"allow":["GET"]}}],"collection":[{"href":"https:\/\/www.deberes.net\/tesis\/wp-json\/wp\/v2\/posts"}],"about":[{"href":"https:\/\/www.deberes.net\/tesis\/wp-json\/wp\/v2\/types\/post"}],"author":[{"embeddable":true,"href":"https:\/\/www.deberes.net\/tesis\/wp-json\/wp\/v2\/users\/1"}],"replies":[{"embeddable":true,"href":"https:\/\/www.deberes.net\/tesis\/wp-json\/wp\/v2\/comments?post=58510"}],"version-history":[{"count":0,"href":"https:\/\/www.deberes.net\/tesis\/wp-json\/wp\/v2\/posts\/58510\/revisions"}],"wp:attachment":[{"href":"https:\/\/www.deberes.net\/tesis\/wp-json\/wp\/v2\/media?parent=58510"}],"wp:term":[{"taxonomy":"category","embeddable":true,"href":"https:\/\/www.deberes.net\/tesis\/wp-json\/wp\/v2\/categories?post=58510"},{"taxonomy":"post_tag","embeddable":true,"href":"https:\/\/www.deberes.net\/tesis\/wp-json\/wp\/v2\/tags?post=58510"}],"curies":[{"name":"wp","href":"https:\/\/api.w.org\/{rel}","templated":true}]}}