{"id":58515,"date":"2018-03-09T22:46:20","date_gmt":"2018-03-09T22:46:20","guid":{"rendered":"https:\/\/www.deberes.net\/tesis\/sin-categoria\/aeropalinologa%c2%ada-de-la-ciudad-de-beja\/"},"modified":"2018-03-09T22:46:20","modified_gmt":"2018-03-09T22:46:20","slug":"aeropalinologa%c2%ada-de-la-ciudad-de-beja","status":"publish","type":"post","link":"https:\/\/www.deberes.net\/tesis\/botanica-general\/aeropalinologa%c2%ada-de-la-ciudad-de-beja\/","title":{"rendered":"Aeropalinolog\u00eda de la ciudad de beja"},"content":{"rendered":"<h2>Tesis doctoral de <strong> Francisca Mar\u00eda Fernandes Mend\u00f3\u00c1\u00a7a De Carvalho <\/strong><\/h2>\n<p>En el presente trabajo se realiz\u00f3 el censo de los \u00e1rboles ornamentales de la ciudad de beja (portugal), y se analiz\u00f3 el contenido pol\u00ednico de la atm\u00f3sfera, de beja, recogido por medio de un captador volum\u00e9trico, de tipo hirst, durante dos a\u00f1os consecutivos (2003 y 2004). Un total de 141053 granos de polen pertenecientes a 62 tipos pol\u00ednicos fueron contabilizados.<\/p>\n<p>&nbsp;<\/p>\n<h3>Datos acad\u00e9micos de la tesis doctoral \u00ab<strong>Aeropalinolog\u00eda de la ciudad de beja<\/strong>\u00ab<\/h3>\n<ul>\n<li><strong>T\u00edtulo de la tesis:<\/strong>\u00a0 Aeropalinolog\u00eda de la ciudad de beja <\/li>\n<li><strong>Autor:<\/strong>\u00a0 Francisca Mar\u00eda Fernandes Mend\u00f3\u00c1\u00a7a De Carvalho <\/li>\n<li><strong>Universidad:<\/strong>\u00a0 Extremadura<\/li>\n<li><strong>Fecha de lectura de la tesis:<\/strong>\u00a0 17\/05\/2007<\/li>\n<\/ul>\n<p>&nbsp;<\/p>\n<h3>Direcci\u00f3n y tribunal<\/h3>\n<ul>\n<li><strong>Director de la tesis<\/strong>\n<ul>\n<li>Rafael Tormo Molina<\/li>\n<\/ul>\n<\/li>\n<li><strong>Tribunal<\/strong>\n<ul>\n<li>Presidente del tribunal: adolfo Francisco Mu\u00f1oz rodriguez <\/li>\n<li>M\u00aa angeles Gonzalo garijo (vocal)<\/li>\n<li>alfonsa Moreno corchero (vocal)<\/li>\n<li>inmaculada Silva palacios (vocal)<\/li>\n<\/ul>\n<\/li>\n<\/ul>\n<p>&nbsp;<\/p>\n","protected":false},"excerpt":{"rendered":"<p>Tesis doctoral de Francisca Mar\u00eda Fernandes Mend\u00f3\u00c1\u00a7a De Carvalho En el presente trabajo se realiz\u00f3 el censo de los \u00e1rboles [&hellip;]<\/p>\n","protected":false},"author":1,"featured_media":0,"comment_status":"open","ping_status":"open","sticky":false,"template":"","format":"standard","meta":{"site-sidebar-layout":"default","site-content-layout":"","ast-site-content-layout":"","site-content-style":"default","site-sidebar-style":"default","ast-global-header-display":"","ast-banner-title-visibility":"","ast-main-header-display":"","ast-hfb-above-header-display":"","ast-hfb-below-header-display":"","ast-hfb-mobile-header-display":"","site-post-title":"","ast-breadcrumbs-content":"","ast-featured-img":"","footer-sml-layout":"","theme-transparent-header-meta":"","adv-header-id-meta":"","stick-header-meta":"","header-above-stick-meta":"","header-main-stick-meta":"","header-below-stick-meta":"","astra-migrate-meta-layouts":"default","ast-page-background-enabled":"default","ast-page-background-meta":{"desktop":{"background-color":"var(--ast-global-color-4)","background-image":"","background-repeat":"repeat","background-position":"center center","background-size":"auto","background-attachment":"scroll","background-type":"","background-media":"","overlay-type":"","overlay-color":"","overlay-gradient":""},"tablet":{"background-color":"","background-image":"","background-repeat":"repeat","background-position":"center center","background-size":"auto","background-attachment":"scroll","background-type":"","background-media":"","overlay-type":"","overlay-color":"","overlay-gradient":""},"mobile":{"background-color":"","background-image":"","background-repeat":"repeat","background-position":"center center","background-size":"auto","background-attachment":"scroll","background-type":"","background-media":"","overlay-type":"","overlay-color":"","overlay-gradient":""}},"ast-content-background-meta":{"desktop":{"background-color":"var(--ast-global-color-5)","background-image":"","background-repeat":"repeat","background-position":"center center","background-size":"auto","background-attachment":"scroll","background-type":"","background-media":"","overlay-type":"","overlay-color":"","overlay-gradient":""},"tablet":{"background-color":"var(--ast-global-color-5)","background-image":"","background-repeat":"repeat","background-position":"center center","background-size":"auto","background-attachment":"scroll","background-type":"","background-media":"","overlay-type":"","overlay-color":"","overlay-gradient":""},"mobile":{"background-color":"var(--ast-global-color-5)","background-image":"","background-repeat":"repeat","background-position":"center center","background-size":"auto","background-attachment":"scroll","background-type":"","background-media":"","overlay-type":"","overlay-color":"","overlay-gradient":""}},"footnotes":""},"categories":[1957,621,949,7419],"tags":[58959,48351,129304,129306,129305,19548],"class_list":["post-58515","post","type-post","status-publish","format-standard","hentry","category-alergias","category-botanica-general","category-extremadura","category-palinologia","tag-adolfo-francisco-munoz-rodriguez","tag-alfonsa-moreno-corchero","tag-francisca-maria-fernandes-mendoaa-de-carvalho","tag-inmaculada-silva-palacios","tag-ma-angeles-gonzalo-garijo","tag-rafael-tormo-molina"],"_links":{"self":[{"href":"https:\/\/www.deberes.net\/tesis\/wp-json\/wp\/v2\/posts\/58515","targetHints":{"allow":["GET"]}}],"collection":[{"href":"https:\/\/www.deberes.net\/tesis\/wp-json\/wp\/v2\/posts"}],"about":[{"href":"https:\/\/www.deberes.net\/tesis\/wp-json\/wp\/v2\/types\/post"}],"author":[{"embeddable":true,"href":"https:\/\/www.deberes.net\/tesis\/wp-json\/wp\/v2\/users\/1"}],"replies":[{"embeddable":true,"href":"https:\/\/www.deberes.net\/tesis\/wp-json\/wp\/v2\/comments?post=58515"}],"version-history":[{"count":0,"href":"https:\/\/www.deberes.net\/tesis\/wp-json\/wp\/v2\/posts\/58515\/revisions"}],"wp:attachment":[{"href":"https:\/\/www.deberes.net\/tesis\/wp-json\/wp\/v2\/media?parent=58515"}],"wp:term":[{"taxonomy":"category","embeddable":true,"href":"https:\/\/www.deberes.net\/tesis\/wp-json\/wp\/v2\/categories?post=58515"},{"taxonomy":"post_tag","embeddable":true,"href":"https:\/\/www.deberes.net\/tesis\/wp-json\/wp\/v2\/tags?post=58515"}],"curies":[{"name":"wp","href":"https:\/\/api.w.org\/{rel}","templated":true}]}}