{"id":58581,"date":"2018-03-09T22:46:23","date_gmt":"2018-03-09T22:46:23","guid":{"rendered":"https:\/\/www.deberes.net\/tesis\/sin-categoria\/espanol-e-italiano-coloquial-estudio-morfopragmatico\/"},"modified":"2018-03-09T22:46:23","modified_gmt":"2018-03-09T22:46:23","slug":"espanol-e-italiano-coloquial-estudio-morfopragmatico","status":"publish","type":"post","link":"https:\/\/www.deberes.net\/tesis\/sin-categoria\/espanol-e-italiano-coloquial-estudio-morfopragmatico\/","title":{"rendered":"Espa\u00f1ol e italiano coloquial: estudio morfopragm\u00e1tico"},"content":{"rendered":"<h2>Tesis doctoral de <strong> Rena Gafarova <\/strong><\/h2>\n<p>El trabajo se centra en el estudio del registro coloquial desde la perspectiva pragm\u00e1tica y en el an\u00e1lisis comparativo de los valores pragm\u00e1ticos desarrollados por morfemas nominales, derivativos y verbales de tiempo en espa\u00f1ol (peninsular y variedad mexicana) y en  italiano coloquial.     la tesis est\u00e1 organizada en dos partes:     la primera parte, el registro coloquial y su estudio en espa\u00f1a, m\u00e9xico e italia, est\u00e1 estructurada en tres cap\u00edtulos, dedicados respectivamente al estado dela cuesti\u00f3n, al estudio del registro coloquial en el panorama de las variedades internas y, por \u00faltimo, al an\u00e1lisis del registro coloquial como variedad funcional y la conservaci\u00f3n como su g\u00e9nero discursivo.     la segunda parte, optimizaci\u00f3n ling\u00ed\u00bc\u00edstica, fortalecimiento pragm\u00e1tico (an\u00e1lisis del corpus), est\u00e1 dedicada al desarrollo del marco te\u00f3rico sobre la optimizaci\u00f3n como tendencia general del desarrollo ling\u00ed\u00bc\u00edstico (cap\u00edtulo iv) sobre el que se asienta el estudio emp\u00edrico de los usos pragm\u00e1ticos de morfemas nominal (cap\u00edtulo v), derivativos (cap\u00edtulo vi) y de tiempo (cap\u00edtulo vii).<\/p>\n<p>&nbsp;<\/p>\n<h3>Datos acad\u00e9micos de la tesis doctoral \u00ab<strong>Espa\u00f1ol e italiano coloquial: estudio morfopragm\u00e1tico<\/strong>\u00ab<\/h3>\n<ul>\n<li><strong>T\u00edtulo de la tesis:<\/strong>\u00a0 Espa\u00f1ol e italiano coloquial: estudio morfopragm\u00e1tico <\/li>\n<li><strong>Autor:<\/strong>\u00a0 Rena Gafarova <\/li>\n<li><strong>Universidad:<\/strong>\u00a0 Complutense de Madrid<\/li>\n<li><strong>Fecha de lectura de la tesis:<\/strong>\u00a0 22\/05\/2007<\/li>\n<\/ul>\n<p>&nbsp;<\/p>\n<h3>Direcci\u00f3n y tribunal<\/h3>\n<ul>\n<li><strong>Director de la tesis<\/strong>\n<ul>\n<li> Vigara Tauste A . Mar\u00eda<\/li>\n<\/ul>\n<\/li>\n<li><strong>Tribunal<\/strong>\n<ul>\n<li>Presidente del tribunal: eugenia Popeanga chelaru <\/li>\n<li> G\u00f3mez s\u00e1nchez Mar\u00eda Elena (vocal)<\/li>\n<li>carmen Menj\u00eda ruiz (vocal)<\/li>\n<li> Monteor curiel Mar\u00eda Luisa (vocal)<\/li>\n<\/ul>\n<\/li>\n<\/ul>\n<p>&nbsp;<\/p>\n","protected":false},"excerpt":{"rendered":"<p>Tesis doctoral de Rena Gafarova El trabajo se centra en el estudio del registro coloquial desde la perspectiva pragm\u00e1tica y [&hellip;]<\/p>\n","protected":false},"author":1,"featured_media":0,"comment_status":"open","ping_status":"open","sticky":false,"template":"","format":"standard","meta":{"site-sidebar-layout":"default","site-content-layout":"","ast-site-content-layout":"","site-content-style":"default","site-sidebar-style":"default","ast-global-header-display":"","ast-banner-title-visibility":"","ast-main-header-display":"","ast-hfb-above-header-display":"","ast-hfb-below-header-display":"","ast-hfb-mobile-header-display":"","site-post-title":"","ast-breadcrumbs-content":"","ast-featured-img":"","footer-sml-layout":"","theme-transparent-header-meta":"","adv-header-id-meta":"","stick-header-meta":"","header-above-stick-meta":"","header-main-stick-meta":"","header-below-stick-meta":"","astra-migrate-meta-layouts":"default","ast-page-background-enabled":"default","ast-page-background-meta":{"desktop":{"background-color":"var(--ast-global-color-4)","background-image":"","background-repeat":"repeat","background-position":"center center","background-size":"auto","background-attachment":"scroll","background-type":"","background-media":"","overlay-type":"","overlay-color":"","overlay-gradient":""},"tablet":{"background-color":"","background-image":"","background-repeat":"repeat","background-position":"center center","background-size":"auto","background-attachment":"scroll","background-type":"","background-media":"","overlay-type":"","overlay-color":"","overlay-gradient":""},"mobile":{"background-color":"","background-image":"","background-repeat":"repeat","background-position":"center center","background-size":"auto","background-attachment":"scroll","background-type":"","background-media":"","overlay-type":"","overlay-color":"","overlay-gradient":""}},"ast-content-background-meta":{"desktop":{"background-color":"var(--ast-global-color-5)","background-image":"","background-repeat":"repeat","background-position":"center center","background-size":"auto","background-attachment":"scroll","background-type":"","background-media":"","overlay-type":"","overlay-color":"","overlay-gradient":""},"tablet":{"background-color":"var(--ast-global-color-5)","background-image":"","background-repeat":"repeat","background-position":"center center","background-size":"auto","background-attachment":"scroll","background-type":"","background-media":"","overlay-type":"","overlay-color":"","overlay-gradient":""},"mobile":{"background-color":"var(--ast-global-color-5)","background-image":"","background-repeat":"repeat","background-position":"center center","background-size":"auto","background-attachment":"scroll","background-type":"","background-media":"","overlay-type":"","overlay-color":"","overlay-gradient":""}},"footnotes":""},"categories":[1],"tags":[129460,6247,129459,129461,129457,129458],"class_list":["post-58581","post","type-post","status-publish","format-standard","hentry","category-sin-categoria","tag-carmen-menjia-ruiz","tag-eugenia-popeanga-chelaru","tag-gomez-sanchez-maria-elena","tag-monteor-curiel-maria-luisa","tag-rena-gafarova","tag-vigara-tauste-a-maria"],"_links":{"self":[{"href":"https:\/\/www.deberes.net\/tesis\/wp-json\/wp\/v2\/posts\/58581","targetHints":{"allow":["GET"]}}],"collection":[{"href":"https:\/\/www.deberes.net\/tesis\/wp-json\/wp\/v2\/posts"}],"about":[{"href":"https:\/\/www.deberes.net\/tesis\/wp-json\/wp\/v2\/types\/post"}],"author":[{"embeddable":true,"href":"https:\/\/www.deberes.net\/tesis\/wp-json\/wp\/v2\/users\/1"}],"replies":[{"embeddable":true,"href":"https:\/\/www.deberes.net\/tesis\/wp-json\/wp\/v2\/comments?post=58581"}],"version-history":[{"count":0,"href":"https:\/\/www.deberes.net\/tesis\/wp-json\/wp\/v2\/posts\/58581\/revisions"}],"wp:attachment":[{"href":"https:\/\/www.deberes.net\/tesis\/wp-json\/wp\/v2\/media?parent=58581"}],"wp:term":[{"taxonomy":"category","embeddable":true,"href":"https:\/\/www.deberes.net\/tesis\/wp-json\/wp\/v2\/categories?post=58581"},{"taxonomy":"post_tag","embeddable":true,"href":"https:\/\/www.deberes.net\/tesis\/wp-json\/wp\/v2\/tags?post=58581"}],"curies":[{"name":"wp","href":"https:\/\/api.w.org\/{rel}","templated":true}]}}