{"id":58592,"date":"2018-03-09T22:46:27","date_gmt":"2018-03-09T22:46:27","guid":{"rendered":"https:\/\/www.deberes.net\/tesis\/sin-categoria\/relacion-de-la-practica-de-actividad-fa%c2%adsica-con-el-perfil-lipa%c2%addico-la-oxidacion-lipa%c2%addica-y-la-aparicion-de-fibrilacion-auricular-aislada\/"},"modified":"2018-03-09T22:46:27","modified_gmt":"2018-03-09T22:46:27","slug":"relacion-de-la-practica-de-actividad-fa%c2%adsica-con-el-perfil-lipa%c2%addico-la-oxidacion-lipa%c2%addica-y-la-aparicion-de-fibrilacion-auricular-aislada","status":"publish","type":"post","link":"https:\/\/www.deberes.net\/tesis\/ciencias-medicas\/relacion-de-la-practica-de-actividad-fa%c2%adsica-con-el-perfil-lipa%c2%addico-la-oxidacion-lipa%c2%addica-y-la-aparicion-de-fibrilacion-auricular-aislada\/","title":{"rendered":"Relaci\u00f3n de la pr\u00e1ctica de actividad f\u00edsica con el perfil lip\u00eddico, la oxidaci\u00f3n lip\u00eddica y la aparici\u00f3n de fibrilaci\u00f3n auricular aislada"},"content":{"rendered":"<h2>Tesis doctoral de <strong> Andreu Arquer Porcell <\/strong><\/h2>\n<p>Los objetivos de la tesis han sido determinar la relaci\u00f3n entre la cantidad e intensidad de actividad f\u00edsica y los l\u00edpidos plasm\u00e1ticos en mujeres en edad f\u00e9rtil, valorando si existe un umbral de actividad f\u00edsica por debajo del cual sus efectos beneficiosos sobre los l\u00edpidos no se contrarrestan por un descenso de la producci\u00f3n de estr\u00f3genos secundaria a la propia af. Otros objetivos han sido valorar el efecto del entrenamiento aer\u00f3bico sobre la actividad de los enzimas antioxidantes, la concentraci\u00f3n de ldl oxidada y la resistencia a la oxidaci\u00f3n de la ldl en sujetos sanos j\u00f3venes as\u00ed como valorar el efecto de la af intensa aguda sobre la actividad de los enzimas antioxidantes. Finalmente hemos buscado la relaci\u00f3n entre horas de pr\u00e1ctica deportiva y aparici\u00f3n de fibrilaci\u00f3n auricular aislada en varones.<\/p>\n<p>&nbsp;<\/p>\n<h3>Datos acad\u00e9micos de la tesis doctoral \u00ab<strong>Relaci\u00f3n de la pr\u00e1ctica de actividad f\u00edsica con el perfil lip\u00eddico, la oxidaci\u00f3n lip\u00eddica y la aparici\u00f3n de fibrilaci\u00f3n auricular aislada<\/strong>\u00ab<\/h3>\n<ul>\n<li><strong>T\u00edtulo de la tesis:<\/strong>\u00a0 Relaci\u00f3n de la pr\u00e1ctica de actividad f\u00edsica con el perfil lip\u00eddico, la oxidaci\u00f3n lip\u00eddica y la aparici\u00f3n de fibrilaci\u00f3n auricular aislada <\/li>\n<li><strong>Autor:<\/strong>\u00a0 Andreu Arquer Porcell <\/li>\n<li><strong>Universidad:<\/strong>\u00a0 Aut\u00f3noma de barcelona<\/li>\n<li><strong>Fecha de lectura de la tesis:<\/strong>\u00a0 23\/05\/2007<\/li>\n<\/ul>\n<p>&nbsp;<\/p>\n<h3>Direcci\u00f3n y tribunal<\/h3>\n<ul>\n<li><strong>Director de la tesis<\/strong>\n<ul>\n<li>Jaume Marrugat De La Iglesia<\/li>\n<\/ul>\n<\/li>\n<li><strong>Tribunal<\/strong>\n<ul>\n<li>Presidente del tribunal: miquel Porta serra <\/li>\n<li>franchek Drobnic mart\u00ednez (vocal)<\/li>\n<li>ram\u00f3n Segura cardona (vocal)<\/li>\n<li>merc\u00e9 Cladellas capdevila (vocal)<\/li>\n<\/ul>\n<\/li>\n<\/ul>\n<p>&nbsp;<\/p>\n","protected":false},"excerpt":{"rendered":"<p>Tesis doctoral de Andreu Arquer Porcell Los objetivos de la tesis han sido determinar la relaci\u00f3n entre la cantidad e [&hellip;]<\/p>\n","protected":false},"author":1,"featured_media":0,"comment_status":"open","ping_status":"open","sticky":false,"template":"","format":"standard","meta":{"site-sidebar-layout":"default","site-content-layout":"","ast-site-content-layout":"","site-content-style":"default","site-sidebar-style":"default","ast-global-header-display":"","ast-banner-title-visibility":"","ast-main-header-display":"","ast-hfb-above-header-display":"","ast-hfb-below-header-display":"","ast-hfb-mobile-header-display":"","site-post-title":"","ast-breadcrumbs-content":"","ast-featured-img":"","footer-sml-layout":"","theme-transparent-header-meta":"","adv-header-id-meta":"","stick-header-meta":"","header-above-stick-meta":"","header-main-stick-meta":"","header-below-stick-meta":"","astra-migrate-meta-layouts":"default","ast-page-background-enabled":"default","ast-page-background-meta":{"desktop":{"background-color":"var(--ast-global-color-4)","background-image":"","background-repeat":"repeat","background-position":"center center","background-size":"auto","background-attachment":"scroll","background-type":"","background-media":"","overlay-type":"","overlay-color":"","overlay-gradient":""},"tablet":{"background-color":"","background-image":"","background-repeat":"repeat","background-position":"center center","background-size":"auto","background-attachment":"scroll","background-type":"","background-media":"","overlay-type":"","overlay-color":"","overlay-gradient":""},"mobile":{"background-color":"","background-image":"","background-repeat":"repeat","background-position":"center center","background-size":"auto","background-attachment":"scroll","background-type":"","background-media":"","overlay-type":"","overlay-color":"","overlay-gradient":""}},"ast-content-background-meta":{"desktop":{"background-color":"var(--ast-global-color-5)","background-image":"","background-repeat":"repeat","background-position":"center center","background-size":"auto","background-attachment":"scroll","background-type":"","background-media":"","overlay-type":"","overlay-color":"","overlay-gradient":""},"tablet":{"background-color":"var(--ast-global-color-5)","background-image":"","background-repeat":"repeat","background-position":"center center","background-size":"auto","background-attachment":"scroll","background-type":"","background-media":"","overlay-type":"","overlay-color":"","overlay-gradient":""},"mobile":{"background-color":"var(--ast-global-color-5)","background-image":"","background-repeat":"repeat","background-position":"center center","background-size":"auto","background-attachment":"scroll","background-type":"","background-media":"","overlay-type":"","overlay-color":"","overlay-gradient":""}},"footnotes":""},"categories":[9,967],"tags":[129482,37103,39053,69562,29202,20257],"class_list":["post-58592","post","type-post","status-publish","format-standard","hentry","category-ciencias-medicas","category-salud-publica","tag-andreu-arquer-porcell","tag-franchek-drobnic-Martinez","tag-jaume-marrugat-de-la-iglesia","tag-merce-cladellas-capdevila","tag-miquel-porta-serra","tag-ramon-segura-cardona"],"_links":{"self":[{"href":"https:\/\/www.deberes.net\/tesis\/wp-json\/wp\/v2\/posts\/58592","targetHints":{"allow":["GET"]}}],"collection":[{"href":"https:\/\/www.deberes.net\/tesis\/wp-json\/wp\/v2\/posts"}],"about":[{"href":"https:\/\/www.deberes.net\/tesis\/wp-json\/wp\/v2\/types\/post"}],"author":[{"embeddable":true,"href":"https:\/\/www.deberes.net\/tesis\/wp-json\/wp\/v2\/users\/1"}],"replies":[{"embeddable":true,"href":"https:\/\/www.deberes.net\/tesis\/wp-json\/wp\/v2\/comments?post=58592"}],"version-history":[{"count":0,"href":"https:\/\/www.deberes.net\/tesis\/wp-json\/wp\/v2\/posts\/58592\/revisions"}],"wp:attachment":[{"href":"https:\/\/www.deberes.net\/tesis\/wp-json\/wp\/v2\/media?parent=58592"}],"wp:term":[{"taxonomy":"category","embeddable":true,"href":"https:\/\/www.deberes.net\/tesis\/wp-json\/wp\/v2\/categories?post=58592"},{"taxonomy":"post_tag","embeddable":true,"href":"https:\/\/www.deberes.net\/tesis\/wp-json\/wp\/v2\/tags?post=58592"}],"curies":[{"name":"wp","href":"https:\/\/api.w.org\/{rel}","templated":true}]}}