{"id":58637,"date":"2018-03-09T22:46:27","date_gmt":"2018-03-09T22:46:27","guid":{"rendered":"https:\/\/www.deberes.net\/tesis\/sin-categoria\/educacion-y-conflicto-en-escuelas-interculturales\/"},"modified":"2018-03-09T22:46:27","modified_gmt":"2018-03-09T22:46:27","slug":"educacion-y-conflicto-en-escuelas-interculturales","status":"publish","type":"post","link":"https:\/\/www.deberes.net\/tesis\/preparacion-de-profesores\/educacion-y-conflicto-en-escuelas-interculturales\/","title":{"rendered":"Educaci\u00f3n y conflicto en escuelas interculturales"},"content":{"rendered":"<h2>Tesis doctoral de <strong> Juan  Jos\u00e9 Leiva Olivencia <\/strong><\/h2>\n<p>La tesis doctoral trata de indagar en el pensamiento pedag\u00f3gico de los docentes sobre el conflicto intercultural, analizando sus actitudes ante la interculturalidad para comprender las estrategias de gesti\u00f3n y regulaci\u00f3n de conflictos que desarrollan en sus centros educativos. El presente trabajo se plantea a grandes rasgos, una aproximaci\u00f3n te\u00f3rica al focok de la investigaci\u00f3n a modo de necesaria fundamentaci\u00f3n te\u00f3rica, la explicaci\u00f3n de la metodolog\u00eda de la investigaci\u00f3n empleada, los resultados de la investigaci\u00f3n y las conclusiones, reflexiones y aportaciones para el debate y la mejora educativa. As\u00ed pues, para realizar el presente estudio cuantitativo, hemos utilizado una muestra total de 41 docentes de educaci\u00f3n infantil y primaria, entre los cuales hay 31 profesoras y 10 profesores. todos ellos pertenecen a centros educativos p\u00fablicos de la ciudad de m\u00e1laga en los que se desarrollan proyectos educativos de educaci\u00f3n intercultural. estos centros se han acogido al plan de andaluz de atenci\u00f3n al alumnado inmigrante de la consejer\u00eda de educaci\u00f3n de la junta de andaluc\u00eda mediante la presentaci\u00f3n y desarrollo de proyectos de innovaci\u00f3n educativas espec\u00edficas. As\u00ed mismo, tambi\u00e9n se han realizado cuatro estudios de casos que conforman lo que ser\u00eda la dimensi\u00f3n cualitativa de la tesis doctoral.  hemos estudiado el pensamiento pedag\u00f3gico sobre el conflicto escolar de cuatro docentes que pertenec\u00edan a distintos centros educativos de educaci\u00f3n infantil y primaria, y que realizaban distintas funciones docentes u ocupaban diferentes puestos o responsabilidades educativas.<\/p>\n<p>&nbsp;<\/p>\n<h3>Datos acad\u00e9micos de la tesis doctoral \u00ab<strong>Educaci\u00f3n y conflicto en escuelas interculturales<\/strong>\u00ab<\/h3>\n<ul>\n<li><strong>T\u00edtulo de la tesis:<\/strong>\u00a0 Educaci\u00f3n y conflicto en escuelas interculturales <\/li>\n<li><strong>Autor:<\/strong>\u00a0 Juan  Jos\u00e9 Leiva Olivencia <\/li>\n<li><strong>Universidad:<\/strong>\u00a0 M\u00e1laga<\/li>\n<li><strong>Fecha de lectura de la tesis:<\/strong>\u00a0 25\/05\/2007<\/li>\n<\/ul>\n<p>&nbsp;<\/p>\n<h3>Direcci\u00f3n y tribunal<\/h3>\n<ul>\n<li><strong>Director de la tesis<\/strong>\n<ul>\n<li>Jos\u00e9 Manuel Esteve Zaragoza<\/li>\n<\/ul>\n<\/li>\n<li><strong>Tribunal<\/strong>\n<ul>\n<li>Presidente del tribunal: joaquin Garcia carrasco <\/li>\n<li>miquel Mart\u00ednez mart\u00edn (vocal)<\/li>\n<li>Luis N\u00fa\u00f1ez cubero (vocal)<\/li>\n<li>julio Vera vila (vocal)<\/li>\n<\/ul>\n<\/li>\n<\/ul>\n<p>&nbsp;<\/p>\n","protected":false},"excerpt":{"rendered":"<p>Tesis doctoral de Juan Jos\u00e9 Leiva Olivencia La tesis doctoral trata de indagar en el pensamiento pedag\u00f3gico de los docentes [&hellip;]<\/p>\n","protected":false},"author":1,"featured_media":0,"comment_status":"open","ping_status":"open","sticky":false,"template":"","format":"standard","meta":{"site-sidebar-layout":"default","site-content-layout":"","ast-site-content-layout":"","site-content-style":"default","site-sidebar-style":"default","ast-global-header-display":"","ast-banner-title-visibility":"","ast-main-header-display":"","ast-hfb-above-header-display":"","ast-hfb-below-header-display":"","ast-hfb-mobile-header-display":"","site-post-title":"","ast-breadcrumbs-content":"","ast-featured-img":"","footer-sml-layout":"","theme-transparent-header-meta":"","adv-header-id-meta":"","stick-header-meta":"","header-above-stick-meta":"","header-main-stick-meta":"","header-below-stick-meta":"","astra-migrate-meta-layouts":"default","ast-page-background-enabled":"default","ast-page-background-meta":{"desktop":{"background-color":"var(--ast-global-color-4)","background-image":"","background-repeat":"repeat","background-position":"center center","background-size":"auto","background-attachment":"scroll","background-type":"","background-media":"","overlay-type":"","overlay-color":"","overlay-gradient":""},"tablet":{"background-color":"","background-image":"","background-repeat":"repeat","background-position":"center center","background-size":"auto","background-attachment":"scroll","background-type":"","background-media":"","overlay-type":"","overlay-color":"","overlay-gradient":""},"mobile":{"background-color":"","background-image":"","background-repeat":"repeat","background-position":"center center","background-size":"auto","background-attachment":"scroll","background-type":"","background-media":"","overlay-type":"","overlay-color":"","overlay-gradient":""}},"ast-content-background-meta":{"desktop":{"background-color":"var(--ast-global-color-5)","background-image":"","background-repeat":"repeat","background-position":"center center","background-size":"auto","background-attachment":"scroll","background-type":"","background-media":"","overlay-type":"","overlay-color":"","overlay-gradient":""},"tablet":{"background-color":"var(--ast-global-color-5)","background-image":"","background-repeat":"repeat","background-position":"center center","background-size":"auto","background-attachment":"scroll","background-type":"","background-media":"","overlay-type":"","overlay-color":"","overlay-gradient":""},"mobile":{"background-color":"var(--ast-global-color-5)","background-image":"","background-repeat":"repeat","background-position":"center center","background-size":"auto","background-attachment":"scroll","background-type":"","background-media":"","overlay-type":"","overlay-color":"","overlay-gradient":""}},"footnotes":""},"categories":[7834,1288,11958],"tags":[9442,25720,129584,70713,11066,9443],"class_list":["post-58637","post","type-post","status-publish","format-standard","hentry","category-malaga","category-preparacion-de-profesores","category-teorias-educativas","tag-joaquin-garcia-carrasco","tag-jose-manuel-esteve-zaragoza","tag-juan-jose-leiva-olivencia","tag-julio-vera-vila","tag-luis-nunez-cubero","tag-miquel-Martinez-martin"],"_links":{"self":[{"href":"https:\/\/www.deberes.net\/tesis\/wp-json\/wp\/v2\/posts\/58637","targetHints":{"allow":["GET"]}}],"collection":[{"href":"https:\/\/www.deberes.net\/tesis\/wp-json\/wp\/v2\/posts"}],"about":[{"href":"https:\/\/www.deberes.net\/tesis\/wp-json\/wp\/v2\/types\/post"}],"author":[{"embeddable":true,"href":"https:\/\/www.deberes.net\/tesis\/wp-json\/wp\/v2\/users\/1"}],"replies":[{"embeddable":true,"href":"https:\/\/www.deberes.net\/tesis\/wp-json\/wp\/v2\/comments?post=58637"}],"version-history":[{"count":0,"href":"https:\/\/www.deberes.net\/tesis\/wp-json\/wp\/v2\/posts\/58637\/revisions"}],"wp:attachment":[{"href":"https:\/\/www.deberes.net\/tesis\/wp-json\/wp\/v2\/media?parent=58637"}],"wp:term":[{"taxonomy":"category","embeddable":true,"href":"https:\/\/www.deberes.net\/tesis\/wp-json\/wp\/v2\/categories?post=58637"},{"taxonomy":"post_tag","embeddable":true,"href":"https:\/\/www.deberes.net\/tesis\/wp-json\/wp\/v2\/tags?post=58637"}],"curies":[{"name":"wp","href":"https:\/\/api.w.org\/{rel}","templated":true}]}}