{"id":58656,"date":"2018-03-09T22:46:31","date_gmt":"2018-03-09T22:46:31","guid":{"rendered":"https:\/\/www.deberes.net\/tesis\/sin-categoria\/agricultura-y-gestion-de-los-recursos-vegetales-en-el-sureste-de-la-pena%c2%adnsula-iberica-durante-la-prehistoria-reciente\/"},"modified":"2018-03-09T22:46:31","modified_gmt":"2018-03-09T22:46:31","slug":"agricultura-y-gestion-de-los-recursos-vegetales-en-el-sureste-de-la-pena%c2%adnsula-iberica-durante-la-prehistoria-reciente","status":"publish","type":"post","link":"https:\/\/www.deberes.net\/tesis\/historia\/agricultura-y-gestion-de-los-recursos-vegetales-en-el-sureste-de-la-pena%c2%adnsula-iberica-durante-la-prehistoria-reciente\/","title":{"rendered":"Agricultura y gesti\u00f3n de los recursos vegetales en el sureste de la pen\u00ednsula ib\u00e9rica durante la prehistoria reciente"},"content":{"rendered":"<h2>Tesis doctoral de <strong> N\u00faria Rovira Buend\u00eda <\/strong><\/h2>\n<p>Los principales temas de investigaci\u00f3n abordados en este trabajo se refieren a la gesti\u00f3n de los recursos vegetales por parte de las comunidades del sureste de la pen\u00ednsula ib\u00e9rica, desde finales del neol\u00edtico antiguo hasta el bronce final, a trav\u00e9s del estudio in\u00e9dito de los restos de semillas y frutos arqueol\u00f3gicos documentados en los castillejos (montefr\u00edo, granada), las pilas\/huerta seca (moj\u00e1car, almer\u00eda), castell\u00f3n alto (galera, granada) y san miguel bajo\/calle concepci\u00f3n (guadix, granada). la agricultura es la principal pr\u00e1ctica econ\u00f3mica documentada durante toda la secuencia estudiada, mientras que la recolecci\u00f3n parece ser complementaria. Las principales especies cultivadas pertenecen al grupo de los cereales (cebada desnuda y vestida, trigo com\u00fan\/duro, esca\u00f1a, escanda menor y mijo), de las leguminosas (habas, guisantes y arvejas) y de las oleaginosas (lino y probablemente adormidera). El cultivo de frutos (higos y quiz\u00e1s acebuchinas) ha sido planteado a partir de inicios del calcol\u00edtico en algunas \u00e1reas geogr\u00e1ficas.<\/p>\n<p>&nbsp;<\/p>\n<h3>Datos acad\u00e9micos de la tesis doctoral \u00ab<strong>Agricultura y gesti\u00f3n de los recursos vegetales en el sureste de la pen\u00ednsula ib\u00e9rica durante la prehistoria reciente<\/strong>\u00ab<\/h3>\n<ul>\n<li><strong>T\u00edtulo de la tesis:<\/strong>\u00a0 Agricultura y gesti\u00f3n de los recursos vegetales en el sureste de la pen\u00ednsula ib\u00e9rica durante la prehistoria reciente <\/li>\n<li><strong>Autor:<\/strong>\u00a0 N\u00faria Rovira Buend\u00eda <\/li>\n<li><strong>Universidad:<\/strong>\u00a0 Pompeu fabra<\/li>\n<li><strong>Fecha de lectura de la tesis:<\/strong>\u00a0 25\/05\/2007<\/li>\n<\/ul>\n<p>&nbsp;<\/p>\n<h3>Direcci\u00f3n y tribunal<\/h3>\n<ul>\n<li><strong>Director de la tesis<\/strong>\n<ul>\n<li>Ramon Bux\u00f3 Capdevila<\/li>\n<\/ul>\n<\/li>\n<li><strong>Tribunal<\/strong>\n<ul>\n<li>Presidente del tribunal: dimas Mart\u00edn socas <\/li>\n<li>j\u00e9an-frederic Terral (vocal)<\/li>\n<li>miquel Molist monta\u00f1a (vocal)<\/li>\n<li>diego Rivera n\u00fa\u00f1ez (vocal)<\/li>\n<\/ul>\n<\/li>\n<\/ul>\n<p>&nbsp;<\/p>\n","protected":false},"excerpt":{"rendered":"<p>Tesis doctoral de N\u00faria Rovira Buend\u00eda Los principales temas de investigaci\u00f3n abordados en este trabajo se refieren a la gesti\u00f3n [&hellip;]<\/p>\n","protected":false},"author":1,"featured_media":0,"comment_status":"open","ping_status":"open","sticky":false,"template":"","format":"standard","meta":{"site-sidebar-layout":"default","site-content-layout":"","ast-site-content-layout":"","site-content-style":"default","site-sidebar-style":"default","ast-global-header-display":"","ast-banner-title-visibility":"","ast-main-header-display":"","ast-hfb-above-header-display":"","ast-hfb-below-header-display":"","ast-hfb-mobile-header-display":"","site-post-title":"","ast-breadcrumbs-content":"","ast-featured-img":"","footer-sml-layout":"","theme-transparent-header-meta":"","adv-header-id-meta":"","stick-header-meta":"","header-above-stick-meta":"","header-main-stick-meta":"","header-below-stick-meta":"","astra-migrate-meta-layouts":"default","ast-page-background-enabled":"default","ast-page-background-meta":{"desktop":{"background-color":"var(--ast-global-color-4)","background-image":"","background-repeat":"repeat","background-position":"center center","background-size":"auto","background-attachment":"scroll","background-type":"","background-media":"","overlay-type":"","overlay-color":"","overlay-gradient":""},"tablet":{"background-color":"","background-image":"","background-repeat":"repeat","background-position":"center center","background-size":"auto","background-attachment":"scroll","background-type":"","background-media":"","overlay-type":"","overlay-color":"","overlay-gradient":""},"mobile":{"background-color":"","background-image":"","background-repeat":"repeat","background-position":"center center","background-size":"auto","background-attachment":"scroll","background-type":"","background-media":"","overlay-type":"","overlay-color":"","overlay-gradient":""}},"ast-content-background-meta":{"desktop":{"background-color":"var(--ast-global-color-5)","background-image":"","background-repeat":"repeat","background-position":"center center","background-size":"auto","background-attachment":"scroll","background-type":"","background-media":"","overlay-type":"","overlay-color":"","overlay-gradient":""},"tablet":{"background-color":"var(--ast-global-color-5)","background-image":"","background-repeat":"repeat","background-position":"center center","background-size":"auto","background-attachment":"scroll","background-type":"","background-media":"","overlay-type":"","overlay-color":"","overlay-gradient":""},"mobile":{"background-color":"var(--ast-global-color-5)","background-image":"","background-repeat":"repeat","background-position":"center center","background-size":"auto","background-attachment":"scroll","background-type":"","background-media":"","overlay-type":"","overlay-color":"","overlay-gradient":""}},"footnotes":""},"categories":[1623,1624,104,18712,2635],"tags":[14680,24793,129629,80494,129627,129628],"class_list":["post-58656","post","type-post","status-publish","format-standard","hentry","category-arqueologia","category-ciencias-auxiliares-de-la-historia","category-historia","category-pompeu-fabra","category-prehistoria","tag-diego-rivera-nunez","tag-dimas-martin-socas","tag-jean-frederic-terral","tag-miquel-molist-montana","tag-nuria-rovira-buendia","tag-ramon-buxo-capdevila"],"_links":{"self":[{"href":"https:\/\/www.deberes.net\/tesis\/wp-json\/wp\/v2\/posts\/58656","targetHints":{"allow":["GET"]}}],"collection":[{"href":"https:\/\/www.deberes.net\/tesis\/wp-json\/wp\/v2\/posts"}],"about":[{"href":"https:\/\/www.deberes.net\/tesis\/wp-json\/wp\/v2\/types\/post"}],"author":[{"embeddable":true,"href":"https:\/\/www.deberes.net\/tesis\/wp-json\/wp\/v2\/users\/1"}],"replies":[{"embeddable":true,"href":"https:\/\/www.deberes.net\/tesis\/wp-json\/wp\/v2\/comments?post=58656"}],"version-history":[{"count":0,"href":"https:\/\/www.deberes.net\/tesis\/wp-json\/wp\/v2\/posts\/58656\/revisions"}],"wp:attachment":[{"href":"https:\/\/www.deberes.net\/tesis\/wp-json\/wp\/v2\/media?parent=58656"}],"wp:term":[{"taxonomy":"category","embeddable":true,"href":"https:\/\/www.deberes.net\/tesis\/wp-json\/wp\/v2\/categories?post=58656"},{"taxonomy":"post_tag","embeddable":true,"href":"https:\/\/www.deberes.net\/tesis\/wp-json\/wp\/v2\/tags?post=58656"}],"curies":[{"name":"wp","href":"https:\/\/api.w.org\/{rel}","templated":true}]}}