{"id":58680,"date":"2018-03-09T22:46:31","date_gmt":"2018-03-09T22:46:31","guid":{"rendered":"https:\/\/www.deberes.net\/tesis\/sin-categoria\/deporte-pola%c2%adtica-y-sociedad-en-vizcaya-aficion-y-espectaculos-en-la-segunda-republica-y-en-la-guerra-civil\/"},"modified":"2018-03-09T22:46:31","modified_gmt":"2018-03-09T22:46:31","slug":"deporte-pola%c2%adtica-y-sociedad-en-vizcaya-aficion-y-espectaculos-en-la-segunda-republica-y-en-la-guerra-civil","status":"publish","type":"post","link":"https:\/\/www.deberes.net\/tesis\/historia-regional\/deporte-pola%c2%adtica-y-sociedad-en-vizcaya-aficion-y-espectaculos-en-la-segunda-republica-y-en-la-guerra-civil\/","title":{"rendered":"Deporte, pol\u00edtica y sociedad en vizcaya: afici\u00f3n y espect\u00e1culos en la segunda rep\u00fablica y en la guerra civil"},"content":{"rendered":"<h2>Tesis doctoral de <strong> Fernando Estomba Echepare <\/strong><\/h2>\n<p>En la d\u00e9cada de 1930, la sociedad de masas, cuya implantaci\u00f3n en espa\u00f1a puede considerarse que se hab\u00eda iniciado a finales del siglo xix, lleg\u00f3 a su punto culminante. La proclamaci\u00f3n de la segunda rep\u00fablica provoc\u00f3 cambios profundos en la sociedad de la \u00e9poca a todos los niveles. En el pa\u00eds vasco y m\u00e1s concretamente en vizcaya tuvo tambi\u00e9n una importancia destacable a nivel social y pol\u00edtico.     entre estas nuevas tendencias destaca el desarrollo del fen\u00f3meno deportivo, que si bien hab\u00eda iniciado desde los a\u00f1os veinte un claro ascenso, en cuanto a nivel de participaci\u00f3n, fue en lo a\u00f1os treinta donde cristaliz\u00f3 como fen\u00f3meno social. En vizcaya, por su contexto cultural y pol\u00edtico, tambi\u00e9n el deporte tuvo una repercusi\u00f3n m\u00e1s significativa que en el resto  de provincias vascas, hasta que la guerra civil hizo acto de presencia. Las clases m\u00e1s acomodadas practicaban un tipo de deportes diferentes al resto de clases sociales, es decir, el deporte fue un reflejo de la sociedad en la que viv\u00edan los vizca\u00ednos de esa \u00e9poca.  resulta evidente que las posibilidades de practicar un deporte u otro estaban directamente relacionados con el nivel de renta que pose\u00edan los ciudadanos. Pero no s\u00f3lo en su faceta social el desarrollo deportivo fue importante, tambi\u00e9n su desarrollo y animaci\u00f3n convirti\u00f3 a esta faceta cotidiana en una clara herramienta de opini\u00f3n pol\u00edtica como queda demostrado en el equipo euskadi en el que una mezcal de afici\u00f3n deportiva con un claro sentimiento nacional hicieron de este equipo uno de los mejores canales de propaganda vasca por europa y am\u00e9rica durante la guerra.     la situaci\u00f3n deportiva de vizcaya, en relaci\u00f3n con la sociedad y la pol\u00edtica, puede compararse a las regiones del sur de inglaterra, sobre todo en lo referente a las connotaciones que el t\u00e9rmino sociedad de masas conlleva. En este marco cultural, es f\u00e1cil encontrar una paralelismo entre el deporte ingles y el vizca\u00edno, puesto que, como es sabi<\/p>\n<p>&nbsp;<\/p>\n<h3>Datos acad\u00e9micos de la tesis doctoral \u00ab<strong>Deporte, pol\u00edtica y sociedad en vizcaya: afici\u00f3n y espect\u00e1culos en la segunda rep\u00fablica y en la guerra civil<\/strong>\u00ab<\/h3>\n<ul>\n<li><strong>T\u00edtulo de la tesis:<\/strong>\u00a0 Deporte, pol\u00edtica y sociedad en vizcaya: afici\u00f3n y espect\u00e1culos en la segunda rep\u00fablica y en la guerra civil <\/li>\n<li><strong>Autor:<\/strong>\u00a0 Fernando Estomba Echepare <\/li>\n<li><strong>Universidad:<\/strong>\u00a0 Pa\u00eds vasco\/euskal herriko unibertsitatea<\/li>\n<li><strong>Fecha de lectura de la tesis:<\/strong>\u00a0 28\/05\/2007<\/li>\n<\/ul>\n<p>&nbsp;<\/p>\n<h3>Direcci\u00f3n y tribunal<\/h3>\n<ul>\n<li><strong>Director de la tesis<\/strong>\n<ul>\n<li>Santiago De Pablo Contreras<\/li>\n<\/ul>\n<\/li>\n<li><strong>Tribunal<\/strong>\n<ul>\n<li>Presidente del tribunal: Jos\u00e9 Luis De la granja sainz <\/li>\n<li>Javier Diaz noci (vocal)<\/li>\n<li>w. Walton john (vocal)<\/li>\n<li>Francisco Javier Caspistegui gorasurreta (vocal)<\/li>\n<\/ul>\n<\/li>\n<\/ul>\n<p>&nbsp;<\/p>\n","protected":false},"excerpt":{"rendered":"<p>Tesis doctoral de Fernando Estomba Echepare En la d\u00e9cada de 1930, la sociedad de masas, cuya implantaci\u00f3n en espa\u00f1a puede [&hellip;]<\/p>\n","protected":false},"author":1,"featured_media":0,"comment_status":"open","ping_status":"open","sticky":false,"template":"","format":"standard","meta":{"site-sidebar-layout":"default","site-content-layout":"","ast-site-content-layout":"","site-content-style":"default","site-sidebar-style":"default","ast-global-header-display":"","ast-banner-title-visibility":"","ast-main-header-display":"","ast-hfb-above-header-display":"","ast-hfb-below-header-display":"","ast-hfb-mobile-header-display":"","site-post-title":"","ast-breadcrumbs-content":"","ast-featured-img":"","footer-sml-layout":"","theme-transparent-header-meta":"","adv-header-id-meta":"","stick-header-meta":"","header-above-stick-meta":"","header-main-stick-meta":"","header-below-stick-meta":"","astra-migrate-meta-layouts":"default","ast-page-background-enabled":"default","ast-page-background-meta":{"desktop":{"background-color":"var(--ast-global-color-4)","background-image":"","background-repeat":"repeat","background-position":"center center","background-size":"auto","background-attachment":"scroll","background-type":"","background-media":"","overlay-type":"","overlay-color":"","overlay-gradient":""},"tablet":{"background-color":"","background-image":"","background-repeat":"repeat","background-position":"center center","background-size":"auto","background-attachment":"scroll","background-type":"","background-media":"","overlay-type":"","overlay-color":"","overlay-gradient":""},"mobile":{"background-color":"","background-image":"","background-repeat":"repeat","background-position":"center center","background-size":"auto","background-attachment":"scroll","background-type":"","background-media":"","overlay-type":"","overlay-color":"","overlay-gradient":""}},"ast-content-background-meta":{"desktop":{"background-color":"var(--ast-global-color-5)","background-image":"","background-repeat":"repeat","background-position":"center center","background-size":"auto","background-attachment":"scroll","background-type":"","background-media":"","overlay-type":"","overlay-color":"","overlay-gradient":""},"tablet":{"background-color":"var(--ast-global-color-5)","background-image":"","background-repeat":"repeat","background-position":"center center","background-size":"auto","background-attachment":"scroll","background-type":"","background-media":"","overlay-type":"","overlay-color":"","overlay-gradient":""},"mobile":{"background-color":"var(--ast-global-color-5)","background-image":"","background-repeat":"repeat","background-position":"center center","background-size":"auto","background-attachment":"scroll","background-type":"","background-media":"","overlay-type":"","overlay-color":"","overlay-gradient":""}},"footnotes":""},"categories":[1816,3538,2224,981,12909],"tags":[129682,44897,47832,28509,23283,129683],"class_list":["post-58680","post","type-post","status-publish","format-standard","hentry","category-historia-contemporanea","category-historia-de-las-ideas-politicas","category-historia-local","category-historia-regional","category-pais-vasco-euskal-herriko-unibertsitatea","tag-fernando-estomba-echepare","tag-francisco-javier-caspistegui-gorasurreta","tag-javier-diaz-noci","tag-jose-luis-de-la-granja-sainz","tag-santiago-de-pablo-contreras","tag-w-walton-john"],"_links":{"self":[{"href":"https:\/\/www.deberes.net\/tesis\/wp-json\/wp\/v2\/posts\/58680","targetHints":{"allow":["GET"]}}],"collection":[{"href":"https:\/\/www.deberes.net\/tesis\/wp-json\/wp\/v2\/posts"}],"about":[{"href":"https:\/\/www.deberes.net\/tesis\/wp-json\/wp\/v2\/types\/post"}],"author":[{"embeddable":true,"href":"https:\/\/www.deberes.net\/tesis\/wp-json\/wp\/v2\/users\/1"}],"replies":[{"embeddable":true,"href":"https:\/\/www.deberes.net\/tesis\/wp-json\/wp\/v2\/comments?post=58680"}],"version-history":[{"count":0,"href":"https:\/\/www.deberes.net\/tesis\/wp-json\/wp\/v2\/posts\/58680\/revisions"}],"wp:attachment":[{"href":"https:\/\/www.deberes.net\/tesis\/wp-json\/wp\/v2\/media?parent=58680"}],"wp:term":[{"taxonomy":"category","embeddable":true,"href":"https:\/\/www.deberes.net\/tesis\/wp-json\/wp\/v2\/categories?post=58680"},{"taxonomy":"post_tag","embeddable":true,"href":"https:\/\/www.deberes.net\/tesis\/wp-json\/wp\/v2\/tags?post=58680"}],"curies":[{"name":"wp","href":"https:\/\/api.w.org\/{rel}","templated":true}]}}