{"id":58724,"date":"2018-03-09T22:46:34","date_gmt":"2018-03-09T22:46:34","guid":{"rendered":"https:\/\/www.deberes.net\/tesis\/sin-categoria\/teorias-politicas-y-practicas-en-educacion-intercultural-el-caso-de-los-nuevos-escenarios-y-desafios-creados-por-la-migracion-peruana-en-el-chile-de-hoy\/"},"modified":"2018-03-09T22:46:34","modified_gmt":"2018-03-09T22:46:34","slug":"teorias-politicas-y-practicas-en-educacion-intercultural-el-caso-de-los-nuevos-escenarios-y-desafios-creados-por-la-migracion-peruana-en-el-chile-de-hoy","status":"publish","type":"post","link":"https:\/\/www.deberes.net\/tesis\/antropologia-cultural\/teorias-politicas-y-practicas-en-educacion-intercultural-el-caso-de-los-nuevos-escenarios-y-desafios-creados-por-la-migracion-peruana-en-el-chile-de-hoy\/","title":{"rendered":"Teorias, politicas y practicas en educacion intercultural. el caso de los nuevos escenarios y desafios creados por la migracion peruana en el chile de hoy."},"content":{"rendered":"<h2>Tesis doctoral de <strong> Rolando Poblete Melis <\/strong><\/h2>\n<p>Educaci\u00f3n intercultural: teor\u00edas, pol\u00edticas y pr\u00e1cticas. La migraci\u00f3n peruana en el chile de hoy. Nuevos escenarios y desaf\u00edos para la integraci\u00f3n. autor: rolando poblete melis tesis doctoral dirigida por la dra. Silvia carrasco chile, que durante la d\u00e9cada del 90 del siglo pasado, se ha transformado en polo de atracci\u00f3n para diversos grupos migrantes provenientes de la regi\u00f3n latinoamericana, especialmente peruanos quienes actualmente son el colectivo de mayor presencia en el pa\u00eds. Este fen\u00f3meno ha provocado el surgimiento de actitudes de discriminaci\u00f3n, xenofobia y racismo de parte de la poblaci\u00f3n chilena. De ah\u00ed la importancia que adquiere la educaci\u00f3n intercultural en nuestra sociedad, como mecanismo para promover desde la escuela relaciones mucho m\u00e1s solidarias y democr\u00e1ticas basadas en la aceptaci\u00f3n y el respeto mutuo. en tal sentido, esta investigaci\u00f3n se centra en tres \u00e1mbitos de discusi\u00f3n relacionados entre s\u00ed: por un lado, lo referido al tratamiento te\u00f3rico de la educaci\u00f3n intercultural, luego, su abordaje pol\u00edtico y, por \u00faltimo, la presentaci\u00f3n de una de etnograf\u00eda que describe tanto los temas asociados a la presencia de los peruanos en chile, como lo que ocurre en dos centros educativos de la comuna de santiago que reciben estudiantes de esa nacionalidad.  la primera parte presenta una reflexi\u00f3n te\u00f3rico-educativa, se\u00f1alando las justificaciones que desde la realidad escolar otorgan pertinencia y sentido a la educaci\u00f3n intercultural. Tambi\u00e9n se recurre a la forma en que la antropolog\u00eda ha abordado los temas educativos y el recorrido te\u00f3rico de la disciplina. En el intento por definir y acotar este \u00e1mbito, dos son los aspectos fundamentales que se desarrollan: el primero de ellos apunta a mostrar la importancia del conflicto cultural que se da al interior de las escuelas con presencia de grupos diversos, luego, y como consecuencia de ese acontecer, el problema de la desigualdad social que padecen quienes se adscribe<\/p>\n<p>&nbsp;<\/p>\n<h3>Datos acad\u00e9micos de la tesis doctoral \u00ab<strong>Teorias, politicas y practicas en educacion intercultural. el caso de los nuevos escenarios y desafios creados por la migracion peruana en el chile de hoy.<\/strong>\u00ab<\/h3>\n<ul>\n<li><strong>T\u00edtulo de la tesis:<\/strong>\u00a0 Teorias, politicas y practicas en educacion intercultural. el caso de los nuevos escenarios y desafios creados por la migracion peruana en el chile de hoy. <\/li>\n<li><strong>Autor:<\/strong>\u00a0 Rolando Poblete Melis <\/li>\n<li><strong>Universidad:<\/strong>\u00a0 Aut\u00f3noma de barcelona<\/li>\n<li><strong>Fecha de lectura de la tesis:<\/strong>\u00a0 30\/05\/2007<\/li>\n<\/ul>\n<p>&nbsp;<\/p>\n<h3>Direcci\u00f3n y tribunal<\/h3>\n<ul>\n<li><strong>Director de la tesis<\/strong>\n<ul>\n<li>Silvia Carrasco<\/li>\n<\/ul>\n<\/li>\n<li><strong>Tribunal<\/strong>\n<ul>\n<li>Presidente del tribunal: gunther Dietz <\/li>\n<li>xavier Besalu (vocal)<\/li>\n<li>dolores Juliano (vocal)<\/li>\n<li>nuria Simo (vocal)<\/li>\n<\/ul>\n<\/li>\n<\/ul>\n<p>&nbsp;<\/p>\n","protected":false},"excerpt":{"rendered":"<p>Tesis doctoral de Rolando Poblete Melis Educaci\u00f3n intercultural: teor\u00edas, pol\u00edticas y pr\u00e1cticas. La migraci\u00f3n peruana en el chile de hoy. [&hellip;]<\/p>\n","protected":false},"author":1,"featured_media":0,"comment_status":"open","ping_status":"open","sticky":false,"template":"","format":"standard","meta":{"site-sidebar-layout":"default","site-content-layout":"","ast-site-content-layout":"","site-content-style":"default","site-sidebar-style":"default","ast-global-header-display":"","ast-banner-title-visibility":"","ast-main-header-display":"","ast-hfb-above-header-display":"","ast-hfb-below-header-display":"","ast-hfb-mobile-header-display":"","site-post-title":"","ast-breadcrumbs-content":"","ast-featured-img":"","footer-sml-layout":"","theme-transparent-header-meta":"","adv-header-id-meta":"","stick-header-meta":"","header-above-stick-meta":"","header-main-stick-meta":"","header-below-stick-meta":"","astra-migrate-meta-layouts":"default","ast-page-background-enabled":"default","ast-page-background-meta":{"desktop":{"background-color":"var(--ast-global-color-4)","background-image":"","background-repeat":"repeat","background-position":"center center","background-size":"auto","background-attachment":"scroll","background-type":"","background-media":"","overlay-type":"","overlay-color":"","overlay-gradient":""},"tablet":{"background-color":"","background-image":"","background-repeat":"repeat","background-position":"center center","background-size":"auto","background-attachment":"scroll","background-type":"","background-media":"","overlay-type":"","overlay-color":"","overlay-gradient":""},"mobile":{"background-color":"","background-image":"","background-repeat":"repeat","background-position":"center center","background-size":"auto","background-attachment":"scroll","background-type":"","background-media":"","overlay-type":"","overlay-color":"","overlay-gradient":""}},"ast-content-background-meta":{"desktop":{"background-color":"var(--ast-global-color-5)","background-image":"","background-repeat":"repeat","background-position":"center center","background-size":"auto","background-attachment":"scroll","background-type":"","background-media":"","overlay-type":"","overlay-color":"","overlay-gradient":""},"tablet":{"background-color":"var(--ast-global-color-5)","background-image":"","background-repeat":"repeat","background-position":"center center","background-size":"auto","background-attachment":"scroll","background-type":"","background-media":"","overlay-type":"","overlay-color":"","overlay-gradient":""},"mobile":{"background-color":"var(--ast-global-color-5)","background-image":"","background-repeat":"repeat","background-position":"center center","background-size":"auto","background-attachment":"scroll","background-type":"","background-media":"","overlay-type":"","overlay-color":"","overlay-gradient":""}},"footnotes":""},"categories":[983,2720],"tags":[87361,74482,129780,129777,129778,129779],"class_list":["post-58724","post","type-post","status-publish","format-standard","hentry","category-antropologia-cultural","category-antropologia-social","tag-dolores-juliano","tag-gunther-dietz","tag-nuria-simo","tag-rolando-poblete-melis","tag-silvia-carrasco","tag-xavier-besalu"],"_links":{"self":[{"href":"https:\/\/www.deberes.net\/tesis\/wp-json\/wp\/v2\/posts\/58724","targetHints":{"allow":["GET"]}}],"collection":[{"href":"https:\/\/www.deberes.net\/tesis\/wp-json\/wp\/v2\/posts"}],"about":[{"href":"https:\/\/www.deberes.net\/tesis\/wp-json\/wp\/v2\/types\/post"}],"author":[{"embeddable":true,"href":"https:\/\/www.deberes.net\/tesis\/wp-json\/wp\/v2\/users\/1"}],"replies":[{"embeddable":true,"href":"https:\/\/www.deberes.net\/tesis\/wp-json\/wp\/v2\/comments?post=58724"}],"version-history":[{"count":0,"href":"https:\/\/www.deberes.net\/tesis\/wp-json\/wp\/v2\/posts\/58724\/revisions"}],"wp:attachment":[{"href":"https:\/\/www.deberes.net\/tesis\/wp-json\/wp\/v2\/media?parent=58724"}],"wp:term":[{"taxonomy":"category","embeddable":true,"href":"https:\/\/www.deberes.net\/tesis\/wp-json\/wp\/v2\/categories?post=58724"},{"taxonomy":"post_tag","embeddable":true,"href":"https:\/\/www.deberes.net\/tesis\/wp-json\/wp\/v2\/tags?post=58724"}],"curies":[{"name":"wp","href":"https:\/\/api.w.org\/{rel}","templated":true}]}}