{"id":58742,"date":"2018-03-09T22:46:34","date_gmt":"2018-03-09T22:46:34","guid":{"rendered":"https:\/\/www.deberes.net\/tesis\/sin-categoria\/analisis-de-la-eficacia-de-un-programa-de-intervencion-psicologica-para-mujeres-con-bulimina-nerviosa\/"},"modified":"2018-03-09T22:46:34","modified_gmt":"2018-03-09T22:46:34","slug":"analisis-de-la-eficacia-de-un-programa-de-intervencion-psicologica-para-mujeres-con-bulimina-nerviosa","status":"publish","type":"post","link":"https:\/\/www.deberes.net\/tesis\/sin-categoria\/analisis-de-la-eficacia-de-un-programa-de-intervencion-psicologica-para-mujeres-con-bulimina-nerviosa\/","title":{"rendered":"An\u00e1lisis de la eficacia de un programa de intervenci\u00f3n psicol\u00f3gica para mujeres con bulimina nerviosa."},"content":{"rendered":"<h2>Tesis doctoral de <strong>  Mart\u00ednez Castro M. Isabel <\/strong><\/h2>\n<p>La terap\u00e9utica aplicada a la bulimia nerviosa ha sido ampl\u00eda y variedad incluyendo terapias interpersonales, psicoeducativas, cognitivo-conductuales, exposici\u00f3n y revenci\u00f3n de respuesta, grupos de ayuda mutua y tratamientos farmacol\u00f3gicos.     en los \u00faltimos a\u00f1os, los tratamientos probados como eficaces son los tratamientos cognitivo-conductuales, especialmente aquel derivado de la primera aproximaci\u00f3n de fairbum en oxford (fairburn, 1981). los 3 componentes principales que lo conforman son la modificaci\u00f3n del comportamiento alimentario, la modificaci\u00f3n de las ideas irracionales y la intervenci\u00f3n sobre la imagen corporal. Se ha comprobado que se desconoce la aportaci\u00f3n concreta de cada uno de los componentes. para ello, la presente investigaci\u00f3n pretende adaptar el progrma de fairburn en tres programas de tratamiento, d\u00f3nde se combinen dichos componentes, pudiendo as\u00ed conocer la eficacia espec\u00edfica de cada uno de ello a corto y largo plazo. participaron 33 mujeres, 10 de las cuales formaron parte del grupo \u00abalimentaci\u00f3n + cognici\u00f3n\u00bb, 11 de ellas del grupo \u00abalimentaci\u00f3n + imagen\u00bb y las 12 restantes del grupo \u00abcognici\u00f3n + imagen\u00bb. los resultados indican que los tres tratamientos propuestos resultan eficaces en la reducci\u00f3n de la sintomatolog\u00eda propia y asociada al trastorno. sin embargo, aquellos grupos que incluyen el m\u00f3dulo \u00abalimentaci\u00f3n\u00bb producen mejores resultados a corto plazo en variables conducutales, mientras que a largo plazo, son las pacientes a los grupos que incluyen los m\u00f3dulos \u00abcognici\u00f3n\u00bb e \u00abimagen\u00bb las que consiguen mejores puntuaciones en las variables cognitivas y relacionadas con la imagen corporal, igualando los resultados de las variables conductuales frente al m\u00f3dulo \u00abalimentaci\u00f3n\u00bb.  de esa manera, podr\u00eda ser \u00fatil elegir la combinaci\u00f3n m\u00e1s id\u00f3nea para cada paciente, en funci\u00f3n de sus necesidades idiosincr\u00e1sicas.<\/p>\n<p>&nbsp;<\/p>\n<h3>Datos acad\u00e9micos de la tesis doctoral \u00ab<strong>An\u00e1lisis de la eficacia de un programa de intervenci\u00f3n psicol\u00f3gica para mujeres con bulimina nerviosa.<\/strong>\u00ab<\/h3>\n<ul>\n<li><strong>T\u00edtulo de la tesis:<\/strong>\u00a0 An\u00e1lisis de la eficacia de un programa de intervenci\u00f3n psicol\u00f3gica para mujeres con bulimina nerviosa. <\/li>\n<li><strong>Autor:<\/strong>\u00a0  Mart\u00ednez Castro M. Isabel <\/li>\n<li><strong>Universidad:<\/strong>\u00a0 Complutense de Madrid<\/li>\n<li><strong>Fecha de lectura de la tesis:<\/strong>\u00a0 31\/05\/2007<\/li>\n<\/ul>\n<p>&nbsp;<\/p>\n<h3>Direcci\u00f3n y tribunal<\/h3>\n<ul>\n<li><strong>Director de la tesis<\/strong>\n<ul>\n<li>Mar\u00eda Crespo L\u00f3pez<\/li>\n<\/ul>\n<\/li>\n<li><strong>Tribunal<\/strong>\n<ul>\n<li>Presidente del tribunal: Francisco Labrador encimas <\/li>\n<li>Mar\u00eda del carmen Salda\u00f1a garcia (vocal)<\/li>\n<li>Miguel angel Vallejo pareja (vocal)<\/li>\n<li> G\u00f3mez Martinez Mar\u00eda  angeles (vocal)<\/li>\n<\/ul>\n<\/li>\n<\/ul>\n<p>&nbsp;<\/p>\n","protected":false},"excerpt":{"rendered":"<p>Tesis doctoral de Mart\u00ednez Castro M. Isabel La terap\u00e9utica aplicada a la bulimia nerviosa ha sido ampl\u00eda y variedad incluyendo [&hellip;]<\/p>\n","protected":false},"author":1,"featured_media":0,"comment_status":"open","ping_status":"open","sticky":false,"template":"","format":"standard","meta":{"site-sidebar-layout":"default","site-content-layout":"","ast-site-content-layout":"","site-content-style":"default","site-sidebar-style":"default","ast-global-header-display":"","ast-banner-title-visibility":"","ast-main-header-display":"","ast-hfb-above-header-display":"","ast-hfb-below-header-display":"","ast-hfb-mobile-header-display":"","site-post-title":"","ast-breadcrumbs-content":"","ast-featured-img":"","footer-sml-layout":"","theme-transparent-header-meta":"","adv-header-id-meta":"","stick-header-meta":"","header-above-stick-meta":"","header-main-stick-meta":"","header-below-stick-meta":"","astra-migrate-meta-layouts":"default","ast-page-background-enabled":"default","ast-page-background-meta":{"desktop":{"background-color":"var(--ast-global-color-4)","background-image":"","background-repeat":"repeat","background-position":"center center","background-size":"auto","background-attachment":"scroll","background-type":"","background-media":"","overlay-type":"","overlay-color":"","overlay-gradient":""},"tablet":{"background-color":"","background-image":"","background-repeat":"repeat","background-position":"center center","background-size":"auto","background-attachment":"scroll","background-type":"","background-media":"","overlay-type":"","overlay-color":"","overlay-gradient":""},"mobile":{"background-color":"","background-image":"","background-repeat":"repeat","background-position":"center center","background-size":"auto","background-attachment":"scroll","background-type":"","background-media":"","overlay-type":"","overlay-color":"","overlay-gradient":""}},"ast-content-background-meta":{"desktop":{"background-color":"var(--ast-global-color-5)","background-image":"","background-repeat":"repeat","background-position":"center center","background-size":"auto","background-attachment":"scroll","background-type":"","background-media":"","overlay-type":"","overlay-color":"","overlay-gradient":""},"tablet":{"background-color":"var(--ast-global-color-5)","background-image":"","background-repeat":"repeat","background-position":"center center","background-size":"auto","background-attachment":"scroll","background-type":"","background-media":"","overlay-type":"","overlay-color":"","overlay-gradient":""},"mobile":{"background-color":"var(--ast-global-color-5)","background-image":"","background-repeat":"repeat","background-position":"center center","background-size":"auto","background-attachment":"scroll","background-type":"","background-media":"","overlay-type":"","overlay-color":"","overlay-gradient":""}},"footnotes":""},"categories":[1],"tags":[129815,117425,62406,1178,14369,7306],"class_list":["post-58742","post","type-post","status-publish","format-standard","hentry","category-sin-categoria","tag-francisco-labrador-encimas","tag-gomez-Martinez-maria-angeles","tag-maria-crespo-lopez","tag-maria-del-carmen-saldana-garcia","tag-Martinez-castro-m-isabel","tag-miguel-angel-vallejo-pareja"],"_links":{"self":[{"href":"https:\/\/www.deberes.net\/tesis\/wp-json\/wp\/v2\/posts\/58742","targetHints":{"allow":["GET"]}}],"collection":[{"href":"https:\/\/www.deberes.net\/tesis\/wp-json\/wp\/v2\/posts"}],"about":[{"href":"https:\/\/www.deberes.net\/tesis\/wp-json\/wp\/v2\/types\/post"}],"author":[{"embeddable":true,"href":"https:\/\/www.deberes.net\/tesis\/wp-json\/wp\/v2\/users\/1"}],"replies":[{"embeddable":true,"href":"https:\/\/www.deberes.net\/tesis\/wp-json\/wp\/v2\/comments?post=58742"}],"version-history":[{"count":0,"href":"https:\/\/www.deberes.net\/tesis\/wp-json\/wp\/v2\/posts\/58742\/revisions"}],"wp:attachment":[{"href":"https:\/\/www.deberes.net\/tesis\/wp-json\/wp\/v2\/media?parent=58742"}],"wp:term":[{"taxonomy":"category","embeddable":true,"href":"https:\/\/www.deberes.net\/tesis\/wp-json\/wp\/v2\/categories?post=58742"},{"taxonomy":"post_tag","embeddable":true,"href":"https:\/\/www.deberes.net\/tesis\/wp-json\/wp\/v2\/tags?post=58742"}],"curies":[{"name":"wp","href":"https:\/\/api.w.org\/{rel}","templated":true}]}}