{"id":58743,"date":"2018-03-09T22:46:34","date_gmt":"2018-03-09T22:46:34","guid":{"rendered":"https:\/\/www.deberes.net\/tesis\/sin-categoria\/analisis-cra%c2%adtico-a-la-gestion-informativa-desempenada-por-los-diarios-el-paa%c2%ads-abc-y-la-razon-durante-los-sucesos-del-11-m\/"},"modified":"2018-03-09T22:46:34","modified_gmt":"2018-03-09T22:46:34","slug":"analisis-cra%c2%adtico-a-la-gestion-informativa-desempenada-por-los-diarios-el-paa%c2%ads-abc-y-la-razon-durante-los-sucesos-del-11-m","status":"publish","type":"post","link":"https:\/\/www.deberes.net\/tesis\/sin-categoria\/analisis-cra%c2%adtico-a-la-gestion-informativa-desempenada-por-los-diarios-el-paa%c2%ads-abc-y-la-razon-durante-los-sucesos-del-11-m\/","title":{"rendered":"An\u00e1lisis cr\u00edtico a la gesti\u00f3n informativa desempe\u00f1ada por los diarios el pa\u00eds, abc y la raz\u00f3n, durante los sucesos del 11-m"},"content":{"rendered":"<h2>Tesis doctoral de <strong> Julio Enrique Carvajal Rivera <\/strong><\/h2>\n<p>El estudio est\u00e1 inmerso en los tr\u00e1gicos acontecimientos ocurridos en torno a los atentados del 11 de marzo de 2004, en Madrid, cuyas consecuencias de muerte, como tambi\u00e9n pol\u00edticas y sociales, contin\u00faan debati\u00e9ndose en espa\u00f1a y en otros pa\u00edses democr\u00e1ticos de occidente.     el estudio, adem\u00e1s de enmarcarse conceptualmente en los fundamentos de las ciencias de la informaci\u00f3n, mediante una novedosa metodolog\u00eda de investigaci\u00f3n cualitativa, describe t\u00e9cnicamente la actuaci\u00f3n que desempe\u00f1aron los peri\u00f3dicos el pa\u00eds, abc y la raz\u00f3n, en ese contexto de excepci\u00f3n nacional, procurando observar ajustadamente sus procesos de producci\u00f3n period\u00edstica, sus columnas editoriales de opini\u00f3n, y los testimonios de los propios periodistas que tuvieron a cargo esa gesti\u00f3n.     aporta un conjunto de antecedentes relacionados con el tema, una considerable bibliograf\u00eda, sitios de informaci\u00f3n oficial  electr\u00f3nicos, adjuntando informes hemerogr\u00e1ficos y entrevistas a los protagonistas. De todo ello, el autor deduce consideraciones profesionales, empresariales, pol\u00edticas y sociales, referidos al estado de la prensa escrita en aquel intenso periodo de crisis social vivido en espa\u00f1a.<\/p>\n<p>&nbsp;<\/p>\n<h3>Datos acad\u00e9micos de la tesis doctoral \u00ab<strong>An\u00e1lisis cr\u00edtico a la gesti\u00f3n informativa desempe\u00f1ada por los diarios el pa\u00eds, abc y la raz\u00f3n, durante los sucesos del 11-m<\/strong>\u00ab<\/h3>\n<ul>\n<li><strong>T\u00edtulo de la tesis:<\/strong>\u00a0 An\u00e1lisis cr\u00edtico a la gesti\u00f3n informativa desempe\u00f1ada por los diarios el pa\u00eds, abc y la raz\u00f3n, durante los sucesos del 11-m <\/li>\n<li><strong>Autor:<\/strong>\u00a0 Julio Enrique Carvajal Rivera <\/li>\n<li><strong>Universidad:<\/strong>\u00a0 Complutense de Madrid<\/li>\n<li><strong>Fecha de lectura de la tesis:<\/strong>\u00a0 31\/05\/2007<\/li>\n<\/ul>\n<p>&nbsp;<\/p>\n<h3>Direcci\u00f3n y tribunal<\/h3>\n<ul>\n<li><strong>Director de la tesis<\/strong>\n<ul>\n<li>M. Dolores Rodr\u00edguez Barba<\/li>\n<\/ul>\n<\/li>\n<li><strong>Tribunal<\/strong>\n<ul>\n<li>Presidente del tribunal: pedro Fa\u00f1os Garc\u00eda <\/li>\n<li>alfonso De la quintana Garc\u00eda-p\u00e9rez (vocal)<\/li>\n<li>alejandro Navas garcia (vocal)<\/li>\n<li>  (vocal)<\/li>\n<\/ul>\n<\/li>\n<\/ul>\n<p>&nbsp;<\/p>\n","protected":false},"excerpt":{"rendered":"<p>Tesis doctoral de Julio Enrique Carvajal Rivera El estudio est\u00e1 inmerso en los tr\u00e1gicos acontecimientos ocurridos en torno a los [&hellip;]<\/p>\n","protected":false},"author":1,"featured_media":0,"comment_status":"open","ping_status":"open","sticky":false,"template":"","format":"standard","meta":{"site-sidebar-layout":"default","site-content-layout":"","ast-site-content-layout":"","site-content-style":"default","site-sidebar-style":"default","ast-global-header-display":"","ast-banner-title-visibility":"","ast-main-header-display":"","ast-hfb-above-header-display":"","ast-hfb-below-header-display":"","ast-hfb-mobile-header-display":"","site-post-title":"","ast-breadcrumbs-content":"","ast-featured-img":"","footer-sml-layout":"","theme-transparent-header-meta":"","adv-header-id-meta":"","stick-header-meta":"","header-above-stick-meta":"","header-main-stick-meta":"","header-below-stick-meta":"","astra-migrate-meta-layouts":"default","ast-page-background-enabled":"default","ast-page-background-meta":{"desktop":{"background-color":"var(--ast-global-color-4)","background-image":"","background-repeat":"repeat","background-position":"center center","background-size":"auto","background-attachment":"scroll","background-type":"","background-media":"","overlay-type":"","overlay-color":"","overlay-gradient":""},"tablet":{"background-color":"","background-image":"","background-repeat":"repeat","background-position":"center center","background-size":"auto","background-attachment":"scroll","background-type":"","background-media":"","overlay-type":"","overlay-color":"","overlay-gradient":""},"mobile":{"background-color":"","background-image":"","background-repeat":"repeat","background-position":"center center","background-size":"auto","background-attachment":"scroll","background-type":"","background-media":"","overlay-type":"","overlay-color":"","overlay-gradient":""}},"ast-content-background-meta":{"desktop":{"background-color":"var(--ast-global-color-5)","background-image":"","background-repeat":"repeat","background-position":"center center","background-size":"auto","background-attachment":"scroll","background-type":"","background-media":"","overlay-type":"","overlay-color":"","overlay-gradient":""},"tablet":{"background-color":"var(--ast-global-color-5)","background-image":"","background-repeat":"repeat","background-position":"center center","background-size":"auto","background-attachment":"scroll","background-type":"","background-media":"","overlay-type":"","overlay-color":"","overlay-gradient":""},"mobile":{"background-color":"var(--ast-global-color-5)","background-image":"","background-repeat":"repeat","background-position":"center center","background-size":"auto","background-attachment":"scroll","background-type":"","background-media":"","overlay-type":"","overlay-color":"","overlay-gradient":""}},"footnotes":""},"categories":[1],"tags":[62680,7237,129816,55558,129817],"class_list":["post-58743","post","type-post","status-publish","format-standard","hentry","category-sin-categoria","tag-alejandro-navas-garcia","tag-alfonso-de-la-quintana-garcia-perez","tag-julio-enrique-carvajal-rivera","tag-m-dolores-rodriguez-barba","tag-pedro-fanos-garcia"],"_links":{"self":[{"href":"https:\/\/www.deberes.net\/tesis\/wp-json\/wp\/v2\/posts\/58743","targetHints":{"allow":["GET"]}}],"collection":[{"href":"https:\/\/www.deberes.net\/tesis\/wp-json\/wp\/v2\/posts"}],"about":[{"href":"https:\/\/www.deberes.net\/tesis\/wp-json\/wp\/v2\/types\/post"}],"author":[{"embeddable":true,"href":"https:\/\/www.deberes.net\/tesis\/wp-json\/wp\/v2\/users\/1"}],"replies":[{"embeddable":true,"href":"https:\/\/www.deberes.net\/tesis\/wp-json\/wp\/v2\/comments?post=58743"}],"version-history":[{"count":0,"href":"https:\/\/www.deberes.net\/tesis\/wp-json\/wp\/v2\/posts\/58743\/revisions"}],"wp:attachment":[{"href":"https:\/\/www.deberes.net\/tesis\/wp-json\/wp\/v2\/media?parent=58743"}],"wp:term":[{"taxonomy":"category","embeddable":true,"href":"https:\/\/www.deberes.net\/tesis\/wp-json\/wp\/v2\/categories?post=58743"},{"taxonomy":"post_tag","embeddable":true,"href":"https:\/\/www.deberes.net\/tesis\/wp-json\/wp\/v2\/tags?post=58743"}],"curies":[{"name":"wp","href":"https:\/\/api.w.org\/{rel}","templated":true}]}}